{"id":125221,"date":"2025-12-25T02:33:18","date_gmt":"2025-12-25T02:33:18","guid":{"rendered":"https:\/\/www.europesays.com\/fi\/125221\/"},"modified":"2025-12-25T02:33:18","modified_gmt":"2025-12-25T02:33:18","slug":"urheilijalegenda-lindsey-vonnilta-41-valtava-paljastus-tarpeeksi-noppaa-heitetty","status":"publish","type":"post","link":"https:\/\/www.europesays.com\/fi\/125221\/","title":{"rendered":"Urheilijalegenda Lindsey Vonnilta, 41, valtava paljastus &#8211; &#8221;Tarpeeksi noppaa heitetty&#8221;"},"content":{"rendered":"<p> Lindsey Vonn vakuuttaa, ett\u00e4 t\u00e4m\u00e4 kausi on oikeasti uran viimeinen.\u00a0Kuva: All Over Press<\/p>\n<p>  <img loading=\"lazy\" alt=\"\" src=\"https:\/\/www.europesays.com\/fi\/wp-content\/uploads\/2025\/12\/2d2ac55364334e04f969f348ff14fe9ab12fc80d4dfacd52e25a024feae8d5ef\"  class=\"lazyload avatar avatar-96 photo\" height=\"96\" width=\"96\" decoding=\"async\"\/> <\/p>\n<p> <strong>Joni Ahokas<\/strong> | 23.12.2025 | 22.15<\/p>\n<p><strong>Historiaa tehnyt alppihiihdon legenda Lindsey Vonn edustaa Yhdysvaltoja Milano-Cortinan olympialaisissa.<\/strong><\/p>\n<p><strong>Lindsey Vonn<\/strong>, 41, l\u00e4htee edustamaan Yhdysvaltoja Milano-Cort\u00ednan talviolympialaisiin helmikuussa 2026. Alppihiihdon supert\u00e4hden paikka vahvistettiin tiistaina.<\/p>\n<p>Vonn teki viikko sitten historiaa olympiakauden ensimm\u00e4isess\u00e4 maailmancupin kilpailussaan Sveitsiss\u00e4 St. Moritzissa. H\u00e4nest\u00e4 tuli kaikkien kaikkien aikojen vanhin alppihiiht\u00e4j\u00e4, joka on voittanut maailmancupin osakilpailun.<\/p>\n<p>Vonn voitti Sveitsiss\u00e4 maailmancupin sy\u00f6ksykilpailun t\u00e4ysin ylivoimaisesti. It\u00e4vallan <strong>Magdalena Eggert<\/strong> j\u00e4i h\u00e4nest\u00e4 per\u00e4ti 0,98 sekuntia.<\/p>\n<p>Von oli mukana my\u00f6s Ranskassa Val d\u2019Iseren osakilpailussa saman viikon aikana ja sijoittui sy\u00f6ksylaskussa kolmanneksi lauantaina.<\/p>\n<p>Vuonna 2019 uransa jo lopettanut Vonn palasi kilpailemaan maailmancupissa vuosi sitten. Kuuden vuoden tauon taustalla olivat vakavat polviongelmat.<\/p>\n<p>Vonnille oli t\u00e4rke\u00e4\u00e4, ett\u00e4 h\u00e4n saavuttaisi olympiapaikan omilla suorituksillaan, eik\u00e4 vanhoilla meriiteill\u00e4. Kansallisen hallintoelimen kriteerit olisivat sallineet Vonnille vaihtoehtoisen polun kisoihin, mik\u00e4li t\u00e4m\u00e4n hetken kilpataso ei olisi riitt\u00e4nyt.<\/p>\n<p>\u2013 Oli hyvin t\u00e4rke\u00e4\u00e4, ett\u00e4 p\u00e4\u00e4sin mukaan omilla suorituksillani ja t\u00e4m\u00e4n kauden tuloksilla. Ei sen perusteella, mit\u00e4 olen tehnyt aiemmin. Minun t\u00e4ytyi ansaita paikkani hiihdoillani. Olen siit\u00e4 hyvin ylpe\u00e4, Vonn iloitsi <a href=\"https:\/\/www.nytimes.com\/athletic\/6911854\/2025\/12\/23\/lindsey-vonn-qualifies-2026-winter-olympics\/\" data-type=\"link\" data-id=\"https:\/\/www.nytimes.com\/athletic\/6911854\/2025\/12\/23\/lindsey-vonn-qualifies-2026-winter-olympics\/\" target=\"_blank\" rel=\"noopener noreferrer nofollow\">Athleticin<\/a> haastattelussa.<\/p>\n<p>Artikkeli jatkuu upotuksen j\u00e4lkeen.<\/p>\n<p>Virallisesti viimeinen kausi<\/p>\n<p>Vonn on kaikkien aikojen menestyneimpi\u00e4 alppihiiht\u00e4ji\u00e4. H\u00e4n on voittanut pitk\u00e4ll\u00e4 urallaan yhteens\u00e4 11 arvokisamitalia.<\/p>\n<p>Vonn juhli sy\u00f6ksylaskun olympiakultaa Vancouverissa 2010. Yhdysvaltalainen voitti my\u00f6s sy\u00f6ksylaskun ja Super-G:n maailmanmestaruuden Val d\u2019Iseress\u00e4 2009.<\/p>\n<p>Vonn on voittanut my\u00f6s olympiatasolla kaksi pronssimitalia (Super-G Vancouver 2010 ja sy\u00f6ksylasku Pyeongchang 2018). MM-tasolla h\u00e4n on ylt\u00e4nyt hopealle kolmesti ja pronssimitaleja saman verran.<\/p>\n<p>Vonn on valloittanut my\u00f6s alppihiihdon maailmancupin kokonaiskilpailun nelj\u00e4 kertaa vuosien 2008-2012 v\u00e4lill\u00e4.<\/p>\n<p>Vonn paljastaa Athleticille jatkavansa t\u00e4m\u00e4n kilpakauden loppuun olympialaisten p\u00e4\u00e4tytty\u00e4. Sen j\u00e4lkeen yhdysvaltalaisikonin ura on virallisesti paketissa.<\/p>\n<p>\u2013 \u00d3len heitt\u00e4nyt t\u00e4m\u00e4n suhteen tarpeeksi noppaa asettaessani itseni t\u00e4h\u00e4n tilanteeseen 41-vuotiaana. T\u00e4ss\u00e4 on kyse yhdest\u00e4 kaudesta, viimeisest\u00e4 kaudestani. Tied\u00e4n tehneeni dokumentin \u201c<a href=\"https:\/\/www.imdb.com\/title\/tt11136006\/\" data-type=\"link\" data-id=\"https:\/\/www.imdb.com\/title\/tt11136006\/\" target=\"_blank\" rel=\"noopener noreferrer nofollow\">The Final Season\u201d<\/a> (vuonna 2019), mutta t\u00e4m\u00e4 on oikeasti se viimeinen kausi.<\/p>\n<p> Milano-Cortinan olympialaiset k\u00e4ynnistyv\u00e4t Italiassa 6.2.2026. Kisat kest\u00e4v\u00e4t 22.2 saakka.<\/p>\n","protected":false},"excerpt":{"rendered":"Lindsey Vonn vakuuttaa, ett\u00e4 t\u00e4m\u00e4 kausi on oikeasti uran viimeinen.\u00a0Kuva: All Over Press Joni Ahokas | 23.12.2025 |&hellip;\n","protected":false},"author":2,"featured_media":125222,"comment_status":"","ping_status":"","sticky":false,"template":"","format":"standard","meta":{"footnotes":""},"categories":[158],"tags":[33,31,30,159,32,160],"class_list":{"0":"post-125221","1":"post","2":"type-post","3":"status-publish","4":"format-standard","5":"has-post-thumbnail","7":"category-urheilu","8":"tag-fi","9":"tag-finland","10":"tag-finnish","11":"tag-sports","12":"tag-suomi","13":"tag-urheilu"},"share_on_mastodon":{"url":"https:\/\/pubeurope.com\/@fi\/115777870654286518","error":""},"_links":{"self":[{"href":"https:\/\/www.europesays.com\/fi\/wp-json\/wp\/v2\/posts\/125221","targetHints":{"allow":["GET"]}}],"collection":[{"href":"https:\/\/www.europesays.com\/fi\/wp-json\/wp\/v2\/posts"}],"about":[{"href":"https:\/\/www.europesays.com\/fi\/wp-json\/wp\/v2\/types\/post"}],"author":[{"embeddable":true,"href":"https:\/\/www.europesays.com\/fi\/wp-json\/wp\/v2\/users\/2"}],"replies":[{"embeddable":true,"href":"https:\/\/www.europesays.com\/fi\/wp-json\/wp\/v2\/comments?post=125221"}],"version-history":[{"count":0,"href":"https:\/\/www.europesays.com\/fi\/wp-json\/wp\/v2\/posts\/125221\/revisions"}],"wp:featuredmedia":[{"embeddable":true,"href":"https:\/\/www.europesays.com\/fi\/wp-json\/wp\/v2\/media\/125222"}],"wp:attachment":[{"href":"https:\/\/www.europesays.com\/fi\/wp-json\/wp\/v2\/media?parent=125221"}],"wp:term":[{"taxonomy":"category","embeddable":true,"href":"https:\/\/www.europesays.com\/fi\/wp-json\/wp\/v2\/categories?post=125221"},{"taxonomy":"post_tag","embeddable":true,"href":"https:\/\/www.europesays.com\/fi\/wp-json\/wp\/v2\/tags?post=125221"}],"curies":[{"name":"wp","href":"https:\/\/api.w.org\/{rel}","templated":true}]}}