{"id":125227,"date":"2025-12-25T02:39:09","date_gmt":"2025-12-25T02:39:09","guid":{"rendered":"https:\/\/www.europesays.com\/fi\/125227\/"},"modified":"2025-12-25T02:39:09","modified_gmt":"2025-12-25T02:39:09","slug":"liikenneonnettomuus-siilinjarvella-jalankulkija-loukkaantui-vakavasti-savo","status":"publish","type":"post","link":"https:\/\/www.europesays.com\/fi\/125227\/","title":{"rendered":"Liiken\u00adneon\u00adnet\u00adto\u00admuus Siilin\u00adj\u00e4r\u00advell\u00e4 \u2013 jalankulkija loukkaantui vakavasti | Savo"},"content":{"rendered":"<p>Siilinj\u00e4rvell\u00e4 tapahtui liikenneonnettomuus jouluaattoaamuna kello 7.45.<\/p>\n<p>Onnettomuus tapahtui Varpaisj\u00e4rventiell\u00e4, nelj\u00e4 kilometri\u00e4 Aappolasta Kolmisopen suuntaan.<\/p>\n<p>Varpaisj\u00e4rventiet\u00e4 Siilinj\u00e4rven suuntaan ajanut henkil\u00f6auto t\u00f6rm\u00e4si jalankulkijaan, joka loukkaantui vakavasti. Henkil\u00f6auton kuljettaja soitti h\u00e4t\u00e4keskukseen. Jalankulkija vietiin Kuopion yliopistolliseen sairaalaan.<\/p>\n<p>It\u00e4-Suomen poliisilaitoksen mukaan lumisateen takia olosuhteet olivat haastavat. Tapahtumien kulku ja onnettomuuteen johtaneet syyt ovat toistaiseksi ep\u00e4selvi\u00e4.<\/p>\n<p>Liikenne oli hetken aikaa poikki onnettomuuspaikalla. Nyt tiell\u00e4 p\u00e4\u00e4see kulkemaan normaalisti.<\/p>\n<p>Juttua p\u00e4ivitetty 24.12.2025 kello 9.36: Uutinen p\u00e4ivitetty kauttaaltaan.<\/p>\n","protected":false},"excerpt":{"rendered":"Siilinj\u00e4rvell\u00e4 tapahtui liikenneonnettomuus jouluaattoaamuna kello 7.45. Onnettomuus tapahtui Varpaisj\u00e4rventiell\u00e4, nelj\u00e4 kilometri\u00e4 Aappolasta Kolmisopen suuntaan. Varpaisj\u00e4rventiet\u00e4 Siilinj\u00e4rven suuntaan ajanut&hellip;\n","protected":false},"author":2,"featured_media":125228,"comment_status":"","ping_status":"","sticky":false,"template":"","format":"standard","meta":{"footnotes":""},"categories":[12],"tags":[22,23,26,27,33,31,30,17,24,25,121,28,29,15,18,21,3819,103,32,128,19,20,16],"class_list":{"0":"post-125227","1":"post","2":"type-post","3":"status-publish","4":"format-standard","5":"has-post-thumbnail","7":"category-suomi","8":"tag-breaking-news","9":"tag-breakingnews","10":"tag-featured-news","11":"tag-featurednews","12":"tag-fi","13":"tag-finland","14":"tag-finnish","15":"tag-headlines","16":"tag-latest-news","17":"tag-latestnews","18":"tag-liikenne-ja-kuljetus","19":"tag-main-news","20":"tag-mainnews","21":"tag-news","22":"tag-otsikot","23":"tag-paauutiset","24":"tag-siilinjarvi","25":"tag-sosiaalikysymykset","26":"tag-suomi","27":"tag-tieliikenne","28":"tag-top-stories","29":"tag-topstories","30":"tag-uutiset"},"share_on_mastodon":{"url":"https:\/\/pubeurope.com\/@fi\/115777894120299995","error":""},"_links":{"self":[{"href":"https:\/\/www.europesays.com\/fi\/wp-json\/wp\/v2\/posts\/125227","targetHints":{"allow":["GET"]}}],"collection":[{"href":"https:\/\/www.europesays.com\/fi\/wp-json\/wp\/v2\/posts"}],"about":[{"href":"https:\/\/www.europesays.com\/fi\/wp-json\/wp\/v2\/types\/post"}],"author":[{"embeddable":true,"href":"https:\/\/www.europesays.com\/fi\/wp-json\/wp\/v2\/users\/2"}],"replies":[{"embeddable":true,"href":"https:\/\/www.europesays.com\/fi\/wp-json\/wp\/v2\/comments?post=125227"}],"version-history":[{"count":0,"href":"https:\/\/www.europesays.com\/fi\/wp-json\/wp\/v2\/posts\/125227\/revisions"}],"wp:featuredmedia":[{"embeddable":true,"href":"https:\/\/www.europesays.com\/fi\/wp-json\/wp\/v2\/media\/125228"}],"wp:attachment":[{"href":"https:\/\/www.europesays.com\/fi\/wp-json\/wp\/v2\/media?parent=125227"}],"wp:term":[{"taxonomy":"category","embeddable":true,"href":"https:\/\/www.europesays.com\/fi\/wp-json\/wp\/v2\/categories?post=125227"},{"taxonomy":"post_tag","embeddable":true,"href":"https:\/\/www.europesays.com\/fi\/wp-json\/wp\/v2\/tags?post=125227"}],"curies":[{"name":"wp","href":"https:\/\/api.w.org\/{rel}","templated":true}]}}