{"id":125229,"date":"2025-12-25T02:40:35","date_gmt":"2025-12-25T02:40:35","guid":{"rendered":"https:\/\/www.europesays.com\/fi\/125229\/"},"modified":"2025-12-25T02:40:35","modified_gmt":"2025-12-25T02:40:35","slug":"australiassa-jouluihme-sydneyn-veriloylyssa-paahan-ammuttu-poliisi-kotiutui-sairaalasta-uutisia-lyhyesti","status":"publish","type":"post","link":"https:\/\/www.europesays.com\/fi\/125229\/","title":{"rendered":"Australiassa \u201djouluihme\u201d \u2013 Sydneyn veril\u00f6ylyss\u00e4 p\u00e4\u00e4h\u00e4n ammuttu poliisi kotiutui sairaalasta | Uutisia lyhyesti"},"content":{"rendered":"<p class=\"aw-1gybjub aw-5vja16 kEtdKx kmuxyA yle__article__paragraph\">22-vuotias Jack Hibbert on yksi kahdesta Bondi Beachin joukko\u00adampumisessa loukkaan\u00adtuneesta poliisista.<\/p>\n<p><img decoding=\"async\" alt=\"Ilmakuva Sydneyn Bondi Beachilta. Vedess\u00e4 veneit\u00e4 kokoontuneena yhteen.\" src=\"https:\/\/www.europesays.com\/fi\/wp-content\/uploads\/2025\/12\/39-1573989694a64bd7959d.jpeg\" class=\"aw-1l9m598 hKVVvP\"\/><\/p>\n<p>Avaa kuvien katselu<\/p>\n<p>Bondi Beachilla Sydneyss\u00e4 j\u00e4rjestettiin 19. joulukuuta Paddle Out -tapahtuma. Ihmiset uivat tai meloivat merelle ja muodostivat ympyr\u00e4n kunnioittaakseen joukkoampumisen uhreja. Kuva: Cameron Spencer \/ Getty<\/p>\n<p class=\"aw-1gybjub aw-1p7kakr kEtdKx cEmitX yle__article__paragraph\">Australiassa poliisi, joka sai ampumahaavan p\u00e4\u00e4h\u00e4ns\u00e4 <a class=\"aw-iao6s4 iHOxEa yle__article__link\" href=\"https:\/\/yle.fi\/a\/74-20200832\" role=\"link\" rel=\"nofollow noopener\" target=\"_blank\">Sydneyn Bondi Beachin joukkoampumisessa<\/a>, on p\u00e4\u00e4ssyt kotiin sairaalasta, <a class=\"aw-iao6s4 iHOxEa yle__article__link\" href=\"https:\/\/www.bbc.com\/news\/articles\/cd0kxrr2jyko\" role=\"link\" rel=\"nofollow noopener\" target=\"_blank\">kertoo BBC<\/a>.<\/p>\n<p class=\"aw-1gybjub aw-1p7kakr kEtdKx cEmitX yle__article__paragraph\">22-vuotias harjoittelijakonstaapeli <strong class=\"aw-ak79eh KyCXm yle__article__strong\">Jack Hibbert<\/strong> oli 14. joulukuuta paikalla vartioimassa juutalaisten hanukka-juhlaa, kun kaksi miest\u00e4 avasi rannalla tulen.<\/p>\n<p class=\"aw-1gybjub aw-1p7kakr kEtdKx cEmitX yle__article__paragraph\">Joukkoampumisessa 15 ihmist\u00e4 kuoli ja 40 vietiin haavoittuneena sairaalaan.<\/p>\n<p class=\"aw-1gybjub aw-1p7kakr kEtdKx cEmitX yle__article__paragraph\">Hibbert sai v\u00e4likohtauksessa osuman p\u00e4\u00e4h\u00e4ns\u00e4, mink\u00e4 seurauksena h\u00e4n menetti n\u00e4\u00f6n toisesta silm\u00e4st\u00e4\u00e4n. Lis\u00e4ksi h\u00e4n sai osuman olkap\u00e4\u00e4h\u00e4ns\u00e4.<\/p>\n<p class=\"aw-1gybjub aw-1p7kakr kEtdKx cEmitX yle__article__paragraph\">Nyt nuori konstaapeli p\u00e4\u00e4see kuitenkin toipumaan kotona. Hibbertin perhe kiitt\u00e4\u00e4 lausunnossaan sairaalan antamaa erinomaista hoitoa.<\/p>\n<p class=\"aw-1gybjub aw-1p7kakr kEtdKx cEmitX yle__article__paragraph\">\u2013 Se, ett\u00e4 Jack on kotona, erityisesti jouluksi, tuntuu todelliselta ihmeelt\u00e4.<\/p>\n<p class=\"aw-1gybjub aw-1p7kakr kEtdKx cEmitX yle__article__paragraph\">Jack Hibbert on yksi kahdesta Bondi Beachin joukkoampumisessa loukkaantuneesta poliisista. Toinen paikalla ollut konstaapeli, 25-vuotias <strong class=\"aw-ak79eh KyCXm yle__article__strong\">Scott Dyson<\/strong> toipuu poliisin antamien tietojen mukaan yh\u00e4 sairaalassa.<\/p>\n","protected":false},"excerpt":{"rendered":"22-vuotias Jack Hibbert on yksi kahdesta Bondi Beachin joukko\u00adampumisessa loukkaan\u00adtuneesta poliisista. Avaa kuvien katselu Bondi Beachilla Sydneyss\u00e4 j\u00e4rjestettiin&hellip;\n","protected":false},"author":2,"featured_media":125230,"comment_status":"","ping_status":"","sticky":false,"template":"","format":"standard","meta":{"footnotes":""},"categories":[5],"tags":[1773,3751,22,23,26,27,33,31,30,17,16237,24,25,28,29,15,18,21,52,2461,22301,32,13385,19,20,56,16,37],"class_list":{"0":"post-125229","1":"post","2":"type-post","3":"status-publish","4":"format-standard","5":"has-post-thumbnail","7":"category-otsikot","8":"tag-ampumavalikohtaukset","9":"tag-australia","10":"tag-breaking-news","11":"tag-breakingnews","12":"tag-featured-news","13":"tag-featurednews","14":"tag-fi","15":"tag-finland","16":"tag-finnish","17":"tag-headlines","18":"tag-joukkomurha","19":"tag-latest-news","20":"tag-latestnews","21":"tag-main-news","22":"tag-mainnews","23":"tag-news","24":"tag-otsikot","25":"tag-paauutiset","26":"tag-poliisi","27":"tag-sairaalat-ja-terveyskeskukset","28":"tag-summittainen-ammuskelu","29":"tag-suomi","30":"tag-terrori-iskut","31":"tag-top-stories","32":"tag-topstories","33":"tag-ulkomaat","34":"tag-uutiset","35":"tag-vakivaltarikokset"},"share_on_mastodon":{"url":"https:\/\/pubeurope.com\/@fi\/115777898316132672","error":""},"_links":{"self":[{"href":"https:\/\/www.europesays.com\/fi\/wp-json\/wp\/v2\/posts\/125229","targetHints":{"allow":["GET"]}}],"collection":[{"href":"https:\/\/www.europesays.com\/fi\/wp-json\/wp\/v2\/posts"}],"about":[{"href":"https:\/\/www.europesays.com\/fi\/wp-json\/wp\/v2\/types\/post"}],"author":[{"embeddable":true,"href":"https:\/\/www.europesays.com\/fi\/wp-json\/wp\/v2\/users\/2"}],"replies":[{"embeddable":true,"href":"https:\/\/www.europesays.com\/fi\/wp-json\/wp\/v2\/comments?post=125229"}],"version-history":[{"count":0,"href":"https:\/\/www.europesays.com\/fi\/wp-json\/wp\/v2\/posts\/125229\/revisions"}],"wp:featuredmedia":[{"embeddable":true,"href":"https:\/\/www.europesays.com\/fi\/wp-json\/wp\/v2\/media\/125230"}],"wp:attachment":[{"href":"https:\/\/www.europesays.com\/fi\/wp-json\/wp\/v2\/media?parent=125229"}],"wp:term":[{"taxonomy":"category","embeddable":true,"href":"https:\/\/www.europesays.com\/fi\/wp-json\/wp\/v2\/categories?post=125229"},{"taxonomy":"post_tag","embeddable":true,"href":"https:\/\/www.europesays.com\/fi\/wp-json\/wp\/v2\/tags?post=125229"}],"curies":[{"name":"wp","href":"https:\/\/api.w.org\/{rel}","templated":true}]}}