{"id":125235,"date":"2025-12-25T03:04:11","date_gmt":"2025-12-25T03:04:11","guid":{"rendered":"https:\/\/www.europesays.com\/fi\/125235\/"},"modified":"2025-12-25T03:04:11","modified_gmt":"2025-12-25T03:04:11","slug":"australiassa-osavaltio-hyvaksyi-aselain-ja-mielenosoitusoikeuden-tiukennukset","status":"publish","type":"post","link":"https:\/\/www.europesays.com\/fi\/125235\/","title":{"rendered":"Australiassa osavaltio hyv\u00e4ksyi aselain ja mielenosoitusoikeuden tiukennukset"},"content":{"rendered":"<p>Lain my\u00f6t\u00e4 useimmat yksitt\u00e4iset ihmiset voivat omistaa korkeintaan nelj\u00e4 asetta.<\/p>\n<p>24.12. 14:00<\/p>\n<p class=\"article-body mb-nof-24 px-nof-16\">Australiassa Uuden Etel\u00e4-Walesin osavaltion parlamentti on hyv\u00e4ksynyt kiristyksi\u00e4 aselains\u00e4\u00e4d\u00e4nt\u00f6\u00f6n. Lis\u00e4ksi viranomaisille annetaan oikeus kielt\u00e4\u00e4 mielenosoitukset m\u00e4\u00e4r\u00e4aikaisesti terroritekojen j\u00e4lkeen.<\/p>\n<p class=\"article-body mb-nof-24 px-nof-16\">Lain my\u00f6t\u00e4 useimmat yksitt\u00e4iset ihmiset voivat omistaa korkeintaan nelj\u00e4 asetta. Poikkeuksia ovat esimerkiksi maanviljelij\u00e4t, joiden kohdalla raja on kymmenen. Lis\u00e4ksi laki muuttaa muun muassa aselupaprosessia.<\/p>\n<p class=\"article-body mb-nof-24 px-nof-16\">Aiemmin joulukuussa juutalaisyhteis\u00f6\u00f6n kohdistuneessa ampumisessa Uuden Etel\u00e4-Walesin Sydneyss\u00e4 sijaitsevalla Bondi Beachilla kuoli 15 ihmist\u00e4. Sen j\u00e4lkeen sek\u00e4 osavaltion ett\u00e4 valtion hallinnot ovat esitt\u00e4neet muutoksia aselakeihin.<\/p>\n<p class=\"article-body mb-nof-24 px-nof-16\">Monet ryhm\u00e4t ovat ilmoittaneet haastavansa mielenosoitusoikeuden rajoittamisen. Toimijat ovat syytt\u00e4neet osavaltion perusoikeuksiin puuttumisesta ja lains\u00e4\u00e4d\u00e4nn\u00f6n puskemisesta l\u00e4pi puutteellisella menettelyll\u00e4.<\/p>\n","protected":false},"excerpt":{"rendered":"Lain my\u00f6t\u00e4 useimmat yksitt\u00e4iset ihmiset voivat omistaa korkeintaan nelj\u00e4 asetta. 24.12. 14:00 Australiassa Uuden Etel\u00e4-Walesin osavaltion parlamentti on&hellip;\n","protected":false},"author":2,"featured_media":1431,"comment_status":"","ping_status":"","sticky":false,"template":"","format":"standard","meta":{"footnotes":""},"categories":[14],"tags":[157,22,23,26,27,33,31,30,17,24,25,28,29,15,18,21,32,19,20,56,16,59,60,61],"class_list":{"0":"post-125235","1":"post","2":"type-post","3":"status-publish","4":"format-standard","5":"has-post-thumbnail","7":"category-ulkomaat","8":"tag-aamulehti","9":"tag-breaking-news","10":"tag-breakingnews","11":"tag-featured-news","12":"tag-featurednews","13":"tag-fi","14":"tag-finland","15":"tag-finnish","16":"tag-headlines","17":"tag-latest-news","18":"tag-latestnews","19":"tag-main-news","20":"tag-mainnews","21":"tag-news","22":"tag-otsikot","23":"tag-paauutiset","24":"tag-suomi","25":"tag-top-stories","26":"tag-topstories","27":"tag-ulkomaat","28":"tag-uutiset","29":"tag-world","30":"tag-world-news","31":"tag-worldnews"},"share_on_mastodon":{"url":"https:\/\/pubeurope.com\/@fi\/115777992471190401","error":""},"_links":{"self":[{"href":"https:\/\/www.europesays.com\/fi\/wp-json\/wp\/v2\/posts\/125235","targetHints":{"allow":["GET"]}}],"collection":[{"href":"https:\/\/www.europesays.com\/fi\/wp-json\/wp\/v2\/posts"}],"about":[{"href":"https:\/\/www.europesays.com\/fi\/wp-json\/wp\/v2\/types\/post"}],"author":[{"embeddable":true,"href":"https:\/\/www.europesays.com\/fi\/wp-json\/wp\/v2\/users\/2"}],"replies":[{"embeddable":true,"href":"https:\/\/www.europesays.com\/fi\/wp-json\/wp\/v2\/comments?post=125235"}],"version-history":[{"count":0,"href":"https:\/\/www.europesays.com\/fi\/wp-json\/wp\/v2\/posts\/125235\/revisions"}],"wp:featuredmedia":[{"embeddable":true,"href":"https:\/\/www.europesays.com\/fi\/wp-json\/wp\/v2\/media\/1431"}],"wp:attachment":[{"href":"https:\/\/www.europesays.com\/fi\/wp-json\/wp\/v2\/media?parent=125235"}],"wp:term":[{"taxonomy":"category","embeddable":true,"href":"https:\/\/www.europesays.com\/fi\/wp-json\/wp\/v2\/categories?post=125235"},{"taxonomy":"post_tag","embeddable":true,"href":"https:\/\/www.europesays.com\/fi\/wp-json\/wp\/v2\/tags?post=125235"}],"curies":[{"name":"wp","href":"https:\/\/api.w.org\/{rel}","templated":true}]}}