{"id":125236,"date":"2025-12-25T03:05:14","date_gmt":"2025-12-25T03:05:14","guid":{"rendered":"https:\/\/www.europesays.com\/fi\/125236\/"},"modified":"2025-12-25T03:05:14","modified_gmt":"2025-12-25T03:05:14","slug":"oululainen-sakari-yrjo-koskinen-osti-rovaniemelta-kerrostalon-omistuksessa-ennestaan-tuiran-koulu-ja-oulun-rautatieasema","status":"publish","type":"post","link":"https:\/\/www.europesays.com\/fi\/125236\/","title":{"rendered":"Oululainen Sakari Yrj\u00f6-Koskinen osti Rovaniemelt\u00e4 kerrostalon \u2013 Omistuksessa ennest\u00e4\u00e4n Tuiran koulu ja Oulun rautatieasema"},"content":{"rendered":"<p>\n      Rovaniemell\u00e4 Rovakatu 1:ss\u00e4 sijaitseva kerrostalo on myyty oululaiselle rakennusalan toimijalle.\n    <\/p>\n<p>\n      \u2013\u202fKyll\u00e4, kaupat tehtiin nyt hiljattain, vahvistaa kiinteist\u00f6n ostanut Hongisto oy:n yritt\u00e4j\u00e4 ja omistaja Sakari Yrj\u00f6-Koskinen.\n    <\/p>\n<p class=\"article__paragraph\">\n      Rovakatu 1:ss\u00e4 on t\u00e4ll\u00e4 hetkell\u00e4 vuokralla Lapin hyvinvointialue, jolla on tiloissa sosiaalipalvelukeskus.\n    <\/p>\n<p class=\"article__paragraph\">\n      Kiinteist\u00f6n myynti tuli ajankohtaiseksi, kun Rovaniemen kaupunki joutui luopumaan sotekiinteist\u00f6ist\u00e4\u00e4n. Lain mukaan hyvinvointialueelle kiinteist\u00f6n vuokraavan tahon tulee olla yhti\u00f6muotoinen, eli kaupunki ei voi toimia sote-kiinteist\u00f6n vuokranantajana. T\u00e4m\u00e4n vuoksi kaupungin on pit\u00e4nyt joko myyd\u00e4 tai yhti\u00f6itt\u00e4\u00e4 sote-kiinteist\u00f6ns\u00e4 vuoden loppuun menness\u00e4.\n    <\/p>\n<p class=\"article__paragraph\">\n      Alkuun oli Yrj\u00f6-Koskisen mukaan viel\u00e4 ep\u00e4varmaa, ett\u00e4 jatkaako Lapha tiloissa.\n    <\/p>\n<p class=\"article__paragraph\">\n      \u2013\u202fTiesimme ostotilanteessa, ett\u00e4 Lapha k\u00e4y vuokraneuvotteluita kuntien ja muiden kiinteist\u00f6nomistajien kanssa vuokrasopimuksistaan. Meill\u00e4 ei ollut tarvetta l\u00e4hte\u00e4 nostamaan vuokria, joten vuokrasopimuksia jatketaan edelleen.\n    <\/p>\n<p class=\"article__paragraph\">\n      Hongisto on tietoinen kaupungin kuumasta airbnb-asuntojen sesongista.\n    <\/p>\n<p class=\"article__paragraph\">\n      \u2013 Haluamme ajatella asioita mahdollisimman pitk\u00e4j\u00e4nteisesti ja niin, ett\u00e4 se tuo jotakin arvoa my\u00f6s ymp\u00e4rilleen, ei vain yritykselle.\n    <\/p>\n<p class=\"article__paragraph\">\n      Rovakatu 1:n hallinnointiin on perustettu kiinteist\u00f6osakeyhti\u00f6 RovaOne.\n    <\/p>\n<p>    <img decoding=\"async\" class=\"responsive-image article__image-image lozad\"   src=\"https:\/\/www.europesays.com\/fi\/wp-content\/uploads\/2025\/12\/3Vrt70ktOud7LfyOjwPllNxMNO8YewC4Nz_G9IX5C0qziuXRaYnQ5pIaVEyAYVSM3WtGB1nbDKxuyfexi3ARihBZvTWFESE2mhW0.jpeg\" alt=\"Rovakatu 1:ss\u00e4 sijaitseva kerrostalo on myyty oululaiselle rakennusalan toimijalle.\"\/><\/p>\n<p>\n                Rovakatu 1:ss\u00e4 sijaitseva kerrostalo on myyty oululaiselle rakennusalan toimijalle.\n              <\/p>\n<p>\n                Kuva: Jussi Leinonen\n              <\/p>\n<p>      Kiinteist\u00f6jen omistusta kolme vuotta<\/p>\n<p class=\"article__paragraph\">\n      Hongisto oy on pitk\u00e4ik\u00e4inen, aina 70-luvulta l\u00e4htien Oulussa toiminut nosturiyritys.\n    <\/p>\n<p class=\"article__paragraph\">\n      Yritys on sittemmin laajentanut toimintaansa kiinteist\u00f6alalle.\n    <\/p>\n<p class=\"article__paragraph\">\n      \u2013 Ostimme kolme vuotta sitten Oulun Tuirasta vanhan kuurojen koulun. Nykyisin paikka tunnetaan Theodorin puistona, jossa ty\u00f6skentelee taiteilijoita, k\u00e4sity\u00f6l\u00e4isi\u00e4 ja pienyritt\u00e4ji\u00e4. Se on \u00a0\u00e4itini Mariia Yrj\u00f6-Koskisen luotsaama kohde.\n    <\/p>\n<p class=\"article__paragraph\">\n      Vuosi sitten yritt\u00e4j\u00e4t ostivat Oulun rautatieaseman. Pitk\u00e4\u00e4n tyhjill\u00e4\u00e4n olleessa kiinteist\u00f6ss\u00e4 toimii nyt sek\u00e4 Barot\u00b4s -hampurilaisravintola sek\u00e4 Huovisen Leipomon kahvila.\n    <\/p>\n<p class=\"article__paragraph\">\n      \u2013\u202fOlemme saaneet kiitosta, ett\u00e4 nyt paikasta on tullut oululaisten olohuone.\n    <\/p>\n<p>      &#8221;L\u00e4\u00e4ninhallituksen kortteli todella mielenkiintoinen&#8221;<\/p>\n<p class=\"article__paragraph\">\n      Yrj\u00f6-Koskinen kertoo yhti\u00f6n katselevan nyt Rovaniemell\u00e4 ymp\u00e4rilleen laajemminkin.\n    <\/p>\n<p class=\"article__paragraph\">\n      \u2013 Esimerkiksi Senaatilla myynniss\u00e4 olevan L\u00e4\u00e4ninhallituksen kortteli on mielest\u00e4mme todella mielenkiintoinen.\n    <\/p>\n<p class=\"article__paragraph\">\n      Yrj\u00f6-Koskinen on tunnistanut paikan merkityksellisyyden rovaniemel\u00e4isille.\n    <\/p>\n<p class=\"article__paragraph\">\n      \u2013Mik\u00e4li kohteen kanssa l\u00e4htisimme etenem\u00e4\u00e4n, niin tulisimme k\u00e4ym\u00e4\u00e4n kaupunkilaisten kanssa keskustelua siit\u00e4, ett\u00e4 min\u00e4 tyyppist\u00e4 toimintaa alueelle toivottaisiin tulevaisuudessa.\n    <\/p>\n<p class=\"article__paragraph\">\n      <a href=\"https:\/\/www.senaatti.fi\/valtion-kiinteistot\/myytavat-kohteet\/tila\/rovaniemi-laaninhallituksen-kortteli\/\" rel=\"nofollow noopener\" target=\"_blank\">L\u00e4\u00e4ninhallituksen korttelista<\/a> kiinnostuneiden ostotarjousten j\u00e4tt\u00e4misen m\u00e4\u00e4r\u00e4aika p\u00e4\u00e4ttyy 31.12.2025 kello 16.00 menness\u00e4.\n    <\/p>\n","protected":false},"excerpt":{"rendered":"Rovaniemell\u00e4 Rovakatu 1:ss\u00e4 sijaitseva kerrostalo on myyty oululaiselle rakennusalan toimijalle. \u2013\u202fKyll\u00e4, kaupat tehtiin nyt hiljattain, vahvistaa kiinteist\u00f6n ostanut&hellip;\n","protected":false},"author":2,"featured_media":125237,"comment_status":"","ping_status":"","sticky":false,"template":"","format":"standard","meta":{"footnotes":""},"categories":[12],"tags":[22,23,26,27,33,31,30,17,24,25,28,29,15,18,21,32,19,20,16],"class_list":{"0":"post-125236","1":"post","2":"type-post","3":"status-publish","4":"format-standard","5":"has-post-thumbnail","7":"category-suomi","8":"tag-breaking-news","9":"tag-breakingnews","10":"tag-featured-news","11":"tag-featurednews","12":"tag-fi","13":"tag-finland","14":"tag-finnish","15":"tag-headlines","16":"tag-latest-news","17":"tag-latestnews","18":"tag-main-news","19":"tag-mainnews","20":"tag-news","21":"tag-otsikot","22":"tag-paauutiset","23":"tag-suomi","24":"tag-top-stories","25":"tag-topstories","26":"tag-uutiset"},"share_on_mastodon":{"url":"https:\/\/pubeurope.com\/@fi\/115777996898269819","error":""},"_links":{"self":[{"href":"https:\/\/www.europesays.com\/fi\/wp-json\/wp\/v2\/posts\/125236","targetHints":{"allow":["GET"]}}],"collection":[{"href":"https:\/\/www.europesays.com\/fi\/wp-json\/wp\/v2\/posts"}],"about":[{"href":"https:\/\/www.europesays.com\/fi\/wp-json\/wp\/v2\/types\/post"}],"author":[{"embeddable":true,"href":"https:\/\/www.europesays.com\/fi\/wp-json\/wp\/v2\/users\/2"}],"replies":[{"embeddable":true,"href":"https:\/\/www.europesays.com\/fi\/wp-json\/wp\/v2\/comments?post=125236"}],"version-history":[{"count":0,"href":"https:\/\/www.europesays.com\/fi\/wp-json\/wp\/v2\/posts\/125236\/revisions"}],"wp:featuredmedia":[{"embeddable":true,"href":"https:\/\/www.europesays.com\/fi\/wp-json\/wp\/v2\/media\/125237"}],"wp:attachment":[{"href":"https:\/\/www.europesays.com\/fi\/wp-json\/wp\/v2\/media?parent=125236"}],"wp:term":[{"taxonomy":"category","embeddable":true,"href":"https:\/\/www.europesays.com\/fi\/wp-json\/wp\/v2\/categories?post=125236"},{"taxonomy":"post_tag","embeddable":true,"href":"https:\/\/www.europesays.com\/fi\/wp-json\/wp\/v2\/tags?post=125236"}],"curies":[{"name":"wp","href":"https:\/\/api.w.org\/{rel}","templated":true}]}}