{"id":125238,"date":"2025-12-25T03:06:28","date_gmt":"2025-12-25T03:06:28","guid":{"rendered":"https:\/\/www.europesays.com\/fi\/125238\/"},"modified":"2025-12-25T03:06:28","modified_gmt":"2025-12-25T03:06:28","slug":"joronjaljen-yrittaja-auvo-puurtinen-sai-aikaisen-joululahjan-mutta-stressi-vain-pahenee-aina-luvataan-maksaa-mutta-mitaan-ei-tapahdu-yrittajat-fi","status":"publish","type":"post","link":"https:\/\/www.europesays.com\/fi\/125238\/","title":{"rendered":"Joronj\u00e4ljen yritt\u00e4j\u00e4 Auvo Puurtinen sai aikaisen joululahjan, mutta stressi vain pahenee: \u201dAina luvataan maksaa, mutta mit\u00e4\u00e4n ei tapahdu\u201d &#8211; Yrittajat.fi"},"content":{"rendered":"<ol>\n<li><a href=\"https:\/\/news.google.com\/rss\/articles\/CBMi-gFBVV95cUxPdGxKZDBHTEZLam5zYjBhdk1LNlhXd1RTQVhJSndHcUI3NTZjZ19HQ0VnMndFMFhmVmdGSW9KdTlDTV9qMFYwQTF4cHpmbHg2ZW9CbkZRczZsQUhqQlAtUlY5UDVHRGVPYmpHMnRBcnR2R3RCZHhNWnRSdWFsUl9TWHdVTnliWDB6MnNpRXZudlJDYjVLNVB5ZUJ4c1lLam56NW5mQ09hRHZWbmllSXNpdUk3WlRCaE42a2I0NWhsOUswVllrbEI3MGxaQUlTb0VBMDR2UWV4bDM3VkRpNEllUU5WSTl6X0trU19uR2ZRUTJBT29zc2tYVzNn?oc=5\" target=\"_blank\" rel=\"nofollow noopener\">Joronj\u00e4ljen yritt\u00e4j\u00e4 Auvo Puurtinen sai aikaisen joululahjan, mutta stressi vain pahenee: \u201dAina luvataan maksaa, mutta mit\u00e4\u00e4n ei tapahdu\u201d<\/a>&nbsp;&nbsp;Yrittajat.fi<\/li>\n<li><a href=\"https:\/\/news.google.com\/rss\/articles\/CBMiXkFVX3lxTE90R0ZmM3JldHF1dk55dmZUTUkwV1U5U05sMWhON2tpRXdpa2RTT1MzN09VbkZEZnd0OGY5dU8zWUZlb1BxZ29UTm42QndIc1o2ZlExZXJQejhyZGVnd0E?oc=5\" target=\"_blank\" rel=\"nofollow noopener\">Katso kuvat ja videot | Joronj\u00e4ljen yritt\u00e4j\u00e4 Auvo Puurtinen sai lopulta autonromut pois pihasta mutta j\u00e4i yksin suojaamaan vuotavaa kattoa<\/a>&nbsp;&nbsp;Warkauden Lehti<\/li>\n<li><a href=\"https:\/\/news.google.com\/rss\/articles\/CBMie0FVX3lxTE1MV0FFNGFId3RWcG56ZXc0VnMzaW15U0NnTU4xYm4yQ0dPdG5YbTRxQ0U5Q01ib0ZXRl9lQXJHbzQ3eXVBdmI1a0d3WXZoRmsyMDE4ck5BUkp6UHNQUjFHdnNRU1JpeGViVjB0emU3WjZQOGNuOU54OEtkOA?oc=5\" target=\"_blank\" rel=\"nofollow noopener\">R\u00e4j\u00e4hdyshotellissa tapahtui \u201djoulun ihme\u201d<\/a>&nbsp;&nbsp;Iltalehti<\/li>\n<li><a href=\"https:\/\/news.google.com\/rss\/articles\/CBMiWEFVX3lxTE1OeUM2c3JVeWZhYnllTlM5d2M2dE5ybDc3cHpFdVZ6dUphaXBYWmhYVlNmdzdOMGt1WmlfcklPcGpCQ09tX3VoU0t5U0trbmtSODRKc2VoYmk?oc=5\" target=\"_blank\" rel=\"nofollow noopener\">Joronj\u00e4ljen yritt\u00e4j\u00e4 sai joululahjan \u2013 vakuutusyhti\u00f6 haki autonromut!<\/a>&nbsp;&nbsp;Hymy<\/li>\n<li><a href=\"https:\/\/news.google.com\/rss\/articles\/CBMihAJBVV95cUxPZlpzaWRub1BzSm1wUUY0VC1meFoyV3R4alEzeWc5dW0xcEpScWJ3SnpCRmRPcjloV19FcFpkbVlxUjdCUUNzVjJxYUxGckVrVUx1X1lxMUwydk1CT3IxQnc0TE41VW5aQUFrZU1NWmEtaUNUU1d2N0JLZ0tYUFQ1ZDliVzZVRzRtMl9jUXhUU2FHNUxZQmlUTkg4RWc0TFZlakVIQl9lNnAwSUNSX01hLWhiNGkwRkdPVXVFM3B5WnJTQk9pd1pHVWZsZ3JkU3c4MmlKeXJzODU5aHRBRU9kMTJyVVV4NVVJOEhYVWk0NWhjQ2xuNzVGQXg3c2I4aWdVc2x5Sg?oc=5\" target=\"_blank\" rel=\"nofollow noopener\">Vakuutusyhti\u00f6n kanssa taisteleva Auvo Puurtinen l\u00f6ysi joulumielen onnistuneista juhlista: \u201dNelj\u00e4n tunnin tuloilla maksoin yli kuukauden laskut\u201d<\/a>&nbsp;&nbsp;Yrittajat.fi<\/li>\n<\/ol>\n","protected":false},"excerpt":{"rendered":"Joronj\u00e4ljen yritt\u00e4j\u00e4 Auvo Puurtinen sai aikaisen joululahjan, mutta stressi vain pahenee: \u201dAina luvataan maksaa, mutta mit\u00e4\u00e4n ei tapahdu\u201d&nbsp;&nbsp;Yrittajat.fi&hellip;\n","protected":false},"author":2,"featured_media":194,"comment_status":"","ping_status":"","sticky":false,"template":"","format":"standard","meta":{"footnotes":""},"categories":[5],"tags":[22,23,26,27,33,31,30,17,24,25,28,29,15,18,21,32,19,20,16],"class_list":{"0":"post-125238","1":"post","2":"type-post","3":"status-publish","4":"format-standard","5":"has-post-thumbnail","7":"category-otsikot","8":"tag-breaking-news","9":"tag-breakingnews","10":"tag-featured-news","11":"tag-featurednews","12":"tag-fi","13":"tag-finland","14":"tag-finnish","15":"tag-headlines","16":"tag-latest-news","17":"tag-latestnews","18":"tag-main-news","19":"tag-mainnews","20":"tag-news","21":"tag-otsikot","22":"tag-paauutiset","23":"tag-suomi","24":"tag-top-stories","25":"tag-topstories","26":"tag-uutiset"},"share_on_mastodon":{"url":"https:\/\/pubeurope.com\/@fi\/115778000135505724","error":""},"_links":{"self":[{"href":"https:\/\/www.europesays.com\/fi\/wp-json\/wp\/v2\/posts\/125238","targetHints":{"allow":["GET"]}}],"collection":[{"href":"https:\/\/www.europesays.com\/fi\/wp-json\/wp\/v2\/posts"}],"about":[{"href":"https:\/\/www.europesays.com\/fi\/wp-json\/wp\/v2\/types\/post"}],"author":[{"embeddable":true,"href":"https:\/\/www.europesays.com\/fi\/wp-json\/wp\/v2\/users\/2"}],"replies":[{"embeddable":true,"href":"https:\/\/www.europesays.com\/fi\/wp-json\/wp\/v2\/comments?post=125238"}],"version-history":[{"count":0,"href":"https:\/\/www.europesays.com\/fi\/wp-json\/wp\/v2\/posts\/125238\/revisions"}],"wp:featuredmedia":[{"embeddable":true,"href":"https:\/\/www.europesays.com\/fi\/wp-json\/wp\/v2\/media\/194"}],"wp:attachment":[{"href":"https:\/\/www.europesays.com\/fi\/wp-json\/wp\/v2\/media?parent=125238"}],"wp:term":[{"taxonomy":"category","embeddable":true,"href":"https:\/\/www.europesays.com\/fi\/wp-json\/wp\/v2\/categories?post=125238"},{"taxonomy":"post_tag","embeddable":true,"href":"https:\/\/www.europesays.com\/fi\/wp-json\/wp\/v2\/tags?post=125238"}],"curies":[{"name":"wp","href":"https:\/\/api.w.org\/{rel}","templated":true}]}}