{"id":125245,"date":"2025-12-25T03:33:16","date_gmt":"2025-12-25T03:33:16","guid":{"rendered":"https:\/\/www.europesays.com\/fi\/125245\/"},"modified":"2025-12-25T03:33:16","modified_gmt":"2025-12-25T03:33:16","slug":"paakirjoitus-joulurauhan-hengessa-pyhien-viettoon-paakirjoitus-mielipide","status":"publish","type":"post","link":"https:\/\/www.europesays.com\/fi\/125245\/","title":{"rendered":"P\u00e4\u00e4kirjoitus | Joulurauhan hengess\u00e4 pyhien viettoon | P\u00e4\u00e4kirjoitus &#038; mielipide"},"content":{"rendered":"<p>Jouluaaton traditioihin kuuluu Turun Vanhalta Torilta julistettava joulurauha. 1300-luvulle ulottuva perinne ker\u00e4\u00e4 torille tuhansia ihmisi\u00e4 ja television \u00e4\u00e4reen miljoonayleis\u00f6n.<\/p>\n<p>Nykyisin joulurauha julistetaan Brinkkalan talon parvekkeelta ja sen suorittaa Turun kaupungin protokollap\u00e4\u00e4llikk\u00f6.<\/p>\n<p>Joulurauha on alkujaan ollut 20 p\u00e4iv\u00e4\u00e4 kest\u00e4v\u00e4 hiljentymisen aika. Se oli kirjattu pohjoismaiseen lains\u00e4\u00e4d\u00e4nt\u00f6\u00f6n. Ruotsissa kuningas tuolloin tuomiovaltaansa ja tehdyist\u00e4 rikkomuksista annettiin ankarampia rangaistuksia kuin muulloin.<\/p>\n<blockquote class=\"voice-no-read rs_skip diks-blockquote\">\n<p class=\"diks-blockquote__text\">Yhdess\u00e4 vietetty aika on arvokkaampi asia kuin yksik\u00e4\u00e4n pakettiin k\u00e4\u00e4ritty esine.<\/p>\n<\/blockquote>\n<p>Joulurauhalle oli perusteensa, koska juhlapyhien aikaan elo saattoi olla normaalia levottomampaa. Holtiton heiluminen avotulen kanssa aiheutti my\u00f6s herk\u00e4sti tulipalon vaaran.<\/p>\n<p>Joulurauhan julistaminen on ollut t\u00e4rke\u00e4 osa pyhien alkua. Tiett\u00e4v\u00e4sti se on j\u00e4\u00e4nyt pit\u00e4m\u00e4tt\u00e4 vain muutamia kertoja, muun muassa Isovihan aikaan ja talvisodan alettua.<\/p>\n<p>Nyky\u00e4\u00e4n joulurauha on symbolinen julistus. Sen erityisasema poistui lains\u00e4\u00e4d\u00e4nn\u00f6st\u00e4 ja rangaistusasteikosta 1800-luvun lopulla. Siit\u00e4 huolimatta joulurauhan julistaminen on merkityksellist\u00e4. Traditio on monessa perheess\u00e4 vakiintunut tapa aloittaa jouluun hiljentyminen. Ja valitettavasti on niit\u00e4kin perheit\u00e4, joissa julistuksen sanomaa pit\u00e4isi kuunnella erityisen tarkasti. Alkoholismi ja v\u00e4kivalta on edelleen arkea joissakin perheiss\u00e4. T\u00e4llainen h\u00e4iri\u00f6k\u00e4ytt\u00e4ytyminen voi j\u00e4tt\u00e4\u00e4 pysyv\u00e4n j\u00e4ljen etenkin perheen pienimpiin, joille joulun pit\u00e4isi olla iloisella tavalla j\u00e4nnitt\u00e4v\u00e4 juhla.<\/p>\n<p>Joulustressi ja arjen haasteet voivat osaltaan vaikuttaa pyhien ajan tunnelmaan perheiss\u00e4. Riidat saattavat tulla ik\u00e4v\u00e4ll\u00e4 tavalla s\u00e4vytt\u00e4m\u00e4\u00e4n perheen yhteist\u00e4 aikaa.<\/p>\n<p>T\u00e4n\u00e4 vuonna joulun ja loppiaisen v\u00e4lille osuu paljon arkivapaita. Monet pystyv\u00e4t pit\u00e4m\u00e4\u00e4n t\u00e4ss\u00e4 kohtaa jopa yli kahden viikon loman. Joulurauhan hengess\u00e4 n\u00e4ihin p\u00e4iviin voi sis\u00e4llytt\u00e4\u00e4 monenlaista perheen yhteist\u00e4 tekemist\u00e4. Suorituskeskeisen ty\u00f6el\u00e4m\u00e4n ja kiireisen arjen vastapainoksi yhdess\u00e4 vietetty aika on arvokkaampi asia kuin yksik\u00e4\u00e4n pakettiin k\u00e4\u00e4ritty esine.<\/p>\n<p>Joulurauha julistetaan Turusta kaikille yhteisesti. Jokainen voi tehd\u00e4 my\u00f6s oman julistuksena sen per\u00e4\u00e4n yksin\u00e4\u00e4n ja hiljaisesti. Ei olisi hassumpaa luvata siin\u00e4, ett\u00e4 jouluna ei itke\u00e4 eik\u00e4 meluta saa vaan silloin vietet\u00e4\u00e4n yhteist\u00e4 aikaa ja nautitaan toisten seurasta.<\/p>\n","protected":false},"excerpt":{"rendered":"Jouluaaton traditioihin kuuluu Turun Vanhalta Torilta julistettava joulurauha. 1300-luvulle ulottuva perinne ker\u00e4\u00e4 torille tuhansia ihmisi\u00e4 ja television \u00e4\u00e4reen&hellip;\n","protected":false},"author":2,"featured_media":125246,"comment_status":"","ping_status":"","sticky":false,"template":"","format":"standard","meta":{"footnotes":""},"categories":[12],"tags":[2268,22,23,26,27,33,31,30,17,5856,3674,14442,24,25,28,29,15,18,4357,21,32,19,20,662,16443,16],"class_list":{"0":"post-125245","1":"post","2":"type-post","3":"status-publish","4":"format-standard","5":"has-post-thumbnail","7":"category-suomi","8":"tag-alkoholi","9":"tag-breaking-news","10":"tag-breakingnews","11":"tag-featured-news","12":"tag-featurednews","13":"tag-fi","14":"tag-finland","15":"tag-finnish","16":"tag-headlines","17":"tag-joulu","18":"tag-juhla-ja-vapaapaivat","19":"tag-kansalliset-ja-kansainvaliset-juhlapaivat","20":"tag-latest-news","21":"tag-latestnews","22":"tag-main-news","23":"tag-mainnews","24":"tag-news","25":"tag-otsikot","26":"tag-paakirjoitukset","27":"tag-paauutiset","28":"tag-suomi","29":"tag-top-stories","30":"tag-topstories","31":"tag-turku","32":"tag-turun-kaupunki","33":"tag-uutiset"},"share_on_mastodon":{"url":"https:\/\/pubeurope.com\/@fi\/115778106342165200","error":""},"_links":{"self":[{"href":"https:\/\/www.europesays.com\/fi\/wp-json\/wp\/v2\/posts\/125245","targetHints":{"allow":["GET"]}}],"collection":[{"href":"https:\/\/www.europesays.com\/fi\/wp-json\/wp\/v2\/posts"}],"about":[{"href":"https:\/\/www.europesays.com\/fi\/wp-json\/wp\/v2\/types\/post"}],"author":[{"embeddable":true,"href":"https:\/\/www.europesays.com\/fi\/wp-json\/wp\/v2\/users\/2"}],"replies":[{"embeddable":true,"href":"https:\/\/www.europesays.com\/fi\/wp-json\/wp\/v2\/comments?post=125245"}],"version-history":[{"count":0,"href":"https:\/\/www.europesays.com\/fi\/wp-json\/wp\/v2\/posts\/125245\/revisions"}],"wp:featuredmedia":[{"embeddable":true,"href":"https:\/\/www.europesays.com\/fi\/wp-json\/wp\/v2\/media\/125246"}],"wp:attachment":[{"href":"https:\/\/www.europesays.com\/fi\/wp-json\/wp\/v2\/media?parent=125245"}],"wp:term":[{"taxonomy":"category","embeddable":true,"href":"https:\/\/www.europesays.com\/fi\/wp-json\/wp\/v2\/categories?post=125245"},{"taxonomy":"post_tag","embeddable":true,"href":"https:\/\/www.europesays.com\/fi\/wp-json\/wp\/v2\/tags?post=125245"}],"curies":[{"name":"wp","href":"https:\/\/api.w.org\/{rel}","templated":true}]}}