{"id":125247,"date":"2025-12-25T03:53:15","date_gmt":"2025-12-25T03:53:15","guid":{"rendered":"https:\/\/www.europesays.com\/fi\/125247\/"},"modified":"2025-12-25T03:53:15","modified_gmt":"2025-12-25T03:53:15","slug":"khln-ja-vaasan-sportin-pelaajia-valittiin-olympialaisiin","status":"publish","type":"post","link":"https:\/\/www.europesays.com\/fi\/125247\/","title":{"rendered":"KHL:n ja Vaasan Sportin pelaajia valittiin olympialaisiin"},"content":{"rendered":"<p>Ranska on ensimm\u00e4isen\u00e4 maana ilmoittanut joukkueensa Milano Cortinan 2026 olympiakisojen j\u00e4\u00e4kiekkoon.<\/p>\n<p>Mukana on per\u00e4ti viisi pelaajaa Liigasta. Puolustajista KalPan <strong>Hugo Gallet<\/strong> ja HPK:n <strong>Jules Boscq<\/strong>. Hy\u00f6kk\u00e4\u00e4jist\u00e4 Jukurien <strong>Justin Addamo<\/strong>, Sportin <strong>Charles Bertrand<\/strong> sek\u00e4 \u00c4ssien <strong>Dylan Fabre<\/strong>.<\/p>\n<p>Ranskan joukkueen tuttuja pelaajia monille ovat puolustaja <strong>Yohann Auvitu<\/strong> ja <strong>Stephane Da Costa<\/strong>.<\/p>\n<p>HIFK:sta ja JYPist\u00e4 tuttu Auvitu pelasi KHL:ss\u00e4 sen j\u00e4lkeen, kun Ven\u00e4j\u00e4 oli hy\u00f6k\u00e4nnyt Ukrainaan ja sai maajoukkueesta potkut, mutta on nyt kelvannut takaisin. Da Costa pelaa yh\u00e4 KHL:ss\u00e4.<\/p>\n<p>Ranska valitsi olympiajoukkueeseensa viime kes\u00e4n\u00e4 NHL-hy\u00f6kk\u00e4\u00e4j\u00e4 <strong>Alexandre Texierin<\/strong>. H\u00e4net ilmoitetaan lopulliseen olympiajoukkueeseen ensi viikolla, kun NHL antaa viralliseen ilmoitukseen pelaajilleen luvan.<\/p>\n<p>Nelikymppinen entinen NHL-hy\u00f6kk\u00e4\u00e4j\u00e4 <strong>Pierre-Edouard Bellemare<\/strong> on h\u00e4nkin mukana Ranskan olympiajoukkueessa.<\/p>\n<p>Bellemare ilmoitti viime kev\u00e4\u00e4n\u00e4 MM-kisoissa Tukholmassa lopettavansa maajoukkueessa, mutta totesi <a href=\"https:\/\/www.sportti.com\/jaakiekko\/ranska-passitettiin-b-sarjaan-maan-kiekkoikonilta-tylya-tilitysta\/\" rel=\"nofollow noopener\" target=\"_blank\">Sportti.com:lle<\/a>, ett\u00e4 pelaa kyll\u00e4 olympialaisissa, jos Ranska kisapaikan saa.<\/p>\n<p>Ja Ranska p\u00e4\u00e4si olympialaisiin, kun Ven\u00e4j\u00e4 kisoista suljettiin Ukrainan sodan takia. Ranska pelasi edellisen kerran olympiaj\u00e4\u00e4kiekossa Salt Lake Cityssa 2002.<\/p>\n<p>Ranska p\u00e4\u00e4si mukaan my\u00f6s naisten olympiaturnaukseen. Ranskaa edustaa naisten joukkueessa HIFK:ssa aiemmin pelannut <strong>Clara Rozier<\/strong>.<\/p>\n<blockquote class=\"twitter-tweet\" data-width=\"500\" data-dnt=\"true\">\n<p lang=\"fr\" dir=\"ltr\">La liste des joueuses et joueurs s\u00e9lectionn\u00e9s par Gr\u00e9gory Tarl\u00e9 et Yorick Treille pour repr\u00e9senter la France aux Jeux Olympiques d&#8217;hiver de Milan-Cortina \ud83c\uddee\ud83c\uddf9<\/p>\n<p>\ud835\udc04\ud835\udc27\ud835\udc2c\ud835\udc1e\ud835\udc26\ud835\udc1b\ud835\udc25\ud835\udc1e, \ud835\udc2f\ud835\udc22\ud835\udc2f\ud835\udc28\ud835\udc27\ud835\udc2c \ud835\udc25\ud835\udc1e \ud835\udc2b\ud835\udc1e\u0302\ud835\udc2f\ud835\udc1e \ud835\udc28\ud835\udc25\ud835\udc32\ud835\udc26\ud835\udc29\ud835\udc22\ud835\udc2a\ud835\udc2e\ud835\udc1e \u2728<a href=\"https:\/\/twitter.com\/hashtag\/TeamFranceHockey?src=hash&amp;ref_src=twsrc%5Etfw\" rel=\"noopener nofollow\" target=\"_blank\">#TeamFranceHockey<\/a> <a href=\"https:\/\/t.co\/b7VKXlYCZ6\" rel=\"nofollow\">pic.twitter.com\/b7VKXlYCZ6<\/a><\/p>\n<p>\u2014 \u00c9quipes de France Hockey \ud83c\udfd2 (@Hockey_FRA) <a href=\"https:\/\/twitter.com\/Hockey_FRA\/status\/2003458090335903965?ref_src=twsrc%5Etfw\" rel=\"noopener nofollow\" target=\"_blank\">December 23, 2025<\/a><\/p><\/blockquote>\n<p><strong>LUE MY\u00d6S:\u00a0<a href=\"https:\/\/atleetti.fi\/jari-porttilan-blogi-niskasten-uhkapeli-tourilla\/\" target=\"_blank\" rel=\"nofollow noopener\">Jari Porttilan blogi: Niskasten uhkapeli Tourilla (Atleetti.fi) <\/a><\/strong><\/p>\n<p><script async src=\"https:\/\/platform.twitter.com\/widgets.js\" charset=\"utf-8\"><\/script><\/p>\n","protected":false},"excerpt":{"rendered":"Ranska on ensimm\u00e4isen\u00e4 maana ilmoittanut joukkueensa Milano Cortinan 2026 olympiakisojen j\u00e4\u00e4kiekkoon. Mukana on per\u00e4ti viisi pelaajaa Liigasta. Puolustajista&hellip;\n","protected":false},"author":2,"featured_media":125248,"comment_status":"","ping_status":"","sticky":false,"template":"","format":"standard","meta":{"footnotes":""},"categories":[158],"tags":[33,31,30,159,32,160],"class_list":{"0":"post-125247","1":"post","2":"type-post","3":"status-publish","4":"format-standard","5":"has-post-thumbnail","7":"category-urheilu","8":"tag-fi","9":"tag-finland","10":"tag-finnish","11":"tag-sports","12":"tag-suomi","13":"tag-urheilu"},"share_on_mastodon":{"url":"https:\/\/pubeurope.com\/@fi\/115778185045237481","error":""},"_links":{"self":[{"href":"https:\/\/www.europesays.com\/fi\/wp-json\/wp\/v2\/posts\/125247","targetHints":{"allow":["GET"]}}],"collection":[{"href":"https:\/\/www.europesays.com\/fi\/wp-json\/wp\/v2\/posts"}],"about":[{"href":"https:\/\/www.europesays.com\/fi\/wp-json\/wp\/v2\/types\/post"}],"author":[{"embeddable":true,"href":"https:\/\/www.europesays.com\/fi\/wp-json\/wp\/v2\/users\/2"}],"replies":[{"embeddable":true,"href":"https:\/\/www.europesays.com\/fi\/wp-json\/wp\/v2\/comments?post=125247"}],"version-history":[{"count":0,"href":"https:\/\/www.europesays.com\/fi\/wp-json\/wp\/v2\/posts\/125247\/revisions"}],"wp:featuredmedia":[{"embeddable":true,"href":"https:\/\/www.europesays.com\/fi\/wp-json\/wp\/v2\/media\/125248"}],"wp:attachment":[{"href":"https:\/\/www.europesays.com\/fi\/wp-json\/wp\/v2\/media?parent=125247"}],"wp:term":[{"taxonomy":"category","embeddable":true,"href":"https:\/\/www.europesays.com\/fi\/wp-json\/wp\/v2\/categories?post=125247"},{"taxonomy":"post_tag","embeddable":true,"href":"https:\/\/www.europesays.com\/fi\/wp-json\/wp\/v2\/tags?post=125247"}],"curies":[{"name":"wp","href":"https:\/\/api.w.org\/{rel}","templated":true}]}}