{"id":125251,"date":"2025-12-25T03:58:12","date_gmt":"2025-12-25T03:58:12","guid":{"rendered":"https:\/\/www.europesays.com\/fi\/125251\/"},"modified":"2025-12-25T03:58:12","modified_gmt":"2025-12-25T03:58:12","slug":"greta-thunberg-pidatettiin-lontoossa-ilta-sanomat","status":"publish","type":"post","link":"https:\/\/www.europesays.com\/fi\/125251\/","title":{"rendered":"Greta Thunberg pid\u00e4tettiin Lontoossa &#8211; Ilta-Sanomat"},"content":{"rendered":"<p>Thunberg osallistui protestiin tukeakseen vankilassa n\u00e4lk\u00e4lakkoilevia Palestiina-aktivisteja.<\/p>\n<p>23.12. 16:31<\/p>\n<p class=\"article-body mb-nof-24 px-nof-16\">Ruotsalainen aktivisti <a class=\"article-personlink\" href=\"https:\/\/www.is.fi\/haku\/?query=Greta%20Thunberg\" rel=\"nofollow noopener\" target=\"_blank\">Greta Thunberg<\/a> pid\u00e4tettiin tiistaina Lontoossa, uutisoivat <a class=\"underline underline-offset-[0.12em] [text-decoration-thickness:var(--generic-link-underline-thickness)] [text-decoration-color:var(--generic-link-underline-color)] [text-decoration-skip-ink:var(--generic-link-underline-skip-ink)] break-words\" href=\"https:\/\/news.sky.com\/story\/greta-thunberg-arrested-at-a-protest-supporting-palestine-action-hunger-strikers-13486842\" rel=\"nofollow noopener\" target=\"_blank\">Sky News<\/a> ja Reuters. Thunberg osallistui Britannian p\u00e4\u00e4kaupungissa protestiin, jossa tuettiin Palestiinaa tukevan Palestine Action -j\u00e4rjest\u00f6n pid\u00e4tettyjen j\u00e4senten n\u00e4lk\u00e4lakkoilua vankilassa.<\/p>\n<p class=\"article-body mb-nof-24 px-nof-16\">\u2013 Tuen Palestine Action -vankeja. Vastustan kansanmurhaa, luki Thunbergilla olevassa kyltiss\u00e4, jonka poliisit ottivat h\u00e4nelt\u00e4 pois pid\u00e4tyksen yhteydess\u00e4.<\/p>\n<p class=\"article-body mb-nof-24 px-nof-16\">Reutersin julkaiseman videon perusteella pid\u00e4tys vaikutti sujuvan rauhanomaisesti. Uutistoimiston mukaan Thunberg otettiin kiinni terrorismilakien perusteella, sill\u00e4 Britannian hallitus on m\u00e4\u00e4ritt\u00e4nyt h\u00e4nen tukemansa j\u00e4rjest\u00f6n terroristiryhm\u00e4ksi.<\/p>\n<p class=\"article-body mb-nof-24 px-nof-16\">Lontoon Cityn poliisin tiedottaja kertoi Reutersille, ett\u00e4 kaksi mielenosoittajaa oli pid\u00e4tetty, koska n\u00e4m\u00e4 olivat heitt\u00e4neet punaista maalia p\u00e4in rakennusta.<\/p>\n<p class=\"article-body mb-nof-24 px-nof-16\">\u2013 Hieman my\u00f6hemmin paikalle tuli my\u00f6s 22-vuotias nainen. H\u00e4net on pid\u00e4tetty kielletty\u00e4 j\u00e4rjest\u00f6\u00e4 tukevan esineen n\u00e4ytt\u00e4misest\u00e4, kertoi poliisin tiedottaja julkaisemassaan lausunnossa Thunbergiin viitaten.<\/p>\n<p><img decoding=\"async\" src=\"https:\/\/www.europesays.com\/fi\/wp-content\/uploads\/2025\/12\/1766635092_98_468.jpg\" alt=\"Uutistoimiston mukaan Thunberg otettiin kiinni terrorismilakien perusteella, sill\u00e4 Britannian hallitus on m\u00e4\u00e4ritt\u00e4nyt h\u00e4nen tukemansa j\u00e4rjest\u00f6n terroristiryhm\u00e4ksi.\" class=\"_Img_1rerz_1\" style=\"aspect-ratio:1.4988290398126465\" loading=\"eager\"\/><\/p>\n<p class=\"article-picture-caption\">Uutistoimiston mukaan Thunberg otettiin kiinni terrorismilakien perusteella, sill\u00e4 Britannian hallitus on m\u00e4\u00e4ritt\u00e4nyt h\u00e4nen tukemansa j\u00e4rjest\u00f6n terroristiryhm\u00e4ksi. Kuva:\u00a0Prisoners for Palestine \/ REUTERS<\/p>\n<p class=\"article-body mb-nof-24 px-nof-16\">Kahdeksan oikeudenk\u00e4yntej\u00e4\u00e4n odottavan Palestiina-aktivistin n\u00e4lk\u00e4lakko k\u00e4ynnistyi joulukuun alussa. <a class=\"underline underline-offset-[0.12em] [text-decoration-thickness:var(--generic-link-underline-thickness)] [text-decoration-color:var(--generic-link-underline-color)] [text-decoration-skip-ink:var(--generic-link-underline-skip-ink)] break-words\" href=\"https:\/\/www.bbc.com\/news\/articles\/c93n592320do\" rel=\"nofollow noopener\" target=\"_blank\">BBC<\/a> kertoi maanantaina, ett\u00e4 ainakin kolme heist\u00e4 on lopettanut n\u00e4lk\u00e4lakkonsa.<\/p>\n<p class=\"article-body mb-nof-24 px-nof-16\">Yksi ryhm\u00e4n j\u00e4senist\u00e4 on aktivistien mukaan siirtynyt ajoittaiseen sy\u00f6misest\u00e4 kielt\u00e4ytymiseen perussairaudestaan johtuen. Nelj\u00e4 jatkaa edelleen n\u00e4lk\u00e4lakossa.<\/p>\n<p class=\"article-body mb-nof-24 px-nof-16\">N\u00e4lk\u00e4lakkoilijat vaativat Britanniaa karkottamaan maaper\u00e4lt\u00e4\u00e4n Israelille aseita toimittavat tehtaat. Lis\u00e4ksi he vaativat Palestine Actionia koskevan kiellon kumoamista, pid\u00e4tettyjen kaltoinkohtelun lopettamista sek\u00e4 heid\u00e4n vapauttamistaan v\u00e4litt\u00f6m\u00e4sti takuita vastaan.<\/p>\n<p class=\"article-body mb-nof-24 px-nof-16\">BBC:n mukaan Britannian korkein oikeus tarkastelee parhaillaan uudelleen sis\u00e4ministerin p\u00e4\u00e4t\u00f6st\u00e4 kielt\u00e4\u00e4 Palestine Action. Uutta p\u00e4\u00e4t\u00f6st\u00e4 asiasta odotetaan vuodenvaihteen tienoilla.<\/p>\n<p class=\"article-body mb-nof-24 px-nof-16\">Useat poliitikot ovat vierailleet pid\u00e4tettyjen luona ja osa heist\u00e4 on varoittanut n\u00e4iden heikkenev\u00e4st\u00e4 kunnosta. Brittihallitus on kuitenkin kielt\u00e4ytynyt tiukasti puuttumasta k\u00e4ynniss\u00e4 oleviin oikeusprosesseihin.<\/p>\n<p class=\"article-body mb-nof-24 px-nof-16\">Thunberg on pid\u00e4tetty mielenosoituksissa eri maissa aiemminkin. Aiemmin joulukuussa h\u00e4n sai Suomessa syytteen niskoittelusta poliisia vastaan. Taustalla on Helsingiss\u00e4 kes\u00e4kuussa 2024 j\u00e4rjestetty Elokapinan protesti, jonka yhteydess\u00e4 h\u00e4net pid\u00e4tettiin.<\/p>\n","protected":false},"excerpt":{"rendered":"Thunberg osallistui protestiin tukeakseen vankilassa n\u00e4lk\u00e4lakkoilevia Palestiina-aktivisteja. 23.12. 16:31 Ruotsalainen aktivisti Greta Thunberg pid\u00e4tettiin tiistaina Lontoossa, uutisoivat Sky&hellip;\n","protected":false},"author":2,"featured_media":125252,"comment_status":"","ping_status":"","sticky":false,"template":"","format":"standard","meta":{"footnotes":""},"categories":[14],"tags":[22,23,26,27,33,31,30,17,34,24,25,28,29,15,18,21,32,19,20,56,16,59,60,61],"class_list":{"0":"post-125251","1":"post","2":"type-post","3":"status-publish","4":"format-standard","5":"has-post-thumbnail","7":"category-ulkomaat","8":"tag-breaking-news","9":"tag-breakingnews","10":"tag-featured-news","11":"tag-featurednews","12":"tag-fi","13":"tag-finland","14":"tag-finnish","15":"tag-headlines","16":"tag-ilta-sanomat","17":"tag-latest-news","18":"tag-latestnews","19":"tag-main-news","20":"tag-mainnews","21":"tag-news","22":"tag-otsikot","23":"tag-paauutiset","24":"tag-suomi","25":"tag-top-stories","26":"tag-topstories","27":"tag-ulkomaat","28":"tag-uutiset","29":"tag-world","30":"tag-world-news","31":"tag-worldnews"},"share_on_mastodon":{"url":"https:\/\/pubeurope.com\/@fi\/115778205072480837","error":""},"_links":{"self":[{"href":"https:\/\/www.europesays.com\/fi\/wp-json\/wp\/v2\/posts\/125251","targetHints":{"allow":["GET"]}}],"collection":[{"href":"https:\/\/www.europesays.com\/fi\/wp-json\/wp\/v2\/posts"}],"about":[{"href":"https:\/\/www.europesays.com\/fi\/wp-json\/wp\/v2\/types\/post"}],"author":[{"embeddable":true,"href":"https:\/\/www.europesays.com\/fi\/wp-json\/wp\/v2\/users\/2"}],"replies":[{"embeddable":true,"href":"https:\/\/www.europesays.com\/fi\/wp-json\/wp\/v2\/comments?post=125251"}],"version-history":[{"count":0,"href":"https:\/\/www.europesays.com\/fi\/wp-json\/wp\/v2\/posts\/125251\/revisions"}],"wp:featuredmedia":[{"embeddable":true,"href":"https:\/\/www.europesays.com\/fi\/wp-json\/wp\/v2\/media\/125252"}],"wp:attachment":[{"href":"https:\/\/www.europesays.com\/fi\/wp-json\/wp\/v2\/media?parent=125251"}],"wp:term":[{"taxonomy":"category","embeddable":true,"href":"https:\/\/www.europesays.com\/fi\/wp-json\/wp\/v2\/categories?post=125251"},{"taxonomy":"post_tag","embeddable":true,"href":"https:\/\/www.europesays.com\/fi\/wp-json\/wp\/v2\/tags?post=125251"}],"curies":[{"name":"wp","href":"https:\/\/api.w.org\/{rel}","templated":true}]}}