{"id":125261,"date":"2025-12-25T04:28:20","date_gmt":"2025-12-25T04:28:20","guid":{"rendered":"https:\/\/www.europesays.com\/fi\/125261\/"},"modified":"2025-12-25T04:28:20","modified_gmt":"2025-12-25T04:28:20","slug":"finnairin-lento-joutui-tekemaan-valilaskun","status":"publish","type":"post","link":"https:\/\/www.europesays.com\/fi\/125261\/","title":{"rendered":"Finnairin lento joutui tekem\u00e4\u00e4n v\u00e4lilaskun"},"content":{"rendered":"<p>Matkustaja sai sairaskohtauksen Finnairin lennolla Helsingist\u00e4 Phuketiin. Kone teki v\u00e4lilaskun Azerbaid\u017eaniin. <\/p>\n<p><img decoding=\"async\" class=\"image image-show image-preview\" src=\"https:\/\/www.europesays.com\/fi\/wp-content\/uploads\/2025\/12\/34b8cea293aeb39597f95d2f810282ba7bedd32a3a59c8da76d52dfba82b5df6.jpg\" alt=\"\"\/><img decoding=\"async\" class=\"image image-show\" src=\"https:\/\/www.europesays.com\/fi\/wp-content\/uploads\/2025\/12\/1766636900_447_34b8cea293aeb39597f95d2f810282ba7bedd32a3a59c8da76d52dfba82b5df6.jpg\" alt=\"\"\/><\/p>\n<p>V\u00e4lilasku kesti kolme tuntia. Kuvituskuva.  TIINA SOMERPURO\n<\/p>\n<p class=\"paragraph\">Finnairin lento Helsingist\u00e4 Thaimaahan Phuketiin joutui tekem\u00e4\u00e4n v\u00e4lilaskun sairaskohtauksen takia.<\/p>\n<p class=\"paragraph\">Asia vahvistetaan Iltalehdelle Finnairin viestinn\u00e4st\u00e4.<\/p>\n<p class=\"paragraph\">Lento l\u00e4hti maanantaina 22. joulukuuta hieman ennen kello 17 Helsingist\u00e4 kohti Phuketia. Koneen matkustaja sai sairaskohtauksen ja kone teki v\u00e4lilaskun Bakun lentoasemalle Azerbaid\u017eaniin.<\/p>\n<p class=\"paragraph\">\u2013 Lentoon tuli laskeutumisesta kolmen tunnin viive. Lentokone p\u00e4\u00e4si tankkauksen j\u00e4lkeen jatkamaan matkaa ja lopulta saapui Phuketiin, viestinn\u00e4st\u00e4 kerrotaan.<\/p>\n","protected":false},"excerpt":{"rendered":"Matkustaja sai sairaskohtauksen Finnairin lennolla Helsingist\u00e4 Phuketiin. Kone teki v\u00e4lilaskun Azerbaid\u017eaniin. V\u00e4lilasku kesti kolme tuntia. Kuvituskuva. TIINA SOMERPURO&hellip;\n","protected":false},"author":2,"featured_media":125262,"comment_status":"","ping_status":"","sticky":false,"template":"","format":"standard","meta":{"footnotes":""},"categories":[12],"tags":[35,22,23,26,27,33,31,30,17,3220,24,25,3219,2910,121,28,29,923,15,18,21,32,19,20,16],"class_list":{"0":"post-125261","1":"post","2":"type-post","3":"status-publish","4":"format-standard","5":"has-post-thumbnail","7":"category-suomi","8":"tag-24h","9":"tag-breaking-news","10":"tag-breakingnews","11":"tag-featured-news","12":"tag-featurednews","13":"tag-fi","14":"tag-finland","15":"tag-finnish","16":"tag-headlines","17":"tag-ilmakulkuneuvot","18":"tag-latest-news","19":"tag-latestnews","20":"tag-lentokoneet","21":"tag-lentoliikenne-ilmaliikenne","22":"tag-liikenne-ja-kuljetus","23":"tag-main-news","24":"tag-mainnews","25":"tag-matkustaminen","26":"tag-news","27":"tag-otsikot","28":"tag-paauutiset","29":"tag-suomi","30":"tag-top-stories","31":"tag-topstories","32":"tag-uutiset"},"share_on_mastodon":{"url":"https:\/\/pubeurope.com\/@fi\/115778323808745213","error":""},"_links":{"self":[{"href":"https:\/\/www.europesays.com\/fi\/wp-json\/wp\/v2\/posts\/125261","targetHints":{"allow":["GET"]}}],"collection":[{"href":"https:\/\/www.europesays.com\/fi\/wp-json\/wp\/v2\/posts"}],"about":[{"href":"https:\/\/www.europesays.com\/fi\/wp-json\/wp\/v2\/types\/post"}],"author":[{"embeddable":true,"href":"https:\/\/www.europesays.com\/fi\/wp-json\/wp\/v2\/users\/2"}],"replies":[{"embeddable":true,"href":"https:\/\/www.europesays.com\/fi\/wp-json\/wp\/v2\/comments?post=125261"}],"version-history":[{"count":0,"href":"https:\/\/www.europesays.com\/fi\/wp-json\/wp\/v2\/posts\/125261\/revisions"}],"wp:featuredmedia":[{"embeddable":true,"href":"https:\/\/www.europesays.com\/fi\/wp-json\/wp\/v2\/media\/125262"}],"wp:attachment":[{"href":"https:\/\/www.europesays.com\/fi\/wp-json\/wp\/v2\/media?parent=125261"}],"wp:term":[{"taxonomy":"category","embeddable":true,"href":"https:\/\/www.europesays.com\/fi\/wp-json\/wp\/v2\/categories?post=125261"},{"taxonomy":"post_tag","embeddable":true,"href":"https:\/\/www.europesays.com\/fi\/wp-json\/wp\/v2\/tags?post=125261"}],"curies":[{"name":"wp","href":"https:\/\/api.w.org\/{rel}","templated":true}]}}