{"id":125265,"date":"2025-12-25T04:51:14","date_gmt":"2025-12-25T04:51:14","guid":{"rendered":"https:\/\/www.europesays.com\/fi\/125265\/"},"modified":"2025-12-25T04:51:14","modified_gmt":"2025-12-25T04:51:14","slug":"marsusta-tuli-supersankari-koska-se-on-jahmea-ja-salaperainen-paikallislehti-sisa-savo","status":"publish","type":"post","link":"https:\/\/www.europesays.com\/fi\/125265\/","title":{"rendered":"Marsusta tuli supersankari, koska se on j\u00e4hme\u00e4 ja salaper\u00e4inen &#8211; Paikallislehti Sis\u00e4-Savo"},"content":{"rendered":"<ol>\n<li><a href=\"https:\/\/news.google.com\/rss\/articles\/CBMiXkFVX3lxTE1oWkQ3MkMxai0tbEtoM3JRS1YyaG9BNzl5RkFCY2JOYUs5Q2l0a3oxRmt0SV8zZnBsdHFvZ2xGcGZnSlAzekhhc0paQnpwZzlDOHlyb1BZNmc5M0xrc3c?oc=5\" target=\"_blank\" rel=\"nofollow noopener\">Marsusta tuli supersankari, koska se on j\u00e4hme\u00e4 ja salaper\u00e4inen<\/a>&nbsp;&nbsp;Paikallislehti Sis\u00e4-Savo<\/li>\n<li><a href=\"https:\/\/news.google.com\/rss\/articles\/CBMiWkFVX3lxTE5kVWZpQ041TExMVnFBX0hZcGppZFlXZkliMWhMdGc5eVdGTFkyT1ZlS2hGMzJHUkpsbFdyWE9tM0RlVzNPeURrNkxEbHYtT0FuLXF6RUVBWHJOUQ?oc=5\" target=\"_blank\" rel=\"nofollow noopener\">Elokuva-arvio | Supermarsusta alkaa olla puhti poissa<\/a>&nbsp;&nbsp;HS.fi<\/li>\n<li><a href=\"https:\/\/news.google.com\/rss\/articles\/CBMijgFBVV95cUxPNWI3MDU0VG93UllHMFhPVmQ1bmZuWXptejRHOFN6Rk9jVlNiSUxKakZ6NXRIVHZRZmdSQ1BfTWxocHlXakFJQXZEV0hWQzRQVUdSUWx4SzFQSGZhVDdIZFhyTk1ua1k2MFNQVFRvZVdXRGtFMF8yZnJRTnhHOVNzMFdBZlJNcHJTbXJJSC13?oc=5\" target=\"_blank\" rel=\"nofollow noopener\">Essi Hell\u00e9n palaa valkokankaalle vuosien tauon j\u00e4lkeen \u2013 12-vuotias tyt\u00e4r sai p\u00e4\u00e4roolin samasta elokuvasta<\/a>&nbsp;&nbsp;Lapin Kansa<\/li>\n<li><a href=\"https:\/\/news.google.com\/rss\/articles\/CBMiWEFVX3lxTFA2cUMxQ0ZlMzNqemZ6WDhzTDlQdkUzbXZjNnRydFBVclk0Y1h5N2NCdVhfQWl5NkhOajA1ZTlpVjlIY2l5cklnVURhTThCaTBMNjRtY2dkb3E?oc=5\" target=\"_blank\" rel=\"nofollow noopener\">Elokuvat | Supermarsu-leffan tekij\u00e4 Paula Noronen h\u00e4keltyi lapsin\u00e4yttelij\u00f6iden taidoista \u2013 &#8221;Olin haavi auki&#8221;<\/a>&nbsp;&nbsp;L\u00e4nsiv\u00e4yl\u00e4<\/li>\n<li><a href=\"https:\/\/news.google.com\/rss\/articles\/CBMibEFVX3lxTE9kTzBUT2Y3ZUtjaUtOMUd4WGlZRkFMR0JLaW1qaC1ZdEMzREktSllPRWhjSTNOcFZ0UWxsZnI4TG1CMkVkM1hDemFqcm1GeU5kQzdmRVktTzZ5dGY2QVM5aDJFMk9hR0ktYzd5Xw?oc=5\" target=\"_blank\" rel=\"nofollow noopener\">Supermarsu ja suuri huijaus \u2013 elokuvan arvostelu<\/a>&nbsp;&nbsp;Episodi.fi<\/li>\n<\/ol>\n","protected":false},"excerpt":{"rendered":"Marsusta tuli supersankari, koska se on j\u00e4hme\u00e4 ja salaper\u00e4inen&nbsp;&nbsp;Paikallislehti Sis\u00e4-Savo Elokuva-arvio | Supermarsusta alkaa olla puhti poissa&nbsp;&nbsp;HS.fi Essi&hellip;\n","protected":false},"author":2,"featured_media":125266,"comment_status":"","ping_status":"","sticky":false,"template":"","format":"standard","meta":{"footnotes":""},"categories":[130],"tags":[137,33,31,30,104,964,1133,2001,379,983,32,140,109],"class_list":{"0":"post-125265","1":"post","2":"type-post","3":"status-publish","4":"format-standard","5":"has-post-thumbnail","7":"category-viihde","8":"tag-entertainment","9":"tag-fi","10":"tag-finland","11":"tag-finnish","12":"tag-helsinki","13":"tag-jarvenpaa","14":"tag-joensuu","15":"tag-kirjailijat","16":"tag-kirjallisuus","17":"tag-mysteerit","18":"tag-suomi","19":"tag-tv-ja-elokuvat","20":"tag-viihde"},"share_on_mastodon":{"url":"https:\/\/pubeurope.com\/@fi\/115778413118072360","error":""},"_links":{"self":[{"href":"https:\/\/www.europesays.com\/fi\/wp-json\/wp\/v2\/posts\/125265","targetHints":{"allow":["GET"]}}],"collection":[{"href":"https:\/\/www.europesays.com\/fi\/wp-json\/wp\/v2\/posts"}],"about":[{"href":"https:\/\/www.europesays.com\/fi\/wp-json\/wp\/v2\/types\/post"}],"author":[{"embeddable":true,"href":"https:\/\/www.europesays.com\/fi\/wp-json\/wp\/v2\/users\/2"}],"replies":[{"embeddable":true,"href":"https:\/\/www.europesays.com\/fi\/wp-json\/wp\/v2\/comments?post=125265"}],"version-history":[{"count":0,"href":"https:\/\/www.europesays.com\/fi\/wp-json\/wp\/v2\/posts\/125265\/revisions"}],"wp:featuredmedia":[{"embeddable":true,"href":"https:\/\/www.europesays.com\/fi\/wp-json\/wp\/v2\/media\/125266"}],"wp:attachment":[{"href":"https:\/\/www.europesays.com\/fi\/wp-json\/wp\/v2\/media?parent=125265"}],"wp:term":[{"taxonomy":"category","embeddable":true,"href":"https:\/\/www.europesays.com\/fi\/wp-json\/wp\/v2\/categories?post=125265"},{"taxonomy":"post_tag","embeddable":true,"href":"https:\/\/www.europesays.com\/fi\/wp-json\/wp\/v2\/tags?post=125265"}],"curies":[{"name":"wp","href":"https:\/\/api.w.org\/{rel}","templated":true}]}}