{"id":125269,"date":"2025-12-25T04:55:14","date_gmt":"2025-12-25T04:55:14","guid":{"rendered":"https:\/\/www.europesays.com\/fi\/125269\/"},"modified":"2025-12-25T04:55:14","modified_gmt":"2025-12-25T04:55:14","slug":"venajan-kulttuurista-on-perustava-vaarinkasitys","status":"publish","type":"post","link":"https:\/\/www.europesays.com\/fi\/125269\/","title":{"rendered":"\u201dVen\u00e4j\u00e4n kulttuurista on perustava v\u00e4\u00e4rink\u00e4sitys\u201d"},"content":{"rendered":"<p>L\u00e4nness\u00e4 ei nimekk\u00e4\u00e4n amerikkalaisen ulko- ja turvallisuuspolitiikan tutkijan, professori <strong>Andrew Michtan<\/strong> mielest\u00e4 edelleenk\u00e4\u00e4n ymm\u00e4rret\u00e4, mitk\u00e4 tekij\u00e4t ohjaavat Ven\u00e4j\u00e4n toimia kansainv\u00e4lisess\u00e4 j\u00e4rjestelm\u00e4ss\u00e4 ja miten niihin tulisi reagoida.<\/p>\n<p>My\u00f6s useat Yhdysvaltain presidentit ovat h\u00e4nen mukaansa k\u00e4ynnist\u00e4neet erilaisia ep\u00e4onnistuneita politiikkahankkeita toimivan yhteisty\u00f6suhteen luomiseksi, mutta lopulta kerta toisensa j\u00e4lkeen ymm\u00e4rt\u00e4neet, ett\u00e4 ainoa vaihtoehto on keskitty\u00e4 patoamaan Ven\u00e4j\u00e4n laajentumispyrkimyksi\u00e4.<\/p>\n<p>\u2013 Viime aikoina presidentti <strong>Donald Trump<\/strong> on yritt\u00e4nyt aloittaa puhtaalta p\u00f6yd\u00e4lt\u00e4 Yhdysvaltojen suhteet Ven\u00e4j\u00e4\u00e4n, mutta h\u00e4nen ponnistelunsa ovat toistaiseksi olleet tuloksettomia, kuten edelt\u00e4jiens\u00e4kin. Niin kuin aiemminkin, syy ep\u00e4onnistumisiin on j\u00e4lleen perustavanlaatuinen v\u00e4\u00e4rink\u00e4sitys siit\u00e4, mik\u00e4 Ven\u00e4j\u00e4 on ja mik\u00e4 ohjaa sen geopoliittisia valintoja, Floridan yliopiston Hamilton Schoolin strategisen tutkimuksen professorina toimiva Michta <a href=\"https:\/\/www.realcleardefense.com\/articles\/2025\/12\/20\/the_west_doesnt_understand_russia_1154538.html\" target=\"_blank\" rel=\"nofollow noopener\">kirjoittaa<\/a> Real Clear Defense -julkaisussa.<\/p>\n<p>Ven\u00e4j\u00e4 ei h\u00e4nen mukaansa ole nykyisin eik\u00e4 ole koskaan ollutkaan kansallisvaltio sellaisessa mieless\u00e4, johon l\u00e4nsimainen demokratia perustuu. Maata on historiallisesti luonnehtinut keskitetty hallinto, jonka perustana ovat valtion oikeuttama v\u00e4kivalta ja ensin tsaristinen, sitten kommunistinen ja nyt <strong>Vladimir Putinin<\/strong> ymp\u00e4rille luotu ortodoksinen ja \u201deuraasialainen\u201d absolutismi. T\u00e4ss\u00e4 ajattelussa pyrkimys imperiumin laajentamiseen on n\u00e4ytellyt vuosisadasta toiseen keskeist\u00e4 roolia.<\/p>\n<p>\u2013 Yksinkertaisesti sanottuna Ven\u00e4j\u00e4 ei pysty olemaan olemassa ilman laajentumispyrkimyst\u00e4\u00e4n, sill\u00e4 vain jatkuva laajentuminen voi tuottaa tarvittavat keskipakoisvoimat, jotka pit\u00e4v\u00e4t yhdess\u00e4 imperiumin kahlittujen kansojen mosaiikin, Michta toteaa.<\/p>\n<p>My\u00f6s Trumpin hallinto joutuu h\u00e4nen mukaansa pian huomaamaan, ett\u00e4 Kreml on todellisuudessa kiinnostunut yksinomaan entisen imperiuminsa palauttamisesta ja ett\u00e4 kaikki n\u00e4enn\u00e4iset my\u00f6nnytykset ovat vain keinoja t\u00e4m\u00e4n p\u00e4\u00e4m\u00e4\u00e4r\u00e4n saavuttamiseksi.<\/p>\n<p>\u2013 Vladimir Putinille mik\u00e4\u00e4n hinta \u2013 inhimillinen tai taloudellinen \u2013 ei ole liian suuri imperiumin statuksen ja vaikutusvallan palauttamiseksi. Neuvostoliiton hajoamista Putin on kutsunut vuosisadan suurimmaksi geopoliittiseksi katastrofiksi, Michta painottaa.<\/p>\n<p>Ven\u00e4j\u00e4n yleistavoitteena on h\u00e4nen mukaansa Ukrainan valtion t\u00e4ydellinen alistaminen ja lopulta sen tuhoaminen. Putin ei todellisuudessa miell\u00e4 sotaansa kamppailuksi Ukrainan alueista eik\u00e4 ven\u00e4j\u00e4nkielisten oikeuksista, vaan taisteluksi koko l\u00e4ntist\u00e4 sivilisaatiota vastaan.<\/p>\n<p>\u2013 Trumpin hallinto ei ole ymm\u00e4rt\u00e4nyt, ett\u00e4 Moskovan imperialistista laajentumista voidaan vain hillit\u00e4, rajoittaa tai rauhoittaa. Kuvitelma siit\u00e4, ett\u00e4 kest\u00e4v\u00e4t, molempia osapuolia hy\u00f6dytt\u00e4v\u00e4t suhteet Yhdysvaltojen ja Ven\u00e4j\u00e4n v\u00e4lill\u00e4 olisivat saavutettavissa, on perustavanlaatuinen v\u00e4\u00e4rink\u00e4sitys Ven\u00e4j\u00e4n strategisesta kulttuurista ja siit\u00e4, miten maan historia on Putinin ideologiaa muovannut, Michta toteaa.<\/p>\n<p>Ennen nykyist\u00e4 teht\u00e4v\u00e4\u00e4ns\u00e4 Michta on toiminut muun muassa johtajana Atlantic Council -ajatushautomossa, George C. Marshall European Center -instituutin kansainv\u00e4listen suhteiden laitoksen dekaanina sek\u00e4 professorina Yhdysvaltain laivastoakatemiassa.<\/p>\n","protected":false},"excerpt":{"rendered":"L\u00e4nness\u00e4 ei nimekk\u00e4\u00e4n amerikkalaisen ulko- ja turvallisuuspolitiikan tutkijan, professori Andrew Michtan mielest\u00e4 edelleenk\u00e4\u00e4n ymm\u00e4rret\u00e4, mitk\u00e4 tekij\u00e4t ohjaavat Ven\u00e4j\u00e4n&hellip;\n","protected":false},"author":2,"featured_media":125270,"comment_status":"","ping_status":"","sticky":false,"template":"","format":"standard","meta":{"footnotes":""},"categories":[14],"tags":[22,23,26,27,33,31,30,17,24,25,28,29,15,18,21,32,19,20,56,16,59,60,61],"class_list":{"0":"post-125269","1":"post","2":"type-post","3":"status-publish","4":"format-standard","5":"has-post-thumbnail","7":"category-ulkomaat","8":"tag-breaking-news","9":"tag-breakingnews","10":"tag-featured-news","11":"tag-featurednews","12":"tag-fi","13":"tag-finland","14":"tag-finnish","15":"tag-headlines","16":"tag-latest-news","17":"tag-latestnews","18":"tag-main-news","19":"tag-mainnews","20":"tag-news","21":"tag-otsikot","22":"tag-paauutiset","23":"tag-suomi","24":"tag-top-stories","25":"tag-topstories","26":"tag-ulkomaat","27":"tag-uutiset","28":"tag-world","29":"tag-world-news","30":"tag-worldnews"},"share_on_mastodon":{"url":"https:\/\/pubeurope.com\/@fi\/115778428823207843","error":""},"_links":{"self":[{"href":"https:\/\/www.europesays.com\/fi\/wp-json\/wp\/v2\/posts\/125269","targetHints":{"allow":["GET"]}}],"collection":[{"href":"https:\/\/www.europesays.com\/fi\/wp-json\/wp\/v2\/posts"}],"about":[{"href":"https:\/\/www.europesays.com\/fi\/wp-json\/wp\/v2\/types\/post"}],"author":[{"embeddable":true,"href":"https:\/\/www.europesays.com\/fi\/wp-json\/wp\/v2\/users\/2"}],"replies":[{"embeddable":true,"href":"https:\/\/www.europesays.com\/fi\/wp-json\/wp\/v2\/comments?post=125269"}],"version-history":[{"count":0,"href":"https:\/\/www.europesays.com\/fi\/wp-json\/wp\/v2\/posts\/125269\/revisions"}],"wp:featuredmedia":[{"embeddable":true,"href":"https:\/\/www.europesays.com\/fi\/wp-json\/wp\/v2\/media\/125270"}],"wp:attachment":[{"href":"https:\/\/www.europesays.com\/fi\/wp-json\/wp\/v2\/media?parent=125269"}],"wp:term":[{"taxonomy":"category","embeddable":true,"href":"https:\/\/www.europesays.com\/fi\/wp-json\/wp\/v2\/categories?post=125269"},{"taxonomy":"post_tag","embeddable":true,"href":"https:\/\/www.europesays.com\/fi\/wp-json\/wp\/v2\/tags?post=125269"}],"curies":[{"name":"wp","href":"https:\/\/api.w.org\/{rel}","templated":true}]}}