{"id":125273,"date":"2025-12-25T04:57:12","date_gmt":"2025-12-25T04:57:12","guid":{"rendered":"https:\/\/www.europesays.com\/fi\/125273\/"},"modified":"2025-12-25T04:57:12","modified_gmt":"2025-12-25T04:57:12","slug":"arhakka-talvimyrsky-ennusteessa-hirmumyrskypuuskat-ja-10-metriset-aallot-mahdollisia-forecan-saauutiset-ja-blogi","status":"publish","type":"post","link":"https:\/\/www.europesays.com\/fi\/125273\/","title":{"rendered":"\u00c4rh\u00e4kk\u00e4 talvimyrsky ennusteessa: Hirmumyrskypuuskat ja 10-metriset aallot mahdollisia &#8211;\u00a0Forecan s\u00e4\u00e4uutiset ja blogi"},"content":{"rendered":"<p><a href=\"https:\/\/www.foreca.fi\/meteorologilta\/uutiset\" rel=\"nofollow noopener\" target=\"_blank\">Uutiset<\/a> | Julkaistu eilen klo 18.08<img decoding=\"async\" alt=\"Lunta p\u00f6llytt\u00e4v\u00e4 kova tuuli heikent\u00e4\u00e4 n\u00e4kyvyytt\u00e4.\" src=\"https:\/\/www.europesays.com\/fi\/wp-content\/uploads\/2025\/12\/p\u00f6lly\u00e4v\u00e4\u00e4 lunta-0-a8n516ep.jpg\" title=\"P\u00f6lly\u00e4v\u00e4\u00e4 lunta\"\/>Joulun v\u00e4lip\u00e4ivin\u00e4 tuulet voimistuvat selv\u00e4sti ja Suomea riepottelee talvimyrsky. Kuva: Pertti Karjalainen, Kajaani<\/p>\n<p><strong>Jouluviikon s\u00e4\u00e4ss\u00e4 monta k\u00e4\u00e4nnett\u00e4 ompi. Joulup\u00e4iv\u00e4n\u00e4 f\u00f6hn-tuuli lauhduttaa Suomen plusasteille, mutta joulun v\u00e4lip\u00e4ivin\u00e4 raivokas pohjoistuuli puskee maahamme hyvin kylm\u00e4\u00e4 ilmaa ja lumikuuroja. Lauantaina ja sunnuntaina merialueilla mitataan myrskytuulia ja maa-alueillakin on paikoin vahinkoa aiheuttavia myrskypuuskia. Paluuliikenteess\u00e4 on my\u00f6s syyt\u00e4 varautua sakeisiin lumikuuroihin.<\/strong><\/p>\n<p>Joulup\u00e4iv\u00e4\u00e4 on vietetty suuressa osassa maata pikkupakkasessa, l\u00e4nsirannikon tuntumassa l\u00e4mp\u00f6tila on kivunnut nollan asteen yl\u00e4puolelle.<\/p>\n<p>Lapissa j\u00e4\u00e4t\u00e4v\u00e4 sade on vaikeuttanut mm. lentoliikennett\u00e4. Esimerkiksi Rovaniemen alueella havaittiin j\u00e4\u00e4t\u00e4v\u00e4\u00e4 sadetta, vaikka ilman l\u00e4mp\u00f6tila olikin noin 10 astetta pakkasen puolella. N\u00e4in kylmiss\u00e4 lukemissa alij\u00e4\u00e4htyneet pisarat tarttuvat v\u00e4litt\u00f6m\u00e4sti kiinni kylmiin pintoihin ja aiheuttavat harmia liikenteess\u00e4.<\/p>\n<p><strong>Lue my\u00f6s:\u00a0<a href=\"https:\/\/www.foreca.fi\/s%C3%A4%C3%A4pedia\/s5gh3vl8\" rel=\"nofollow noopener\" target=\"_blank\">J\u00e4\u00e4t\u00e4v\u00e4 sade ja j\u00e4\u00e4t\u00e4v\u00e4 tihku viritt\u00e4v\u00e4t autoille j\u00e4\u00e4kent\u00e4n<\/a><\/strong><\/p>\n<p>Joulup\u00e4iv\u00e4n\u00e4 f\u00f6hn-tuuli l\u00e4mmitt\u00e4\u00e4<\/p>\n<p>Joulup\u00e4iv\u00e4n\u00e4 torstaina Suomessa vallitsee voimakas ja lauha f\u00f6hn-tuuli. Ilmi\u00f6 syntyy, kun Norjan vuoristo saa runsaita sateita ja tiivistymisen yhteydess\u00e4 ilmaan vapautuu l\u00e4mp\u00f6\u00e4. Kun kuivempi ilma laskeutuu vuoriston it\u00e4rinnett\u00e4 pitkin alasp\u00e4in, l\u00e4mpenee se useilla asteilla verrattuna l\u00e4ht\u00f6tilanteeseen. Mit\u00e4 voimakkaampi tuuli on, sit\u00e4 paremmin f\u00f6hn-ilmi\u00f6 tuntuu my\u00f6s Suomessa.<\/p>\n<p>Joulup\u00e4iv\u00e4n\u00e4 lumi-, r\u00e4nt\u00e4- ja vesikuuroja tulee Pohjois-Karjalassa ja Pohjois-Suomessa. V\u00e4liin mahtuu selke\u00e4mpi\u00e4kin hetki\u00e4. Etel\u00e4ss\u00e4 pilvisyys vaihtelee, ja iltap\u00e4iv\u00e4 on p\u00e4\u00e4osin poutainen.<\/p>\n<p>F\u00f6hn-ilmi\u00f6n vaikutus tuntuu parhaiten l\u00e4nsirannikon tuntumassa, miss\u00e4 l\u00e4mp\u00f6tila kipuaa ylimmill\u00e4\u00e4n jopa noin seitsem\u00e4\u00e4n l\u00e4mp\u00f6asteeseen. Muuallakin maassa on yleisesti l\u00e4mp\u00f6asteita, ja erityisesti maan l\u00e4nsiosassa ja pohjoisessa on vuodenaikaan n\u00e4hden varsin lauhaa.<\/p>\n<p>Artikkeli jatkuu mainoksen j\u00e4lkeen<\/p>\n<p>L\u00e4mp\u00f6asteista huolimatta on syyt\u00e4 kiinnitt\u00e4\u00e4 huomiota tien pintaan. Vaikka ilman l\u00e4mp\u00f6tila onkin nollan yl\u00e4puolella, tien pinnoilla l\u00e4mp\u00f6tila laskee nopeasti pakkaselle, jos taivas selkenee. Liukkaus on mahdollista erityisesti maan pohjoisosassa.<\/p>\n<p><img decoding=\"async\" alt=\"S\u00e4\u00e4 25.\u201327.12.2025\" src=\"https:\/\/www.europesays.com\/fi\/wp-content\/uploads\/2025\/12\/Screenshot 2025-12-24 at 17.07.37-0-a8n516ep.jpg\" title=\"S\u00e4\u00e4 25.\u201327.12.2025\"\/>Joulup\u00e4iv\u00e4n\u00e4 on hyvin lauhaa, mutta tapaninp\u00e4iv\u00e4n\u00e4 s\u00e4\u00e4 v\u00e4hitellen kylmenee. Lauantaina merialueilla myrsky\u00e4\u00e4.Tapaninp\u00e4iv\u00e4n\u00e4 aurinkoa ja kylmenev\u00e4\u00e4<\/p>\n<p>Tapaninp\u00e4iv\u00e4n\u00e4 tuulen suunta k\u00e4\u00e4ntyy aavistuksen verran my\u00f6t\u00e4p\u00e4iv\u00e4\u00e4n, ja niinp\u00e4 f\u00f6hn-ilmi\u00f6n vaikutus alkaa hiipua. Monin paikoin on kuitenkin viel\u00e4 l\u00e4mp\u00f6asteita ja aurinkokin n\u00e4kyy siell\u00e4, miss\u00e4 se t\u00e4h\u00e4n vuodenaikaan horisontin yl\u00e4puolelle kohoaa.<\/p>\n<p>Pohjois-Lapissa lumikuurot ovat paikoin mahdollisia, K\u00e4sivarren Lapissa lunta voi kerty\u00e4 lumikuuroista jopa yli 10 senttimetri\u00e4.<\/p>\n<p>Voimakkaan l\u00e4nsivirtauksen aikana joulunpyhin\u00e4 kannattaa katsella taivaalle, sill\u00e4 harvinaiset <a href=\"https:\/\/www.foreca.fi\/s%C3%A4%C3%A4pedia\/o8er7594\" rel=\"nofollow noopener\" target=\"_blank\">helmi\u00e4ispilvet<\/a> ovat mahdollisia. Niiden synnylle on nyt hyv\u00e4t edellytykset, kun voimakas ilmavirtaus k\u00e4y vuoriston yli ja stratosf\u00e4\u00e4ri on Suomen yll\u00e4 eritt\u00e4in kylm\u00e4.<\/p>\n<p><img decoding=\"async\" alt=\"Helmi\u00e4ispilvet loistivat Kokkolassa tammikuussa 2025.\" src=\"https:\/\/www.europesays.com\/fi\/wp-content\/uploads\/2025\/12\/2025_01_16_9999_12-1-0-a8n516ep.jpg\" title=\"Helmi\u00e4ispilvet\"\/>Helmi\u00e4ispilvet loistivat Kokkolassa tammikuussa 2025. Kuva: Anne Keskivinkka, KokkolaV\u00e4lip\u00e4ivin\u00e4 kova myrsky mahdollinen<\/p>\n<p>ECMWF:n ennusteen mukaan \u00e4rh\u00e4kk\u00e4 matalapaineen keskus ylitt\u00e4\u00e4 Lapin lauantain aikana. Erityisesti lauantaiy\u00f6n ja -aamun aikana pohjoisessa pyrytt\u00e4\u00e4 useita senttimetrej\u00e4 lunta, my\u00f6s r\u00e4nt\u00e4\u00e4 voi tulla sadealueen j\u00e4lkireunassa. Ajokeli on paikoin jopa eritt\u00e4in huono maan pohjoisosassa, mik\u00e4 kannattaa huomioida, jos paluuliikenteeseen l\u00e4htee. Voimakas tuuli p\u00f6llytt\u00e4\u00e4 lunta teill\u00e4 ja heikent\u00e4\u00e4 n\u00e4kyvyytt\u00e4.<\/p>\n<p>Merialueilla tuulet voimistuvat lauantain kuluessa siten, ett\u00e4 iltap\u00e4iv\u00e4ll\u00e4 ja illalla l\u00e4ntisill\u00e4 merialueilla on myrsky\u00e4, eli 10 minuutin tuulen keskinopeus ylitt\u00e4\u00e4 21 m\/s. Selk\u00e4merell\u00e4 ja Ahvenanmaan ymp\u00e4rist\u00f6ss\u00e4 pohjoistuuli voi puhkua jopa 25\u201328 m\/s, eli myrskyst\u00e4 voi \u00e4ity\u00e4 kova. Tilastojen mukaan n\u00e4in voimakkaita tuulia koetaan merialueilla kerran kahdessa tai kolmessa vuodessa.<\/p>\n<p>Artikkeli jatkuu mainoksen j\u00e4lkeen<\/p>\n<p>T\u00e4m\u00e4nhetkisen\u00a0ennusteen\u00a0mukaan yksitt\u00e4iset tuulen puuskat voivat merilalueilla ylty\u00e4 hirmumyrskylukemiin, eli yli 33 m\/s. Saaristomerell\u00e4 on pieni mahdollisuus, ett\u00e4 kovimmat puuskat rikkovat jopa 35 m\/s rajan. Merkitsev\u00e4 aallonkorkeus voi Selk\u00e4merell\u00e4 ylitt\u00e4\u00e4 viiden metrin, eli yksitt\u00e4iset korkeimmat aallot olisivat jopa 10-metrisi\u00e4.<\/p>\n<p><strong>Seuraa tuuli- ja aallonkorkeusennusteita <a href=\"https:\/\/www.foreca.fi\/Finland\/Helsinki\/veneilysaa\/tuuliennuste\/itameri\" rel=\"nofollow noopener\" target=\"_blank\">t\u00e4\u00e4lt\u00e4!<\/a><\/strong><\/p>\n<p><img decoding=\"async\" alt=\"24.12.2025\" src=\"https:\/\/www.europesays.com\/fi\/wp-content\/uploads\/2025\/12\/Screenshot 2025-12-24 at 17.08.13-0-a8n516ep.jpg\" title=\"Tuulet viikonloppuna\"\/>Rajuimmat tuulet n\u00e4ytt\u00e4v\u00e4t osuvan lauantai-illan ja sunnuntaiaamun v\u00e4lille. L\u00e4ntisill\u00e4 merialueilla hirmumyrskypuuskat ovat mahdollisia, ja erityisesti l\u00e4nsirannikolla tuulen puuskat voivat aiheuttaa vahinkoa. Sis\u00e4maassakin puuskat ovat laajalti kovia, paikoin esiintyy myrskypuuskia.<\/p>\n<p>Myrskypuuskiin kannattaa varautua laajoilla alueilla sis\u00e4maassa maan l\u00e4nsi- ja pohjoisosassa lauantai-illan aikana. Sunnuntaiy\u00f6n\u00e4 niiden painopiste siirtyy maan etel\u00e4- ja keskiosaan. Erityisesti l\u00e4nsirannikon tuntumassa puuskat voivat olla vaarallisen voimakkaita, l\u00e4hes 30 m\/s.<\/p>\n<p>Tuulen puuskat tulevat todenn\u00e4k\u00f6isesti aiheuttamaan tuulituhoja ja s\u00e4hk\u00f6katkoja useassa maakunnassa. Erityisesti niihin kannattaa varautua maan l\u00e4nsiosassa.<\/p>\n<p>Tuuliennusteessa on viel\u00e4 jonkin verran ep\u00e4varmuutta sen suhteen, mihin ja milloin voimakkaimmat tuulet osuvat.<\/p>\n<p>Myrsky laantuu sunnuntai-iltap\u00e4iv\u00e4n aikana. Viikonlopun aikana s\u00e4\u00e4 my\u00f6s kylmenee huomattavasti, eli v\u00e4hitellen pakkasta on my\u00f6s maan etel\u00e4osassa.<\/p>\n<p><strong>Lue seuraavaksi:\u00a0<a href=\"https:\/\/www.foreca.fi\/meteorologilta\/lzlybe21\" rel=\"nofollow noopener\" target=\"_blank\">Tuore kuukausiennuste: Hyyt\u00e4v\u00e4 ajanjakso alkaa Euroopassa \u2013 n\u00e4in k\u00e4y Suomen<\/a><\/strong><\/p>\n<p class=\"author\">Markus M\u00e4ntykannas<br \/>meteorologi<\/p>\n","protected":false},"excerpt":{"rendered":"Uutiset | Julkaistu eilen klo 18.08Joulun v\u00e4lip\u00e4ivin\u00e4 tuulet voimistuvat selv\u00e4sti ja Suomea riepottelee talvimyrsky. Kuva: Pertti Karjalainen, Kajaani&hellip;\n","protected":false},"author":2,"featured_media":125274,"comment_status":"","ping_status":"","sticky":false,"template":"","format":"standard","meta":{"footnotes":""},"categories":[5],"tags":[5866,22,23,26,27,33,31,30,17,24,25,28,29,7346,15,18,21,710,32,19,20,16],"class_list":{"0":"post-125273","1":"post","2":"type-post","3":"status-publish","4":"format-standard","5":"has-post-thumbnail","7":"category-otsikot","8":"tag-blogi","9":"tag-breaking-news","10":"tag-breakingnews","11":"tag-featured-news","12":"tag-featurednews","13":"tag-fi","14":"tag-finland","15":"tag-finnish","16":"tag-headlines","17":"tag-latest-news","18":"tag-latestnews","19":"tag-main-news","20":"tag-mainnews","21":"tag-meteorologi","22":"tag-news","23":"tag-otsikot","24":"tag-paauutiset","25":"tag-saa","26":"tag-suomi","27":"tag-top-stories","28":"tag-topstories","29":"tag-uutiset"},"share_on_mastodon":{"url":"https:\/\/pubeurope.com\/@fi\/115778436883719652","error":""},"_links":{"self":[{"href":"https:\/\/www.europesays.com\/fi\/wp-json\/wp\/v2\/posts\/125273","targetHints":{"allow":["GET"]}}],"collection":[{"href":"https:\/\/www.europesays.com\/fi\/wp-json\/wp\/v2\/posts"}],"about":[{"href":"https:\/\/www.europesays.com\/fi\/wp-json\/wp\/v2\/types\/post"}],"author":[{"embeddable":true,"href":"https:\/\/www.europesays.com\/fi\/wp-json\/wp\/v2\/users\/2"}],"replies":[{"embeddable":true,"href":"https:\/\/www.europesays.com\/fi\/wp-json\/wp\/v2\/comments?post=125273"}],"version-history":[{"count":0,"href":"https:\/\/www.europesays.com\/fi\/wp-json\/wp\/v2\/posts\/125273\/revisions"}],"wp:featuredmedia":[{"embeddable":true,"href":"https:\/\/www.europesays.com\/fi\/wp-json\/wp\/v2\/media\/125274"}],"wp:attachment":[{"href":"https:\/\/www.europesays.com\/fi\/wp-json\/wp\/v2\/media?parent=125273"}],"wp:term":[{"taxonomy":"category","embeddable":true,"href":"https:\/\/www.europesays.com\/fi\/wp-json\/wp\/v2\/categories?post=125273"},{"taxonomy":"post_tag","embeddable":true,"href":"https:\/\/www.europesays.com\/fi\/wp-json\/wp\/v2\/tags?post=125273"}],"curies":[{"name":"wp","href":"https:\/\/api.w.org\/{rel}","templated":true}]}}