{"id":125278,"date":"2025-12-25T05:17:09","date_gmt":"2025-12-25T05:17:09","guid":{"rendered":"https:\/\/www.europesays.com\/fi\/125278\/"},"modified":"2025-12-25T05:17:09","modified_gmt":"2025-12-25T05:17:09","slug":"niklas-nykyri-suuntaa-toiveikkaana-nuorten-mm-kisoihin-nalkaa-on-ja-lahdemme-tavoittelemaan-sita-kirkkainta-maajoukkue-25-12-2025-haastattelut-jatkoaika-com","status":"publish","type":"post","link":"https:\/\/www.europesays.com\/fi\/125278\/","title":{"rendered":"Niklas Nykyri suuntaa toiveikkaana nuorten MM-kisoihin: &#8221;N\u00e4lk\u00e4\u00e4 on, ja l\u00e4hdemme tavoittelemaan sit\u00e4 kirkkainta&#8221; &#8211; MAAJOUKKUE &#8211; 25.12.2025 &#8211; Haastattelut &#8211; Jatkoaika.com"},"content":{"rendered":"<p>Viime vuonna <strong>Niklas Nykyri\u00e4<\/strong> ei n\u00e4hty alle 20-vuotiaiden MM-kisoissa. Syyn\u00e4 ei ollut kuitenkaan se, etteik\u00f6 h\u00e4nen tasonsa olisi riitt\u00e4nyt joukkueeseen vaan se, ett\u00e4 noin kuukausi ennen kisoja HIFK-puolustaja loukkaanutui Liiga-ottelussa Kiekko-Espoota vastaan.<\/p>\n<p>\u2013 Viestit olivat silloin sellaisia, ett\u00e4 olisin p\u00e4\u00e4sem\u00e4ss\u00e4 kisoihin. Se kasvatti sitten n\u00e4lk\u00e4\u00e4, ett\u00e4 t\u00e4n\u00e4 vuonna p\u00e4\u00e4sisin pelaamaan, Nykyri my\u00f6nt\u00e4\u00e4.<\/p>\n<p>HIFK:n alkukausi oli vaikea, mutta nyt suunta on k\u00e4\u00e4ntynyt ja joukkue on tosissaan mukana taistelussa pudotuspelipaikoista. Nykyrikin on saanut paljon vastuuta, kun joukkueessa on ollut iso loukkaantumissuma. Puolustusp\u00e4\u00e4ss\u00e4 oleellisin poissaolo on ollut <strong>Petteri Lindbohm<\/strong>, joka ehti pelata vain kaksi ottelua ennen loukkaantumistaan.<\/p>\n<p>\u2013 Onhan se vaikuttanut, kun avain\u00e4iji\u00e4 on ollut pois. Onneksi kurssi on pikku hiljaa k\u00e4\u00e4ntym\u00e4ss\u00e4, ja sellaiset kasvattavat sitten joukkuetta loppukautta kohti.<\/p>\n<p>Nykyri on osannut hy\u00f6dynt\u00e4\u00e4 kasvaneen vastuun, ja h\u00e4n kokee kehittyneens\u00e4 pelaajana syksynkin aikana.<\/p>\n<p>\u2013 Olen huomannut, ett\u00e4 kun rooli on kasvanut, olen siihen pystynyt vastaamaan. Olen pyrkinyt viem\u00e4\u00e4n fysiikkaa ja puolustuspeli\u00e4 eteenp\u00e4in.<\/p>\n<p><strong>Olli Jokista<\/strong> on jo aiemmin tuotu esiin hyv\u00e4n\u00e4 nuorten pelaajien valmentajana, ja sit\u00e4 my\u00f6s Nykyri korostaa. Esimerkiksi virheist\u00e4 ei rankaista vaan pelirohkeutta arvostetaan.<\/p>\n<p>\u2013 Kyll\u00e4h\u00e4n se helpottaa, ett\u00e4 voi pelata rohkeasti, eik\u00e4 tarvitse mietti\u00e4 penkille joutumista, Nykyri pohtii.<\/p>\n<p>Nuoren puolustajan aiempi arvoturnauskokemus on poikien MM-kisoista, jotka pelattiin Suomessa Espoon toimiessa p\u00e4\u00e4paikkana. Tuolloin Suomi oli alkulohkonsa kakkonen, mutta taipui Ruotsille puoliv\u00e4lier\u00e4ss\u00e4.<\/p>\n<p>\u2013 Niist\u00e4 kisoista j\u00e4i hampaankoloon. T\u00e4m\u00e4 on viimeinen tapahtuma meille, joten n\u00e4lk\u00e4\u00e4 on, ja l\u00e4hdemme tavoittelemaan sit\u00e4 kirkkainta.<\/p>\n<p>Suomen joukkueessa on tapaninp\u00e4iv\u00e4n\u00e4 k\u00e4ynnistyviss\u00e4 kisoissa mukana useita pelaajia, jotka saavuttivat MM-hopeaa vuosi sitten. Nykyrin mukaan t\u00e4m\u00e4 motivoi my\u00f6s aiemmin mukana olleita pelaajia tavoittelemaan menestyst\u00e4.<\/p>\n<p>\u2013 He tiet\u00e4v\u00e4t sen, mit\u00e4 finaaliin p\u00e4\u00e4sy vaatii, ja varmasti heit\u00e4kin harmitti viime vuoden finaalitappio, h\u00e4n sanoo.<\/p>\n","protected":false},"excerpt":{"rendered":"Viime vuonna Niklas Nykyri\u00e4 ei n\u00e4hty alle 20-vuotiaiden MM-kisoissa. Syyn\u00e4 ei ollut kuitenkaan se, etteik\u00f6 h\u00e4nen tasonsa olisi&hellip;\n","protected":false},"author":2,"featured_media":125279,"comment_status":"","ping_status":"","sticky":false,"template":"","format":"standard","meta":{"footnotes":""},"categories":[158],"tags":[33,31,30,22322,22321,159,32,160],"class_list":{"0":"post-125278","1":"post","2":"type-post","3":"status-publish","4":"format-standard","5":"has-post-thumbnail","7":"category-urheilu","8":"tag-fi","9":"tag-finland","10":"tag-finnish","11":"tag-ja-lahdemme-tavoittelemaan-sita-kirkkaintaquot-maajoukkue-25-12-2025-haastattelut-jatkoaika-com-kaikki-jaakiekosta","12":"tag-niklas-nykyri-suuntaa-toiveikkaana-nuorten-mm-kisoihin-quotnalkaa-on","13":"tag-sports","14":"tag-suomi","15":"tag-urheilu"},"share_on_mastodon":{"url":"https:\/\/pubeurope.com\/@fi\/115778515754460313","error":""},"_links":{"self":[{"href":"https:\/\/www.europesays.com\/fi\/wp-json\/wp\/v2\/posts\/125278","targetHints":{"allow":["GET"]}}],"collection":[{"href":"https:\/\/www.europesays.com\/fi\/wp-json\/wp\/v2\/posts"}],"about":[{"href":"https:\/\/www.europesays.com\/fi\/wp-json\/wp\/v2\/types\/post"}],"author":[{"embeddable":true,"href":"https:\/\/www.europesays.com\/fi\/wp-json\/wp\/v2\/users\/2"}],"replies":[{"embeddable":true,"href":"https:\/\/www.europesays.com\/fi\/wp-json\/wp\/v2\/comments?post=125278"}],"version-history":[{"count":0,"href":"https:\/\/www.europesays.com\/fi\/wp-json\/wp\/v2\/posts\/125278\/revisions"}],"wp:featuredmedia":[{"embeddable":true,"href":"https:\/\/www.europesays.com\/fi\/wp-json\/wp\/v2\/media\/125279"}],"wp:attachment":[{"href":"https:\/\/www.europesays.com\/fi\/wp-json\/wp\/v2\/media?parent=125278"}],"wp:term":[{"taxonomy":"category","embeddable":true,"href":"https:\/\/www.europesays.com\/fi\/wp-json\/wp\/v2\/categories?post=125278"},{"taxonomy":"post_tag","embeddable":true,"href":"https:\/\/www.europesays.com\/fi\/wp-json\/wp\/v2\/tags?post=125278"}],"curies":[{"name":"wp","href":"https:\/\/api.w.org\/{rel}","templated":true}]}}