{"id":125280,"date":"2025-12-25T05:18:11","date_gmt":"2025-12-25T05:18:11","guid":{"rendered":"https:\/\/www.europesays.com\/fi\/125280\/"},"modified":"2025-12-25T05:18:11","modified_gmt":"2025-12-25T05:18:11","slug":"dimitri-keiski-yllattava-jouluherkku-kuuntele-herkat-lauluvideot","status":"publish","type":"post","link":"https:\/\/www.europesays.com\/fi\/125280\/","title":{"rendered":"Dimitri Keiski: yll\u00e4tt\u00e4v\u00e4 jouluherkku \u2013 kuuntele herk\u00e4t lauluvideot"},"content":{"rendered":"<p class=\"has-drop-cap\"><strong>Dimitri Keiski<\/strong>, 46,\u00a0on noussut raketin lailla tanssikansan suosioon vuonna 2025. Ruotsinsuomalainen muusikko on hurmannut suomalaiset\u00a0<a href=\"https:\/\/www.tanssiin.fi\/tag\/keiski-eno\/\" rel=\"nofollow noopener\" target=\"_blank\">ENO<\/a>-orkesterin t\u00e4htisolistina ja kitaristina.<\/p>\n<p>Kuten Tanssiin.fi juuri uutisoi, Dimitri valittiin heti ensiyritt\u00e4m\u00e4ll\u00e4 jopa Vuoden miesartistiksi 2025: <a href=\"https:\/\/www.tanssiin.fi\/he-ovat-suomen-10-suosituinta-miesartistia-2025-tanssiyleiso-aanesti\/\" title=\"He ovat Suomen 10 suosituinta miesartistia 2025 \u2013 tanssiyleis\u00f6 \u00e4\u00e4nesti\" rel=\"nofollow noopener\" target=\"_blank\">He ovat Suomen 10 suosituinta miesartistia 2025 \u2013 tanssiyleis\u00f6 \u00e4\u00e4nesti<\/a><\/p>\n<p>Keiski &amp; ENO -orkesteri j\u00e4i joululomalle sunnuntaina, mutta heng\u00e4hdystauko ei ole j\u00e4rin pitk\u00e4. He palaavat keikkalavalle 27. joulukuuta Lohjan <a href=\"https:\/\/www.tanssiin.fi\/tanssilavat\/tanhuhovi\/\" title=\"Tanhuhovi\" rel=\"nofollow noopener\" target=\"_blank\">Tanhuhovissa<\/a>.<\/p>\n<p><img loading=\"lazy\" data-lazyloaded=\"1\" title=\"Dimitri Keiski joulu\" decoding=\"async\" width=\"769\" height=\"1024\" data-attachment-id=\"68986\" data-permalink=\"https:\/\/www.tanssiin.fi\/dimitri-keiski-yllattava-jouluherkku-kuuntele-herkat-lauluvideot\/dimitri-keiski-joulu\/\" data-orig-file=\"https:\/\/www.tanssiin.fi\/wp-content\/uploads\/2025\/12\/Dimitri-Keiski-joulu.jpg\" data-orig-size=\"1170,1557\" data-comments-opened=\"1\" data-image-meta=\"{&quot;aperture&quot;:&quot;0&quot;,&quot;credit&quot;:&quot;&quot;,&quot;camera&quot;:&quot;&quot;,&quot;caption&quot;:&quot;&quot;,&quot;created_timestamp&quot;:&quot;0&quot;,&quot;copyright&quot;:&quot;&quot;,&quot;focal_length&quot;:&quot;0&quot;,&quot;iso&quot;:&quot;0&quot;,&quot;shutter_speed&quot;:&quot;0&quot;,&quot;title&quot;:&quot;&quot;,&quot;orientation&quot;:&quot;0&quot;}\" data-image-title=\"Dimitri Keiski joulu\" data-image-description=\"\" data-image-caption=\"&lt;p&gt;Dimitri Keiski jouluisissa tunnelmissa.&lt;\/p&gt;&#10;\" data-medium-file=\"https:\/\/www.tanssiin.fi\/wp-content\/uploads\/2025\/12\/Dimitri-Keiski-joulu-225x300.jpg\" data-large-file=\"https:\/\/www.europesays.com\/fi\/wp-content\/uploads\/2025\/12\/Dimitri-Keiski-joulu-769x1024.jpg\" data- src=\"https:\/\/www.europesays.com\/fi\/wp-content\/uploads\/2025\/12\/Dimitri-Keiski-joulu-769x1024.jpg\" alt=\"Dimitri keiski yll\u00e4tt\u00e4v\u00e4 jouluherkku  kuuntele herk\u00e4t lauluvideot | tanssiin Fi\" class=\"wp-image-68986\" \/>Dimitri Keiski jouluisissa tunnelmissa.\u201dJoka toinen joulu Ruotsissa, joka toinen Suomessa\u201d<\/p>\n<p>Dimitri viett\u00e4\u00e4 joulua perinteiseen tapaan. H\u00e4n on naimisissa laulaja <strong>Katja Lukin-Keiskin<\/strong>, 51, kanssa. Musikaalisella avioparilla on yksi lapsi, tyt\u00e4r\u00a0<strong>Nelmi<\/strong>\u00a0syntyi helmikuussa 2018 ja sai nimens\u00e4 Dimitrin is\u00e4n iso\u00e4idin mukaan.<\/p>\n<p>Dimitrill\u00e4 on aiemmasta avioliitostaan <a href=\"https:\/\/www.tanssiin.fi\/talta-nayttaa-dimitri-keiskin-poika-kuva-julki\/\" title=\"T\u00e4lt\u00e4 n\u00e4ytt\u00e4\u00e4 Dimitri Keiskin poika \u2013 kuva julki\" rel=\"nofollow noopener\" target=\"_blank\">poika\u00a0<\/a><strong>Elvis<\/strong>, 19.<\/p>\n<p>\u201dViet\u00e4mme joka toisen joulun Ruotsissa ja joka toisen Suomessa, yleens\u00e4 Keminmaassa. Ja Ruotsissa Tukholmassa\u201d, Dimitri kertoi Tanssilava Pavin somevideolla.<\/p>\n<p>Viime joulu perheelt\u00e4 kului Meri-Lapissa Kemin milj\u00f6\u00f6ss\u00e4.<\/p>\n<p><img loading=\"lazy\" data-lazyloaded=\"1\" title=\"Dimitri Keiski ja Katja Lukin-Keiski talvi\" decoding=\"async\" width=\"889\" height=\"1024\" data-attachment-id=\"68989\" data-permalink=\"https:\/\/www.tanssiin.fi\/dimitri-keiski-yllattava-jouluherkku-kuuntele-herkat-lauluvideot\/dimitri-keiski-ja-katja-lukin-keiski-talvi\/\" data-orig-file=\"https:\/\/www.tanssiin.fi\/wp-content\/uploads\/2025\/12\/Dimitri-Keiski-ja-Katja-Lukin-Keiski-talvi.jpg\" data-orig-size=\"1389,1600\" data-comments-opened=\"1\" data-image-meta=\"{&quot;aperture&quot;:&quot;0&quot;,&quot;credit&quot;:&quot;&quot;,&quot;camera&quot;:&quot;&quot;,&quot;caption&quot;:&quot;&quot;,&quot;created_timestamp&quot;:&quot;0&quot;,&quot;copyright&quot;:&quot;&quot;,&quot;focal_length&quot;:&quot;0&quot;,&quot;iso&quot;:&quot;0&quot;,&quot;shutter_speed&quot;:&quot;0&quot;,&quot;title&quot;:&quot;&quot;,&quot;orientation&quot;:&quot;0&quot;}\" data-image-title=\"Dimitri Keiski ja Katja Lukin-Keiski talvi\" data-image-description=\"\" data-image-caption=\"&lt;p&gt;Dimitri Keiski ja Katja Lukin-Keiski talvitunnelmissa Lahdessa jouluna 2023. Kuva: Facebook \/ Jani Mahkonen.&lt;\/p&gt;&#10;\" data-medium-file=\"https:\/\/www.tanssiin.fi\/wp-content\/uploads\/2025\/12\/Dimitri-Keiski-ja-Katja-Lukin-Keiski-talvi-260x300.jpg\" data-large-file=\"https:\/\/www.europesays.com\/fi\/wp-content\/uploads\/2025\/12\/Dimitri-Keiski-ja-Katja-Lukin-Keiski-talvi-889x1024.jpg\" data- src=\"https:\/\/www.europesays.com\/fi\/wp-content\/uploads\/2025\/12\/Dimitri-Keiski-ja-Katja-Lukin-Keiski-talvi-889x1024.jpg\" alt=\"Dimitri keiski yll\u00e4tt\u00e4v\u00e4 jouluherkku  kuuntele herk\u00e4t lauluvideot | tanssiin Fi\" class=\"wp-image-68989\" \/>Dimitri Keiski ja Katja Lukin-Keiski talvitunnelmissa Lahdessa jouluna 2023. Kuva: Facebook \/ Jani Mahkonen.Dimitri haikailee kaverin \u00e4idin laatikkoa<\/p>\n<p>Dimitrin jouluruokasuosikit ovat tuttuja, mutta mahtuu mukaan yll\u00e4tyskin.<\/p>\n<p>&#8221;Ruotsissa lihapullia&#8230; ja Suomessa tietysti kinkkua, laatikoita, mutta mun lempiruoka on kaalilaatikko. En tied\u00e4, onko se edes jouluruoka&#8221;, Dimitri nauraa.<\/p>\n<p>&#8221;\u00c4itini tekee tosi hyv\u00e4\u00e4, mutta kaverin \u00e4iti teki maailman parasta kaalilaatikkoa Tukholmassa. Sit\u00e4 on joka joulu ik\u00e4v\u00e4. V\u00e4h\u00e4n ketsuppia p\u00e4\u00e4lle!&#8221;<\/p>\n<p><strong>Katso<\/strong> Dimitri Keiskin haastattelu ja <strong>Elvis<\/strong>-kappale Blue Christmas 2025:<\/p>\n<p>Uusi Keiski &amp; ENO -albumi tammikuussa<\/p>\n<p>Tammikuussa 2026 Keiski &amp; ENO -yhtyeelt\u00e4 ilmestyy kokonainen albumi ikivihreit\u00e4 kappaleita.<\/p>\n<p>&#8221;Se on sit\u00e4 musaa, mit\u00e4 me teemme. 60-70-lukujen hittej\u00e4, joita me rakastamme. Ja toivottavasti my\u00f6s yleis\u00f6 tykk\u00e4\u00e4 niist\u00e4&#8221;, Dimitri ja yhtyeen vet\u00e4j\u00e4 ja rumpali <strong>Pasi Rissanen<\/strong> sanovat.<\/p>\n<p>Dimitri julkaisi t\u00e4m\u00e4n joulun alla akustisen, ruotsiksi laulamansa Himlen i Min Famn -videon somessa. Taivas syliss\u00e4ni -kappale soi kauniisti ja herk\u00e4sti.<\/p>\n<p>&#8221;Lapseni ovat minulle suuri kiitosaihe. Samalla on huoli siit\u00e4, ett\u00e4 mitenk\u00f6h\u00e4n maailma tulee heit\u00e4 kohtelemaan. Toivottavasti hyvin&#8221;, Dimitri toivoi.<\/p>\n<p><strong>Katso<\/strong> Dimitri Keiski Himlen i Min Famn 23.12.2025:<\/p>\n<p>Katso Keiski &amp; ENO -orkesterin aina ajantasainen<a href=\"https:\/\/www.tanssiin.fi\/artistit\/orkesterit\/pnp\/\" title=\"Keiski &amp; ENO\" rel=\"nofollow noopener\" target=\"_blank\"> keikkakalenteri t\u00e4st\u00e4<\/a>.<\/p>\n<p>Kirjoittanut:<br \/>\n<img loading=\"lazy\" data-lazyloaded=\"1\" width=\"512\" height=\"512\" decoding=\"async\" class=\"aioseo-author-image\" src=\"https:\/\/www.europesays.com\/fi\/wp-content\/uploads\/2025\/10\/cropped-tanssiin-logo.jpg\" alt=\"author avatar\"\/><\/p>\n<p>Tanssiin.fi<\/p>\n<p>\nTanssi- ja iskelm\u00e4musiikin uutiset asiantuntevasti.<\/p>\n<p><img loading=\"lazy\" decoding=\"async\" data-lazyloaded=\"1\" width=\"512\" height=\"512\" class=\"aioseo-author-bio-compact-image\" src=\"https:\/\/www.europesays.com\/fi\/wp-content\/uploads\/2025\/10\/cropped-tanssiin-logo.jpg\" alt=\"author avatar\"\/><br \/>\nTanssi- ja iskelm\u00e4musiikin uutiset asiantuntevasti.<\/p>\n<p>0%<br \/>\nIhana<\/p>\n<p>0%<br \/>\nHauska<\/p>\n<p>0%<br \/>\nVau<\/p>\n<p>0%<br \/>\nSurullinen<\/p>\n<p>0%<br \/>\nVihainen\n<\/p>\n<p>Post navigation<\/p>\n","protected":false},"excerpt":{"rendered":"Dimitri Keiski, 46,\u00a0on noussut raketin lailla tanssikansan suosioon vuonna 2025. Ruotsinsuomalainen muusikko on hurmannut suomalaiset\u00a0ENO-orkesterin t\u00e4htisolistina ja kitaristina.&hellip;\n","protected":false},"author":2,"featured_media":125281,"comment_status":"","ping_status":"","sticky":false,"template":"","format":"standard","meta":{"footnotes":""},"categories":[130],"tags":[16806,137,33,31,30,5856,20931,22323,22324,8972,21273,99,1243,6799,98,32,22325,4049,16,193,109],"class_list":{"0":"post-125280","1":"post","2":"type-post","3":"status-publish","4":"format-standard","5":"has-post-thumbnail","7":"category-viihde","8":"tag-dimitri-keiski","9":"tag-entertainment","10":"tag-fi","11":"tag-finland","12":"tag-finnish","13":"tag-joulu","14":"tag-jouluruoka","15":"tag-kaalilaatikko","16":"tag-katja-lukin","17":"tag-keikat","18":"tag-keiski-eno","19":"tag-lapset","20":"tag-musiikkivideo","21":"tag-orkesterit","22":"tag-perhe","23":"tag-suomi","24":"tag-taivas-sylissani","25":"tag-tanssitahdet","26":"tag-uutiset","27":"tag-video","28":"tag-viihde"},"share_on_mastodon":{"url":"https:\/\/pubeurope.com\/@fi\/115778519512697832","error":""},"_links":{"self":[{"href":"https:\/\/www.europesays.com\/fi\/wp-json\/wp\/v2\/posts\/125280","targetHints":{"allow":["GET"]}}],"collection":[{"href":"https:\/\/www.europesays.com\/fi\/wp-json\/wp\/v2\/posts"}],"about":[{"href":"https:\/\/www.europesays.com\/fi\/wp-json\/wp\/v2\/types\/post"}],"author":[{"embeddable":true,"href":"https:\/\/www.europesays.com\/fi\/wp-json\/wp\/v2\/users\/2"}],"replies":[{"embeddable":true,"href":"https:\/\/www.europesays.com\/fi\/wp-json\/wp\/v2\/comments?post=125280"}],"version-history":[{"count":0,"href":"https:\/\/www.europesays.com\/fi\/wp-json\/wp\/v2\/posts\/125280\/revisions"}],"wp:featuredmedia":[{"embeddable":true,"href":"https:\/\/www.europesays.com\/fi\/wp-json\/wp\/v2\/media\/125281"}],"wp:attachment":[{"href":"https:\/\/www.europesays.com\/fi\/wp-json\/wp\/v2\/media?parent=125280"}],"wp:term":[{"taxonomy":"category","embeddable":true,"href":"https:\/\/www.europesays.com\/fi\/wp-json\/wp\/v2\/categories?post=125280"},{"taxonomy":"post_tag","embeddable":true,"href":"https:\/\/www.europesays.com\/fi\/wp-json\/wp\/v2\/tags?post=125280"}],"curies":[{"name":"wp","href":"https:\/\/api.w.org\/{rel}","templated":true}]}}