{"id":125292,"date":"2025-12-25T05:43:08","date_gmt":"2025-12-25T05:43:08","guid":{"rendered":"https:\/\/www.europesays.com\/fi\/125292\/"},"modified":"2025-12-25T05:43:08","modified_gmt":"2025-12-25T05:43:08","slug":"uutta-tietoa-norjalaisen-ampumahiihtajan-kuolemasta-loydettiin-happimaski-kasvoillaan-urheilua-lyhyesti","status":"publish","type":"post","link":"https:\/\/www.europesays.com\/fi\/125292\/","title":{"rendered":"Uutta tietoa norjalaisen ampumahiiht\u00e4j\u00e4n kuolemasta \u2013 l\u00f6ydettiin happimaski kasvoillaan | Urheilua lyhyesti"},"content":{"rendered":"<p class=\"aw-1gybjub aw-5vja16 kEtdKx kmuxyA yle__article__paragraph\">27-vuotias Sivert Guttorm Bakken l\u00f6ydettiin hotelli\u00adhuoneestaan kuolleena aatonaattona Lavazessa.<\/p>\n<p><img decoding=\"async\" alt=\"Sivert Guttorm Bakken \u00e5ker skidor.\" src=\"https:\/\/www.europesays.com\/fi\/wp-content\/uploads\/2025\/12\/39-1574284694aca5e49733.jpeg\" class=\"aw-1l9m598 hKVVvP\"\/><\/p>\n<p>Avaa kuvien katselu<\/p>\n<p>Kuva: Mauri Levandi \/ All Over Press<\/p>\n<p class=\"aw-1gybjub aw-1p7kakr kEtdKx cEmitX yle__article__paragraph\">Norjan ampumahiihtoliitto tiedotti keskiviikkona, ett\u00e4 Pohjois-Italiassa hotellihuoneestaan kuolleena l\u00f6ydetyll\u00e4 norjalaisella ampumahiiht\u00e4j\u00e4ll\u00e4 <strong class=\"aw-ak79eh KyCXm yle__article__strong\">Sivert Guttorm Bakkenilla<\/strong> oli l\u00f6yt\u00f6hetkell\u00e4 kasvoillaan happimaski.<\/p>\n<p class=\"aw-1gybjub aw-1p7kakr kEtdKx cEmitX yle__article__paragraph\">Asiasta kertoi <a class=\"aw-iao6s4 iHOxEa yle__article__link\" href=\"https:\/\/www.vg.no\/sport\/i\/k0J8M9\/skiskytterforbundet-bakken-funnet-med-hoeydemaske\" role=\"link\" rel=\"nofollow noopener\" target=\"_blank\">Verdens Gang<\/a>.<\/p>\n<p class=\"aw-1gybjub aw-1p7kakr kEtdKx cEmitX yle__article__paragraph\">27-vuotias Bakken l\u00f6ydettiin hotellihuoneestaan kuolleena aatonaattona Lavazessa.<\/p>\n<p class=\"aw-1gybjub aw-1p7kakr kEtdKx cEmitX yle__article__paragraph\">Kest\u00e4vyysurheilijat k\u00e4ytt\u00e4v\u00e4t vuoristoharjoittelussaan happimaskia hengitysilman happipitoisuuden alentamiseen, jotta keho tuottaa enemm\u00e4n punasoluja ja siten lis\u00e4\u00e4 kest\u00e4vyytt\u00e4.<\/p>\n<p class=\"aw-1gybjub aw-1p7kakr kEtdKx cEmitX yle__article__paragraph\">Maskia k\u00e4ytet\u00e4\u00e4n usein harjoittelun aikana simuloimaan korkeutta ja v\u00e4hent\u00e4m\u00e4\u00e4n hapen saantia.<\/p>\n<p class=\"aw-1gybjub aw-1p7kakr kEtdKx cEmitX yle__article__paragraph\">Pohjois-Italian Trenton maakunnassa sijaitseva Lavaze on kest\u00e4vyysurheilijoiden harjoitusleireill\u00e4 suosiossa, sill\u00e4 pikkukyl\u00e4 sijaitsee noin 1 800 metrin korkeudella merenpinnasta.<\/p>\n<p class=\"aw-1gybjub aw-1p7kakr kEtdKx cEmitX yle__article__paragraph\">Norjan ampumahiihtoliiton mukaan poliisi ja oikeusl\u00e4\u00e4ketieteen viranomaiset selvitt\u00e4v\u00e4t tapahtumien kulkua ja kuolinsyyt\u00e4.<\/p>\n<p class=\"aw-1gybjub aw-1p7kakr kEtdKx cEmitX yle__article__paragraph\">Sivert Guttorm Bakken kilpaili ampumahiihdon maailmancupissa viel\u00e4 viime viikonloppuna Ranskan Annecy-Le Grand Bornandissa. H\u00e4n voitti kilpaurallaan yhden miesten maailmancup-kisan.<\/p>\n","protected":false},"excerpt":{"rendered":"27-vuotias Sivert Guttorm Bakken l\u00f6ydettiin hotelli\u00adhuoneestaan kuolleena aatonaattona Lavazessa. Avaa kuvien katselu Kuva: Mauri Levandi \/ All Over&hellip;\n","protected":false},"author":2,"featured_media":125293,"comment_status":"","ping_status":"","sticky":false,"template":"","format":"standard","meta":{"footnotes":""},"categories":[158],"tags":[33,31,30,159,32,160],"class_list":{"0":"post-125292","1":"post","2":"type-post","3":"status-publish","4":"format-standard","5":"has-post-thumbnail","7":"category-urheilu","8":"tag-fi","9":"tag-finland","10":"tag-finnish","11":"tag-sports","12":"tag-suomi","13":"tag-urheilu"},"share_on_mastodon":{"url":"https:\/\/pubeurope.com\/@fi\/115778618435114885","error":""},"_links":{"self":[{"href":"https:\/\/www.europesays.com\/fi\/wp-json\/wp\/v2\/posts\/125292","targetHints":{"allow":["GET"]}}],"collection":[{"href":"https:\/\/www.europesays.com\/fi\/wp-json\/wp\/v2\/posts"}],"about":[{"href":"https:\/\/www.europesays.com\/fi\/wp-json\/wp\/v2\/types\/post"}],"author":[{"embeddable":true,"href":"https:\/\/www.europesays.com\/fi\/wp-json\/wp\/v2\/users\/2"}],"replies":[{"embeddable":true,"href":"https:\/\/www.europesays.com\/fi\/wp-json\/wp\/v2\/comments?post=125292"}],"version-history":[{"count":0,"href":"https:\/\/www.europesays.com\/fi\/wp-json\/wp\/v2\/posts\/125292\/revisions"}],"wp:featuredmedia":[{"embeddable":true,"href":"https:\/\/www.europesays.com\/fi\/wp-json\/wp\/v2\/media\/125293"}],"wp:attachment":[{"href":"https:\/\/www.europesays.com\/fi\/wp-json\/wp\/v2\/media?parent=125292"}],"wp:term":[{"taxonomy":"category","embeddable":true,"href":"https:\/\/www.europesays.com\/fi\/wp-json\/wp\/v2\/categories?post=125292"},{"taxonomy":"post_tag","embeddable":true,"href":"https:\/\/www.europesays.com\/fi\/wp-json\/wp\/v2\/tags?post=125292"}],"curies":[{"name":"wp","href":"https:\/\/api.w.org\/{rel}","templated":true}]}}