{"id":125304,"date":"2025-12-25T06:06:10","date_gmt":"2025-12-25T06:06:10","guid":{"rendered":"https:\/\/www.europesays.com\/fi\/125304\/"},"modified":"2025-12-25T06:06:10","modified_gmt":"2025-12-25T06:06:10","slug":"mn-tama-on-rasittavin-joululaulu-suomalaiset-aanestivat-voice-fi","status":"publish","type":"post","link":"https:\/\/www.europesays.com\/fi\/125304\/","title":{"rendered":"MN: T\u00e4m\u00e4 on rasittavin joululaulu \u2013 suomalaiset \u00e4\u00e4nestiv\u00e4t &#8211; Voice.fi"},"content":{"rendered":"<ol>\n<li><a href=\"https:\/\/news.google.com\/rss\/articles\/CBMijgFBVV95cUxNbjNlYzBhcmpzU2gtd0J2Njc4X3k1RmRnaWM2Q3VFSEpPVXBIVGRlYkk1eVBrcFlPNGZZcFk0VjZCcm9ySm5uR2xXMkNvTk1NNFlfNDV6SVNaR1lGYkxZWjVVVUlQXzlxZlRMZ210NmhFaVVTTVRadUtHYllqQTZHRzBpSXptdjYxT0Jmd1h3?oc=5\" target=\"_blank\" rel=\"nofollow noopener\">MN: T\u00e4m\u00e4 on rasittavin joululaulu \u2013 suomalaiset \u00e4\u00e4nestiv\u00e4t<\/a>&nbsp;&nbsp;Voice.fi<\/li>\n<li><a href=\"https:\/\/news.google.com\/rss\/articles\/CBMiakFVX3lxTE9aWjMydWhWWGpIUnZXVTF1YW9PV2stSVZ3ckNlOTVwbW8yWXJPVlRRdkFhSXVBMTRoWExaREFnU1puamF6TWhZakloOUtDYXFvbV83NnBSS3BNSXRWVERuTGJUZGNWSXJMdGc?oc=5\" target=\"_blank\" rel=\"nofollow noopener\">Suomalaiset \u00e4\u00e4nestiv\u00e4t rasittavimman joululaulun \u2013 t\u00e4ss\u00e4 on ylivoimainen inhokki<\/a>&nbsp;&nbsp;Ilta-Sanomat<\/li>\n<li><a href=\"https:\/\/news.google.com\/rss\/articles\/CBMifEFVX3lxTE40UkpQWnozZnFoQzJ6ZUVucGdzWVZPZkJSaTFNa1o1ejNPcERQeVRNMTNkWUh6U1lqRXdMb0p5Q01tQkNadmpZMmdwc01tOGhjMWhRR3RyNm93ZkFmSkpXd2ZmOFV4XzFBTGdmazFicTVPT1I4UWxkb09uVVo?oc=5\" target=\"_blank\" rel=\"nofollow noopener\">T\u00e4ss\u00e4 on joululaulu, jonka kuullessaan suomalaiset vaihtavat kanavaa<\/a>&nbsp;&nbsp;Iltalehti<\/li>\n<li><a href=\"https:\/\/news.google.com\/rss\/articles\/CBMiogFBVV95cUxNaFROR19xeXZoZm5tOXhnV2JROEpjNnNNUnhUeTlCOEdHUlBMZnhpYmlpWF9Dd3pnSE5WQXN0cm5MQlgzNkhPRkNBLVk1QjBacjI2Z0J3THk3TUl0SUQtSnp0STYycWFVeUVyb0VpbzZvTmd2QWxaUGFzc2xoQk15NFVNOWU4RFpHVF83WFBCczBTVzhlX2JNaF83N0tCb0tqdmc?oc=5\" target=\"_blank\" rel=\"nofollow noopener\">Nyt se on selvitetty: n\u00e4it\u00e4 joululauluja suomalaiset kuuntelevat autossa mieluiten \u2013 ja n\u00e4iden kohdalla radio menee kiinni saman tien<\/a>&nbsp;&nbsp;S-ryhm\u00e4.fi<\/li>\n<li><a href=\"https:\/\/news.google.com\/rss\/articles\/CBMiwAFBVV95cUxQS2hMWTM1cVVnMGtVclZRakZ5YzRQTWFsS3JYTmhuYUtkOHREMlBxdkJJOHZfSXVNc3gyYWYxaFUtektEZkhQUTIxZGVPTldqTHdZS2F2cWE0OEFGR1RzWFRESDVDVWFpMUdnWmQ1Z2tQWXNqOG9FMjRObUM4SXBLUFZ6QUdYeHZDYlpXVm5VanJjdFlrdEUzUG1vVjBnZVg5cGhaZm5FTXRxRVg5VjFuMTZZcFR2TGl3SHRvNHhLQnU?oc=5\" target=\"_blank\" rel=\"nofollow noopener\">Suomalaisten joululaulujen suosikit ja inhokit selvitettiin \u2013 n\u00e4m\u00e4 saavat vaihtamaan kanavaa<\/a>&nbsp;&nbsp;Stara.fi<\/li>\n<\/ol>\n","protected":false},"excerpt":{"rendered":"MN: T\u00e4m\u00e4 on rasittavin joululaulu \u2013 suomalaiset \u00e4\u00e4nestiv\u00e4t&nbsp;&nbsp;Voice.fi Suomalaiset \u00e4\u00e4nestiv\u00e4t rasittavimman joululaulun \u2013 t\u00e4ss\u00e4 on ylivoimainen inhokki&nbsp;&nbsp;Ilta-Sanomat T\u00e4ss\u00e4&hellip;\n","protected":false},"author":2,"featured_media":125305,"comment_status":"","ping_status":"","sticky":false,"template":"","format":"standard","meta":{"footnotes":""},"categories":[132],"tags":[137,33,31,30,15549,195,47,22359,32,109],"class_list":{"0":"post-125304","1":"post","2":"type-post","3":"status-publish","4":"format-standard","5":"has-post-thumbnail","7":"category-musiikki","8":"tag-entertainment","9":"tag-fi","10":"tag-finland","11":"tag-finnish","12":"tag-joululaulu","13":"tag-music","14":"tag-musiikki","15":"tag-rasittavin","16":"tag-suomi","17":"tag-viihde"},"share_on_mastodon":{"url":"https:\/\/pubeurope.com\/@fi\/115778708004915252","error":""},"_links":{"self":[{"href":"https:\/\/www.europesays.com\/fi\/wp-json\/wp\/v2\/posts\/125304","targetHints":{"allow":["GET"]}}],"collection":[{"href":"https:\/\/www.europesays.com\/fi\/wp-json\/wp\/v2\/posts"}],"about":[{"href":"https:\/\/www.europesays.com\/fi\/wp-json\/wp\/v2\/types\/post"}],"author":[{"embeddable":true,"href":"https:\/\/www.europesays.com\/fi\/wp-json\/wp\/v2\/users\/2"}],"replies":[{"embeddable":true,"href":"https:\/\/www.europesays.com\/fi\/wp-json\/wp\/v2\/comments?post=125304"}],"version-history":[{"count":0,"href":"https:\/\/www.europesays.com\/fi\/wp-json\/wp\/v2\/posts\/125304\/revisions"}],"wp:featuredmedia":[{"embeddable":true,"href":"https:\/\/www.europesays.com\/fi\/wp-json\/wp\/v2\/media\/125305"}],"wp:attachment":[{"href":"https:\/\/www.europesays.com\/fi\/wp-json\/wp\/v2\/media?parent=125304"}],"wp:term":[{"taxonomy":"category","embeddable":true,"href":"https:\/\/www.europesays.com\/fi\/wp-json\/wp\/v2\/categories?post=125304"},{"taxonomy":"post_tag","embeddable":true,"href":"https:\/\/www.europesays.com\/fi\/wp-json\/wp\/v2\/tags?post=125304"}],"curies":[{"name":"wp","href":"https:\/\/api.w.org\/{rel}","templated":true}]}}