{"id":125313,"date":"2025-12-25T06:15:11","date_gmt":"2025-12-25T06:15:11","guid":{"rendered":"https:\/\/www.europesays.com\/fi\/125313\/"},"modified":"2025-12-25T06:15:11","modified_gmt":"2025-12-25T06:15:11","slug":"toimittaja-minna-ala-heikkila-palasi-kotiin-ja-huomasi-etta-jattimaisesta-leikkauksesta-ei-niin-vain-toivuta-tunnen-melkein-invalidisoituvani","status":"publish","type":"post","link":"https:\/\/www.europesays.com\/fi\/125313\/","title":{"rendered":"Toimittaja Minna Ala-Heikkil\u00e4 palasi kotiin ja huomasi, ett\u00e4 j\u00e4ttim\u00e4isest\u00e4 leikkauksesta ei niin vain toivuta \u2013 \u201dTunnen melkein invalidisoituvani\u201d"},"content":{"rendered":"<p>Toimittaja Minna Ala-Heikkil\u00e4 kertoo juttusarjassaan, milt\u00e4 tuntuu sairastaa sy\u00f6p\u00e4\u00e4. Sarjan 15. osassa h\u00e4n kuvailee leikkauksen j\u00e4lkeist\u00e4 kotiinpaluuta vastoink\u00e4ymisineen ja sen nostattamia ajatuksia. \u201dEnt\u00e4 jos sy\u00f6v\u00e4st\u00e4 tuleekin pysyv\u00e4 seuralainen?\u201d<\/p>\n<p class=\"article-body mb-nof-24 px-nof-16\">Aamulehti<\/p>\n<p class=\"article-body mb-nof-24 px-nof-16\">Paperit\u00e4hti loistaa olohuoneen ikkunalla, puolukkakranssit somistavat olohuoneen pariovia. Onneksi enn\u00e4tin v\u00e4h\u00e4n koristella kotia jouluksi ennen kuin l\u00e4hdin isoon leikkaukseen.<\/p>\n<p class=\"article-body mb-nof-24 px-nof-16\">On keskiviikko 17. joulukuuta. Vatsan alueen isosta sy\u00f6p\u00e4leikkauksestani on kahdeksan p\u00e4iv\u00e4\u00e4 ja olen t\u00e4n\u00e4\u00e4n p\u00e4\u00e4ssyt sairaalasta kotiin. Kun laitan omassa keitti\u00f6ss\u00e4ni kahvin tippumaan, olen niin kiitollinen, ett\u00e4 kyyneleet kihoavat silmiini. Halaan miest\u00e4ni useasti.<\/p>\n","protected":false},"excerpt":{"rendered":"Toimittaja Minna Ala-Heikkil\u00e4 kertoo juttusarjassaan, milt\u00e4 tuntuu sairastaa sy\u00f6p\u00e4\u00e4. Sarjan 15. osassa h\u00e4n kuvailee leikkauksen j\u00e4lkeist\u00e4 kotiinpaluuta vastoink\u00e4ymisineen&hellip;\n","protected":false},"author":2,"featured_media":125314,"comment_status":"","ping_status":"","sticky":false,"template":"","format":"standard","meta":{"footnotes":""},"categories":[12],"tags":[157,22,23,26,27,33,31,30,17,24,25,28,29,15,18,21,32,19,20,16],"class_list":{"0":"post-125313","1":"post","2":"type-post","3":"status-publish","4":"format-standard","5":"has-post-thumbnail","7":"category-suomi","8":"tag-aamulehti","9":"tag-breaking-news","10":"tag-breakingnews","11":"tag-featured-news","12":"tag-featurednews","13":"tag-fi","14":"tag-finland","15":"tag-finnish","16":"tag-headlines","17":"tag-latest-news","18":"tag-latestnews","19":"tag-main-news","20":"tag-mainnews","21":"tag-news","22":"tag-otsikot","23":"tag-paauutiset","24":"tag-suomi","25":"tag-top-stories","26":"tag-topstories","27":"tag-uutiset"},"share_on_mastodon":{"url":"https:\/\/pubeurope.com\/@fi\/115778743446305413","error":""},"_links":{"self":[{"href":"https:\/\/www.europesays.com\/fi\/wp-json\/wp\/v2\/posts\/125313","targetHints":{"allow":["GET"]}}],"collection":[{"href":"https:\/\/www.europesays.com\/fi\/wp-json\/wp\/v2\/posts"}],"about":[{"href":"https:\/\/www.europesays.com\/fi\/wp-json\/wp\/v2\/types\/post"}],"author":[{"embeddable":true,"href":"https:\/\/www.europesays.com\/fi\/wp-json\/wp\/v2\/users\/2"}],"replies":[{"embeddable":true,"href":"https:\/\/www.europesays.com\/fi\/wp-json\/wp\/v2\/comments?post=125313"}],"version-history":[{"count":0,"href":"https:\/\/www.europesays.com\/fi\/wp-json\/wp\/v2\/posts\/125313\/revisions"}],"wp:featuredmedia":[{"embeddable":true,"href":"https:\/\/www.europesays.com\/fi\/wp-json\/wp\/v2\/media\/125314"}],"wp:attachment":[{"href":"https:\/\/www.europesays.com\/fi\/wp-json\/wp\/v2\/media?parent=125313"}],"wp:term":[{"taxonomy":"category","embeddable":true,"href":"https:\/\/www.europesays.com\/fi\/wp-json\/wp\/v2\/categories?post=125313"},{"taxonomy":"post_tag","embeddable":true,"href":"https:\/\/www.europesays.com\/fi\/wp-json\/wp\/v2\/tags?post=125313"}],"curies":[{"name":"wp","href":"https:\/\/api.w.org\/{rel}","templated":true}]}}