{"id":125320,"date":"2025-12-25T06:37:11","date_gmt":"2025-12-25T06:37:11","guid":{"rendered":"https:\/\/www.europesays.com\/fi\/125320\/"},"modified":"2025-12-25T06:37:11","modified_gmt":"2025-12-25T06:37:11","slug":"talta-nayttaa-iida-vainion-ja-archie-cruzin-perhejoulu","status":"publish","type":"post","link":"https:\/\/www.europesays.com\/fi\/125320\/","title":{"rendered":"T\u00e4lt\u00e4 n\u00e4ytt\u00e4\u00e4 Iida Vainion ja Archie Cruzin perhejoulu"},"content":{"rendered":"<p>Syksyinen paha riita vaikuttaa unohtuneen, koska <strong>Iida Vainio<\/strong> ja <strong>Archie Cruz<\/strong> ovat julkaisseet yhteisen joulukuvan. Julkaisun kuvassa poseeraa koko perhe eli my\u00f6s parin yhteinen juuri vuoden t\u00e4ytt\u00e4nyt tyt\u00e4r.<\/p>\n<p>Lue my\u00f6s: <a href=\"https:\/\/www.como.fi\/uutiset\/archie-cruz-paljasti-suhteensa-tilan\/\" title=\"Archie Cruz paljasti suhteensa tilan\" class=\"underline-custom !font-montserrat !font-bold !underline-offset-4 !decoration-4 !decoration-red-600 !text-md\" rel=\"nofollow noopener\" target=\"_blank\">Archie Cruz paljasti suhteensa tilan<\/a><\/p>\n<p>Julkaisussa toivotetaan hyv\u00e4\u00e4 joulua kaikille koko perheelt\u00e4. Kuvan on ottanut valokuvaaja <strong>Alena Roots<\/strong>. Archie pit\u00e4\u00e4 kuvassa kiinni Iidasta. Tyt\u00e4r on Iidan syliss\u00e4. \u00c4idill\u00e4 ja tytt\u00e4rell\u00e4 on molemmilla p\u00e4\u00e4ll\u00e4\u00e4n punainen mekko. Archien tyyli on arkisempi.<\/p>\n<p>\u2013 Ihana tuo pikku \u201driivi\u00f6\u201d prinsessa. Mik\u00e4 ilme!! N\u00e4ytt\u00e4\u00e4 kyll\u00e4 ns kaapin paikan, kirjoittaa joku viitaten tytt\u00e4ren virnistykseen kuvassa.<\/p>\n<p>Lue my\u00f6s: <a href=\"https:\/\/www.como.fi\/uutiset\/perheonni-kukoistaa-iida-archie-ja-vauva-yhteiskuvassa\/\" title=\"Perheonni kukoistaa: Iida, Archie ja vauva yhteiskuvassa\" class=\"underline-custom !font-montserrat !font-bold !underline-offset-4 !decoration-4 !decoration-red-600 !text-md\" rel=\"nofollow noopener\" target=\"_blank\">Perheonni kukoistaa: Iida, Archie ja vauva yhteiskuvassa<\/a><\/p>\n<p>\u2013 Miksi tekstitys pit\u00e4\u00e4 k\u00e4\u00e4nt\u00e4\u00e4 Suomeksi? Suomalainen perhe. Hyv\u00e4\u00e4 joulua, ihmettelee joku.<\/p>\n<p>Suurin osa kommenteista on pelkki\u00e4 joulun ja uuden vuoden toivotuksia. Kuvan perusteella perhe viett\u00e4\u00e4 mukavan yhteisen joulun.<\/p>\n<p>N\u00e4et kuvan perheest\u00e4 my\u00f6s <a href=\"https:\/\/www.instagram.com\/p\/DSpiGhPCmnd\/?utm_source=ig_web_copy_link&amp;igsh=MzRlODBiNWFlZA==\" target=\"_blank\" rel=\"noreferrer noopener nofollow\">t\u00e4\u00e4lt\u00e4<\/a>.<\/p>\n<p>Lue my\u00f6s: <a href=\"https:\/\/www.como.fi\/tilaa-comon-uutiskirje\/\" title=\"Tilaa Comon uutiskirje ja tied\u00e4t mist\u00e4 kahvitauolla puhutaan! Nappaa kotimaan tv-vinkit ja puheenaiheet suoraan s\u00e4hk\u00f6postiin t\u00e4st\u00e4.\" class=\"underline-custom !font-montserrat !font-bold !underline-offset-4 !decoration-4 !decoration-red-600 !text-md\" rel=\"nofollow noopener\" target=\"_blank\">Tilaa Comon uutiskirje ja tied\u00e4t mist\u00e4 kahvitauolla puhutaan! Nappaa kotimaan tv-vinkit ja puheenaiheet suoraan s\u00e4hk\u00f6postiin t\u00e4st\u00e4.<\/a><\/p>\n<p>\t\t\t<script async src=\"\/\/www.instagram.com\/embed.js\"><\/script><\/p>\n","protected":false},"excerpt":{"rendered":"Syksyinen paha riita vaikuttaa unohtuneen, koska Iida Vainio ja Archie Cruz ovat julkaisseet yhteisen joulukuvan. Julkaisun kuvassa poseeraa&hellip;\n","protected":false},"author":2,"featured_media":125321,"comment_status":"","ping_status":"","sticky":false,"template":"","format":"standard","meta":{"footnotes":""},"categories":[130],"tags":[2345,137,33,31,30,2344,32,109],"class_list":{"0":"post-125320","1":"post","2":"type-post","3":"status-publish","4":"format-standard","5":"has-post-thumbnail","7":"category-viihde","8":"tag-archie-cruz","9":"tag-entertainment","10":"tag-fi","11":"tag-finland","12":"tag-finnish","13":"tag-iida-vainio","14":"tag-suomi","15":"tag-viihde"},"share_on_mastodon":{"url":"https:\/\/pubeurope.com\/@fi\/115778829903961266","error":""},"_links":{"self":[{"href":"https:\/\/www.europesays.com\/fi\/wp-json\/wp\/v2\/posts\/125320","targetHints":{"allow":["GET"]}}],"collection":[{"href":"https:\/\/www.europesays.com\/fi\/wp-json\/wp\/v2\/posts"}],"about":[{"href":"https:\/\/www.europesays.com\/fi\/wp-json\/wp\/v2\/types\/post"}],"author":[{"embeddable":true,"href":"https:\/\/www.europesays.com\/fi\/wp-json\/wp\/v2\/users\/2"}],"replies":[{"embeddable":true,"href":"https:\/\/www.europesays.com\/fi\/wp-json\/wp\/v2\/comments?post=125320"}],"version-history":[{"count":0,"href":"https:\/\/www.europesays.com\/fi\/wp-json\/wp\/v2\/posts\/125320\/revisions"}],"wp:featuredmedia":[{"embeddable":true,"href":"https:\/\/www.europesays.com\/fi\/wp-json\/wp\/v2\/media\/125321"}],"wp:attachment":[{"href":"https:\/\/www.europesays.com\/fi\/wp-json\/wp\/v2\/media?parent=125320"}],"wp:term":[{"taxonomy":"category","embeddable":true,"href":"https:\/\/www.europesays.com\/fi\/wp-json\/wp\/v2\/categories?post=125320"},{"taxonomy":"post_tag","embeddable":true,"href":"https:\/\/www.europesays.com\/fi\/wp-json\/wp\/v2\/tags?post=125320"}],"curies":[{"name":"wp","href":"https:\/\/api.w.org\/{rel}","templated":true}]}}