{"id":125343,"date":"2025-12-25T07:21:10","date_gmt":"2025-12-25T07:21:10","guid":{"rendered":"https:\/\/www.europesays.com\/fi\/125343\/"},"modified":"2025-12-25T07:21:10","modified_gmt":"2025-12-25T07:21:10","slug":"muistatko-vesa-matti-loiri-joutui-jattamaan-kotinsa-piina-jatkui-vuosia","status":"publish","type":"post","link":"https:\/\/www.europesays.com\/fi\/125343\/","title":{"rendered":"Muistatko? Vesa-Matti Loiri joutui j\u00e4tt\u00e4m\u00e4\u00e4n kotinsa &#8211; piina jatkui vuosia"},"content":{"rendered":"<p>            panu h\u00f6rkk\u00f6\n        <\/p>\n<p class=\"subtitle \">Koko kansan rakastama Vesa-Matti joutui aikoinaan kavalan rikoksen kohteeksi.<\/p>\n<p class=\"article-content article-content-width !bg-background\">Taiteilija  menehtyi elokuussa 2022. H\u00e4nell\u00e4 oli todettu alkuvuodesta kaksi eri sy\u00f6p\u00e4\u00e4, jotka johtivat viihdelegendan kuolemaan vain muutamassa kuukaudessa.\u00a0<\/p>\n<p class=\"font-weight-bold m-font-weight-bold article-content article-content-width !bg-background\">Arkistovideo: Seiska l\u00f6ysi Vesa-Matti Loirin Ukko-pojan:<\/p>\n<p class=\"article-content article-content-width !bg-background\">Kansallisaarteen aseman saavuttaneen Veskun viimeisiin vuosiin mahtui terveyshuolien lis\u00e4ksi my\u00f6s muita ik\u00e4vi\u00e4 k\u00e4\u00e4nteit\u00e4. Laulava n\u00e4yttelij\u00e4 joutui vuonna 2015 kavalan rikoksen kohteeksi, kun h\u00e4nen Espoossa sijaitsevaan kotitaloonsa murtauduttiin keskell\u00e4 p\u00e4iv\u00e4\u00e4\u00a0 Veskun itsens\u00e4 ollessa nokosilla.\u00a0<\/p>\n<p class=\"article-content article-content-width !bg-background\">Rikolliset veiv\u00e4t menness\u00e4\u00e4n muun muassa k\u00e4teist\u00e4 sek\u00e4 viiden tonnin kameran. Lis\u00e4ksi matkaan l\u00e4hti Veskun 10 000 euron arvoinen Rolex-kello. \u00d6kytiuku oli Vesa-Matille arvokas my\u00f6s tunnelataukseltaan, sill\u00e4 h\u00e4n oli saanut sen lahjaksi edesmenneelt\u00e4 -pojaltaan.\u00a0<\/p>\n<p>        <a itemprop=\"url\" href=\"https:\/\/www.seiska.fi\/vain-seiskassa\/vesku-loirin-jalkelaiset-herattivat-huomiota-okykahvilassa-paparazzikuvat\/1931695\" rel=\"nofollow noopener\" target=\"_blank\"><\/p>\n<p>\nPaparazzikuvat!\n<\/p>\n<p class=\"section-date\">\n        <strong class=\"article-section\" data-section=\"vain seiskassa\"><br \/>\n            vain seiskassa<br \/>\n        <\/strong><br \/>\n        22.9. 08:00\n    <\/p>\n<p>Vesku Loirin j\u00e4lkel\u00e4iset her\u00e4ttiv\u00e4t huomiota \u00f6kykahvilassa \u2013 paparazzikuvat!\n    <\/p>\n<p itemprop=\"description\" class=\"subtitle \">\n    Sampolla ja Jennill\u00e4 on silminn\u00e4hden l\u00e4mpim\u00e4t v\u00e4lit.\n<\/p>\n<p>        <\/a><\/p>\n<p>                <img decoding=\"async\" src=\"https:\/\/www.europesays.com\/fi\/wp-content\/uploads\/2025\/12\/2003433.webp\" width=\"576\" height=\"720\" alt=\"Vesku teki leffadebyyttins\u00e4 17-vuotiaana elokuvassa Pojat (1962).\" loading=\"lazy\" \/>            <\/p>\n<p>\n            Vesku teki leffadebyyttins\u00e4 17-vuotiaana elokuvassa Pojat (1962).<br \/>\n            ARI LAHTI\n        <\/p>\n<p class=\"article-content article-content-width !bg-background\">\u2013 Tunsin oloni raiskatuksi, ja paska fiilis siit\u00e4 jatkui pitk\u00e4\u00e4n. Onneksi en her\u00e4nnyt varkaiden tuloon, Vesku totesi tuolloin Seiskalle.\u00a0<\/p>\n<p>Osoitetiedot kaupan<\/p>\n<p class=\"article-content article-content-width !bg-background\">R\u00f6yhke\u00e4st\u00e4 rikoksesta huolimatta Vesku j\u00e4i asumaan melko syrj\u00e4ss\u00e4 sijaitsevaan omakotitaloonsa. Vuonna 2019 tilanne kuitenkin muuttui, kun taiteilija joutui j\u00e4lleen kriminaalien silm\u00e4tikuksi.\u00a0<\/p>\n<p class=\"article-content article-content-width !bg-background\">Seiska uutisoi 2019 konnien alkaneen myyntipuuhiin, jotka asettivat Veskun vaaraan. Rikolliset olivat alkaneet jo pari vuotta aiemmin kaupata Vesa-Matin osoitetta internetin pime\u00e4ll\u00e4 puolella toimivassa Tor-verkossa.<\/p>\n<p>        <a itemprop=\"url\" href=\"https:\/\/www.seiska.fi\/kotimaa\/nayttelija-esko-salmiselta-85-pysayttavat-sanat-olen-viimeisella-rannalla\/1954309\" rel=\"nofollow noopener\" target=\"_blank\"><\/p>\n<p>\nEsko Salminen, 85\n<\/p>\n<p class=\"section-date\">\n        <strong class=\"article-section\" data-section=\"kotimaa\"><br \/>\n            kotimaa<br \/>\n        <\/strong><br \/>\n        12.10. 10:30\n    <\/p>\n<p>N\u00e4yttelij\u00e4 Esko Salmiselta, 85, pys\u00e4ytt\u00e4v\u00e4t sanat: &#8221;Olen viimeisell\u00e4 rannalla&#8221;\n    <\/p>\n<p itemprop=\"description\" class=\"subtitle \">\n    N\u00e4yttelij\u00e4 Esko Salminen on pit\u00e4nyt yht\u00e4 rakkaan Aino-vaimonsa kanssa pian 40 vuotta.\n<\/p>\n<p>        <\/a><\/p>\n<p>                <img decoding=\"async\" src=\"https:\/\/www.europesays.com\/fi\/wp-content\/uploads\/2025\/12\/2003431.webp\" width=\"576\" height=\"322\" alt=\"T\u00e4ss\u00e4 talossa Vesku joutui katalan rikoksen kohteeksi. Arkistokuva 2019.\" loading=\"lazy\" \/>            <\/p>\n<p>\n            T\u00e4ss\u00e4 talossa Vesku joutui katalan rikoksen kohteeksi. Arkistokuva 2019.<br \/>\n            Panu H\u00f6rkk\u00f6\n        <\/p>\n<p class=\"article-content article-content-width !bg-background\">Asiaa selviteltiin viranomaisia my\u00f6ten. L\u00e4heiset riensiv\u00e4t Veskun tueksi ja lis\u00e4siv\u00e4t k\u00e4yntej\u00e4\u00e4n t\u00e4m\u00e4n luona. Viihdelegendan turvallisuutta taattiin my\u00f6s poikkeuksellisilla keinoilla. Seiskan tietojen mukaan t\u00e4m\u00e4n asunnolla k\u00e4vi partioimassa my\u00f6s &#8221;alan miehi\u00e4&#8221; moottoripy\u00f6riens\u00e4 kanssa.<\/p>\n<p>        <a itemprop=\"url\" href=\"https:\/\/www.seiska.fi\/kotimaa\/vesku-loirin-ex-vaimo-stina-laittoi-idyllisen-kotinsa-myyntiin-kylakoulu-jarven-rannalla\/1908005\" rel=\"nofollow noopener\" target=\"_blank\"><\/p>\n<p>\nKyl\u00e4koulu j\u00e4rven rannalla\n<\/p>\n<p class=\"section-date\">\n        <strong class=\"article-section\" data-section=\"kotimaa\"><br \/>\n            kotimaa<br \/>\n        <\/strong><br \/>\n        28.8. 07:00\n    <\/p>\n<p>Vesku Loirin ex-vaimo Stina laittoi idyllisen kotinsa myyntiin \u2013 kyl\u00e4koulu j\u00e4rven rannalla\n    <\/p>\n<p itemprop=\"description\" class=\"subtitle \">\n    Stina pyyt\u00e4\u00e4 yli 670-neli\u00f6n omakotitalosta 89 000 euroa.\n<\/p>\n<p>        <\/a><\/p>\n<p>J\u00e4tti kotinsa<\/p>\n<p class=\"article-content article-content-width !bg-background\">Syksyll\u00e4 2019 Vesa-Matti sai rikollisten kieroilusta ja turvattomuudesta tarpeekseen. H\u00e4n pakkasi tavaransa ja vaihtoi osoitetta.\u00a0<\/p>\n<p>                <img decoding=\"async\" src=\"https:\/\/www.europesays.com\/fi\/wp-content\/uploads\/2025\/12\/2003435.webp\" width=\"576\" height=\"720\" alt=\"Vesa-Matti Loirin piina kesti vuosia \u2013 joutui pakenemaan kotoaan\" loading=\"lazy\" \/>            <\/p>\n<p>            ATTE KAJOVA\n        <\/p>\n<p class=\"article-content article-content-width !bg-background\">Sep\u00e4nkyl\u00e4ss\u00e4 sijaitseva entinen koti, 186 neli\u00f6n omakotitalo laitettiin vuokralle. Vuokraa hulppeasta kuuden makuuhuoneen t\u00f6n\u00f6st\u00e4 pyydettiin 2 500 euroa.\u00a0\u00a0<\/p>\n<p class=\"article-content article-content-width !bg-background\">Kovin kauas Vesku ei kuitenkaan malttanut l\u00e4hte\u00e4. My\u00f6s uusi omakotitalo l\u00f6ytyi tutusta kotikaupungista. Turvallisuutta lis\u00e4siv\u00e4t aita sek\u00e4 moderni h\u00e4lytysj\u00e4rjestelm\u00e4.<\/p>\n<p>        <a itemprop=\"url\" href=\"https:\/\/www.seiska.fi\/katso\/muistatko-nama-uuno-elokuvien-kaunottaret\/1878430\" rel=\"nofollow noopener\" target=\"_blank\"><\/p>\n<p>\nElokuvat\n<\/p>\n<p class=\"section-date\">\n        <strong class=\"article-section\" data-section=\"katso\"><br \/>\n            katso<br \/>\n        <\/strong><br \/>\n        26.7. 07:15\n    <\/p>\n<p>Muistatko n\u00e4m\u00e4 Uuno-elokuvien kaunottaret?\n    <\/p>\n<p itemprop=\"description\" class=\"subtitle \">\n    Uuno Turhapuron mielitiettyj\u00e4 ovat n\u00e4ytelleet muun muassa vuoden 1974 Miss Suomi, sisustussuunnittelija ja malli.\n<\/p>\n<p>        <\/a><\/p>\n","protected":false},"excerpt":{"rendered":"panu h\u00f6rkk\u00f6 Koko kansan rakastama Vesa-Matti joutui aikoinaan kavalan rikoksen kohteeksi. Taiteilija menehtyi elokuussa 2022. H\u00e4nell\u00e4 oli todettu&hellip;\n","protected":false},"author":2,"featured_media":125344,"comment_status":"","ping_status":"","sticky":false,"template":"","format":"standard","meta":{"footnotes":""},"categories":[136],"tags":[407,137,400,33,31,30,408,1233,38,32,1667,6716,109],"class_list":{"0":"post-125343","1":"post","2":"type-post","3":"status-publish","4":"format-standard","5":"has-post-thumbnail","7":"category-julkkikset","8":"tag-celebrities","9":"tag-entertainment","10":"tag-espoo","11":"tag-fi","12":"tag-finland","13":"tag-finnish","14":"tag-julkkikset","15":"tag-koti","16":"tag-rikos","17":"tag-suomi","18":"tag-tapahtumat","19":"tag-vesa-matti-loiri","20":"tag-viihde"},"share_on_mastodon":{"url":"https:\/\/pubeurope.com\/@fi\/115779003101229348","error":""},"_links":{"self":[{"href":"https:\/\/www.europesays.com\/fi\/wp-json\/wp\/v2\/posts\/125343","targetHints":{"allow":["GET"]}}],"collection":[{"href":"https:\/\/www.europesays.com\/fi\/wp-json\/wp\/v2\/posts"}],"about":[{"href":"https:\/\/www.europesays.com\/fi\/wp-json\/wp\/v2\/types\/post"}],"author":[{"embeddable":true,"href":"https:\/\/www.europesays.com\/fi\/wp-json\/wp\/v2\/users\/2"}],"replies":[{"embeddable":true,"href":"https:\/\/www.europesays.com\/fi\/wp-json\/wp\/v2\/comments?post=125343"}],"version-history":[{"count":0,"href":"https:\/\/www.europesays.com\/fi\/wp-json\/wp\/v2\/posts\/125343\/revisions"}],"wp:featuredmedia":[{"embeddable":true,"href":"https:\/\/www.europesays.com\/fi\/wp-json\/wp\/v2\/media\/125344"}],"wp:attachment":[{"href":"https:\/\/www.europesays.com\/fi\/wp-json\/wp\/v2\/media?parent=125343"}],"wp:term":[{"taxonomy":"category","embeddable":true,"href":"https:\/\/www.europesays.com\/fi\/wp-json\/wp\/v2\/categories?post=125343"},{"taxonomy":"post_tag","embeddable":true,"href":"https:\/\/www.europesays.com\/fi\/wp-json\/wp\/v2\/tags?post=125343"}],"curies":[{"name":"wp","href":"https:\/\/api.w.org\/{rel}","templated":true}]}}