{"id":125354,"date":"2025-12-25T07:34:08","date_gmt":"2025-12-25T07:34:08","guid":{"rendered":"https:\/\/www.europesays.com\/fi\/125354\/"},"modified":"2025-12-25T07:34:08","modified_gmt":"2025-12-25T07:34:08","slug":"saa-lampenee-tanaan-koko-maassa-pohjois-lappiin-varoitus-kovasta-tuulesta","status":"publish","type":"post","link":"https:\/\/www.europesays.com\/fi\/125354\/","title":{"rendered":"S\u00e4\u00e4 l\u00e4mpenee t\u00e4n\u00e4\u00e4n koko maassa \u2013 Pohjois-Lappiin varoitus kovasta tuulesta"},"content":{"rendered":"<p class=\"article__paragraph\">\n      S\u00e4\u00e4 l\u00e4mpenee joulup\u00e4iv\u00e4n\u00e4 koko maassa ja l\u00e4mp\u00f6tilat nousevat j\u00e4lleen plussan puolelle, kerrotaan Ilmatieteen laitokselta.\n    <\/p>\n<p class=\"article__paragraph\">\n      L\u00e4mp\u00f6tilat ovat yhdest\u00e4 viiteen plusastetta, mutta l\u00e4nsirannikolla sek\u00e4 l\u00e4ntisess\u00e4 Lapissa voidaan menn\u00e4 sen yli.\n    <\/p>\n<p class=\"article__paragraph\">\n      Muuten p\u00e4iv\u00e4 on vaihtelevan pilvinen ja poutainen. Lapissa ja It\u00e4-Suomessa voi tulla vesi- tai lumisateita. Tuuli alkaa voimistua, ja erityisesti Keski- ja Pohjois-Lapissa tuuli on puuskaista.\n    <\/p>\n<p class=\"article__paragraph\">\n      Ilmatieteen laitos <a href=\"https:\/\/www.ilmatieteenlaitos.fi\/varoitukset\" rel=\"nofollow noopener\" target=\"_blank\">varoittaa<\/a> voimakkaasta tuulesta Pohjois-Lapissa sek\u00e4 huonosta ajokelist\u00e4 j\u00e4\u00e4t\u00e4v\u00e4n vesisateen tai lumisateen vuoksi osissa Pohjois- ja Koillis-Suomea.\n    <\/p>\n","protected":false},"excerpt":{"rendered":"S\u00e4\u00e4 l\u00e4mpenee joulup\u00e4iv\u00e4n\u00e4 koko maassa ja l\u00e4mp\u00f6tilat nousevat j\u00e4lleen plussan puolelle, kerrotaan Ilmatieteen laitokselta. L\u00e4mp\u00f6tilat ovat yhdest\u00e4 viiteen&hellip;\n","protected":false},"author":2,"featured_media":125355,"comment_status":"","ping_status":"","sticky":false,"template":"","format":"standard","meta":{"footnotes":""},"categories":[12],"tags":[22,23,26,27,33,31,30,17,24,25,28,29,15,18,21,32,19,20,16],"class_list":{"0":"post-125354","1":"post","2":"type-post","3":"status-publish","4":"format-standard","5":"has-post-thumbnail","7":"category-suomi","8":"tag-breaking-news","9":"tag-breakingnews","10":"tag-featured-news","11":"tag-featurednews","12":"tag-fi","13":"tag-finland","14":"tag-finnish","15":"tag-headlines","16":"tag-latest-news","17":"tag-latestnews","18":"tag-main-news","19":"tag-mainnews","20":"tag-news","21":"tag-otsikot","22":"tag-paauutiset","23":"tag-suomi","24":"tag-top-stories","25":"tag-topstories","26":"tag-uutiset"},"share_on_mastodon":{"url":"https:\/\/pubeurope.com\/@fi\/115779054203654551","error":""},"_links":{"self":[{"href":"https:\/\/www.europesays.com\/fi\/wp-json\/wp\/v2\/posts\/125354","targetHints":{"allow":["GET"]}}],"collection":[{"href":"https:\/\/www.europesays.com\/fi\/wp-json\/wp\/v2\/posts"}],"about":[{"href":"https:\/\/www.europesays.com\/fi\/wp-json\/wp\/v2\/types\/post"}],"author":[{"embeddable":true,"href":"https:\/\/www.europesays.com\/fi\/wp-json\/wp\/v2\/users\/2"}],"replies":[{"embeddable":true,"href":"https:\/\/www.europesays.com\/fi\/wp-json\/wp\/v2\/comments?post=125354"}],"version-history":[{"count":0,"href":"https:\/\/www.europesays.com\/fi\/wp-json\/wp\/v2\/posts\/125354\/revisions"}],"wp:featuredmedia":[{"embeddable":true,"href":"https:\/\/www.europesays.com\/fi\/wp-json\/wp\/v2\/media\/125355"}],"wp:attachment":[{"href":"https:\/\/www.europesays.com\/fi\/wp-json\/wp\/v2\/media?parent=125354"}],"wp:term":[{"taxonomy":"category","embeddable":true,"href":"https:\/\/www.europesays.com\/fi\/wp-json\/wp\/v2\/categories?post=125354"},{"taxonomy":"post_tag","embeddable":true,"href":"https:\/\/www.europesays.com\/fi\/wp-json\/wp\/v2\/tags?post=125354"}],"curies":[{"name":"wp","href":"https:\/\/api.w.org\/{rel}","templated":true}]}}