{"id":125362,"date":"2025-12-25T07:55:08","date_gmt":"2025-12-25T07:55:08","guid":{"rendered":"https:\/\/www.europesays.com\/fi\/125362\/"},"modified":"2025-12-25T07:55:08","modified_gmt":"2025-12-25T07:55:08","slug":"frendit-nayttelija-on-kuollut-voice-fi","status":"publish","type":"post","link":"https:\/\/www.europesays.com\/fi\/125362\/","title":{"rendered":"Frendit-n\u00e4yttelij\u00e4 on kuollut &#8211; Voice.fi"},"content":{"rendered":"<p>Yhdysvaltalainen n\u00e4yttelij\u00e4 <strong>Pat Finn<\/strong> on kuollut. Asian vahvisti h\u00e4nen edustajansa New York Postille. Finn kuoli virtsarakon sy\u00f6p\u00e4\u00e4n. <\/p>\n<p>Finn oli kuollessaan 60-vuotias. H\u00e4nt\u00e4 j\u00e4iv\u00e4t kaipaamaan <strong>Donna<\/strong>-vaimo ja parin kolme yhteist\u00e4 lasta sek\u00e4 lukuisat sukulaiset esimerkiksi h\u00e4nen omat vanhempansa ja viisi sisarusta.<\/p>\n<p>Finn n\u00e4yttelij\u00e4 monissa suomalaisille tutuissa tv-sarjoissa. H\u00e4n n\u00e4ytteli esimerkiksi Frendit-sarjassa <strong>Monican<\/strong> (<strong>Courteney Coxin<\/strong>) poikayst\u00e4v\u00e4\u00e4 tohtori <strong>Rogeria<\/strong>. Moni muistaa h\u00e4net my\u00f6s tv-sarjoista Seinfeld ja Kolmas kivi auringosta.<\/p>\n<p>Finn sairastui virtsarakon sy\u00f6p\u00e4\u00e4n vuonna 2022. Sy\u00f6p\u00e4 uusiutui my\u00f6hemmin ja se levisi.<\/p>\n<p>L\u00e4hde: <a href=\"https:\/\/nypost.com\/2025\/12\/24\/entertainment\/the-middle-actor-pat-finn-dies-at-60-after-cancer-battle\/\" target=\"_blank\" rel=\"noreferrer noopener nofollow\">Nypost<\/a><\/p>\n","protected":false},"excerpt":{"rendered":"Yhdysvaltalainen n\u00e4yttelij\u00e4 Pat Finn on kuollut. Asian vahvisti h\u00e4nen edustajansa New York Postille. Finn kuoli virtsarakon sy\u00f6p\u00e4\u00e4n. Finn&hellip;\n","protected":false},"author":2,"featured_media":125363,"comment_status":"","ping_status":"","sticky":false,"template":"","format":"standard","meta":{"footnotes":""},"categories":[130],"tags":[137,33,31,30,5994,32,109],"class_list":{"0":"post-125362","1":"post","2":"type-post","3":"status-publish","4":"format-standard","5":"has-post-thumbnail","7":"category-viihde","8":"tag-entertainment","9":"tag-fi","10":"tag-finland","11":"tag-finnish","12":"tag-kuolinuutinen","13":"tag-suomi","14":"tag-viihde"},"share_on_mastodon":{"url":"https:\/\/pubeurope.com\/@fi\/115779136570900766","error":""},"_links":{"self":[{"href":"https:\/\/www.europesays.com\/fi\/wp-json\/wp\/v2\/posts\/125362","targetHints":{"allow":["GET"]}}],"collection":[{"href":"https:\/\/www.europesays.com\/fi\/wp-json\/wp\/v2\/posts"}],"about":[{"href":"https:\/\/www.europesays.com\/fi\/wp-json\/wp\/v2\/types\/post"}],"author":[{"embeddable":true,"href":"https:\/\/www.europesays.com\/fi\/wp-json\/wp\/v2\/users\/2"}],"replies":[{"embeddable":true,"href":"https:\/\/www.europesays.com\/fi\/wp-json\/wp\/v2\/comments?post=125362"}],"version-history":[{"count":0,"href":"https:\/\/www.europesays.com\/fi\/wp-json\/wp\/v2\/posts\/125362\/revisions"}],"wp:featuredmedia":[{"embeddable":true,"href":"https:\/\/www.europesays.com\/fi\/wp-json\/wp\/v2\/media\/125363"}],"wp:attachment":[{"href":"https:\/\/www.europesays.com\/fi\/wp-json\/wp\/v2\/media?parent=125362"}],"wp:term":[{"taxonomy":"category","embeddable":true,"href":"https:\/\/www.europesays.com\/fi\/wp-json\/wp\/v2\/categories?post=125362"},{"taxonomy":"post_tag","embeddable":true,"href":"https:\/\/www.europesays.com\/fi\/wp-json\/wp\/v2\/tags?post=125362"}],"curies":[{"name":"wp","href":"https:\/\/api.w.org\/{rel}","templated":true}]}}