{"id":125368,"date":"2025-12-25T08:00:16","date_gmt":"2025-12-25T08:00:16","guid":{"rendered":"https:\/\/www.europesays.com\/fi\/125368\/"},"modified":"2025-12-25T08:00:16","modified_gmt":"2025-12-25T08:00:16","slug":"lauri-kesaniemi-rakensi-piparista-pariisin-jonka-tarina-voi-paattya-vasaran-iskuihin","status":"publish","type":"post","link":"https:\/\/www.europesays.com\/fi\/125368\/","title":{"rendered":"Lauri Kes\u00e4niemi rakensi piparista Pariisin, jonka tarina voi p\u00e4\u00e4tty\u00e4 vasaran iskuihin"},"content":{"rendered":"<p>Piparit|Lauri Kes\u00e4niemen upeiden piparirakennelmien perinne jatkuu t\u00e4n\u00e4 vuonna Pariisilla. Tuntien ty\u00f6n vaatinut teos saattaa joutua lopulta vasaran alle.<\/p>\n<p>Lue tiivistelm\u00e4<\/p>\n<p class=\"article-body mb-nof-24 px-nof-16 sndp-summary-bullet-point-font\">Opettaja Lauri Kes\u00e4niemi on rakentanut piparista Pariisin aukion, joka valmistui maanantain vastaisena y\u00f6n\u00e4.<\/p>\n<p class=\"article-body mb-nof-24 px-nof-16 sndp-summary-bullet-point-font\">Rakennelma sai inspiraationsa Kes\u00e4niemen kev\u00e4isest\u00e4 Pariisin-matkasta ja sis\u00e4lt\u00e4\u00e4 yksityiskohtia kuten havuk\u00f6ynn\u00f6kset ja takorautakaiteet.<\/p>\n<p class=\"article-body mb-nof-24 px-nof-16 sndp-summary-bullet-point-font\">Kes\u00e4niemell\u00e4 on 15 vuoden kokemus piparirakentamisesta, ja h\u00e4n on aiemmin esitellyt muun muassa piparisen T\u00f6\u00f6l\u00f6n ja huvipuiston.<\/p>\n<p class=\"article-body mb-nof-24 px-nof-16\">Maanantain vastaisena y\u00f6n\u00e4 kello 00.25 se valmistui: pipari-Pariisi. Tai tarkemmin ottaen vasta seuraavana aamuna, kun pariisilaisaukio sai joulukuusensa ja terassinsa. Siin\u00e4 vaiheessa my\u00f6s rakennelman arkkitehdist\u00e4 tuntui, ett\u00e4 joululoma todella alkaa.<\/p>\n<p class=\"article-body mb-nof-24 px-nof-16\">Opettaja <a class=\"article-personlink\" href=\"https:\/\/www.hs.fi\/haku\/?query=Lauri%20Kes%C3%A4niemi\" rel=\"nofollow noopener\" target=\"_blank\">Lauri Kes\u00e4niemi<\/a> ryhtyi rakentamaan ranskalaista kaupunkimilj\u00f6\u00f6t\u00e4 marraskuun lopussa.<\/p>\n<p class=\"article-body mb-nof-24 px-nof-16\">Juuri yksityiskohdat \u2013 havuk\u00f6ynn\u00f6kset, mukulakivet ja ikkunanpieliss\u00e4 roikkuvat rusetit \u2013 olivat viimeisen viikonlopun operaatio. Aivan kaikkea suunnittelemaansa Kes\u00e4niemi ei ehtinyt toteuttaa.<\/p>\n<p class=\"article-body mb-nof-24 px-nof-16\">\u201dOlisin halunnut aukiolle viel\u00e4 lis\u00e4\u00e4 yksityiskohtia, esimerkiksi samppanjalasit p\u00f6ydille\u201d, Kes\u00e4niemi kertoo.<\/p>\n<p class=\"article-body mb-nof-24 px-nof-16\">T\u00e4m\u00e4n vuoden pipariteos sai inspiraationsa Kes\u00e4niemen pitk\u00e4\u00e4n haaveilemasta Pariisin-matkasta, joka toteutui t\u00e4n\u00e4 kev\u00e4\u00e4n\u00e4. Siell\u00e4 samppanjan juominen oli h\u00e4nen lempiaktiviteettinsa.<\/p>\n<p><img decoding=\"async\" src=\"https:\/\/www.europesays.com\/fi\/wp-content\/uploads\/2025\/12\/1766649612_86_468.jpg\" alt=\"Aukion yksityiskohdat pikeerist\u00e4 tehtyine terassikalusteineen valmistuivat viimeiseksi.\" class=\"_Img_1rerz_1\" style=\"aspect-ratio:1.332408049965302\" loading=\"eager\"\/><\/p>\n<p class=\"article-picture-caption\">Aukion yksityiskohdat pikeerist\u00e4 tehtyine terassikalusteineen valmistuivat viimeiseksi. Kuva:\u00a0Ville-Veikko Kaakinen \/ HS<\/p>\n<p><img decoding=\"async\" src=\"https:\/\/www.europesays.com\/fi\/wp-content\/uploads\/2025\/12\/1766649614_998_468.jpg\" alt=\"Lauri Kes\u00e4niemi tallensi kev\u00e4isell\u00e4 Pariisin-matkallaan kaupungin yksityiskohtia valokuviin. Kuvista oli apua, kun Kes\u00e4niemi ryhtyi suunnittelemaan t\u00e4m\u00e4n vuoden pipariprojektia.\" class=\"_Img_1rerz_1\" style=\"aspect-ratio:0.7505208333333333\" loading=\"eager\"\/><\/p>\n<p class=\"article-picture-caption\">Lauri Kes\u00e4niemi tallensi kev\u00e4isell\u00e4 Pariisin-matkallaan kaupungin yksityiskohtia valokuviin. Kuvista oli apua, kun Kes\u00e4niemi ryhtyi suunnittelemaan t\u00e4m\u00e4n vuoden pipariprojektia. Kuva:\u00a0Ville-Veikko Kaakinen \/ HS<\/p>\n<p class=\"article-body mb-nof-24 px-nof-16\">Kes\u00e4niemen piparirakennelmat ovat jo k\u00e4site. Muutama vuosi sitten Helsingin Sanomissa esiteltiin Kes\u00e4niemen taiteilema <a class=\"underline underline-offset-[0.12em] [text-decoration-thickness:var(--generic-link-underline-thickness)] [text-decoration-color:var(--generic-link-underline-color)] [text-decoration-skip-ink:var(--generic-link-underline-skip-ink)] break-words\" href=\"https:\/\/www.hs.fi\/helsinki\/art-2000010066051.html\" rel=\"nofollow noopener\" target=\"_blank\">piparinen T\u00f6\u00f6l\u00f6<\/a>. V\u00e4rikk\u00e4\u00e4t funkistalot erkkereineen ja koristeellisine yksityiskohtineen hurmasivat etenkin alueen asukkaat. Viime vuonna esiteltiin <a class=\"underline underline-offset-[0.12em] [text-decoration-thickness:var(--generic-link-underline-thickness)] [text-decoration-color:var(--generic-link-underline-color)] [text-decoration-skip-ink:var(--generic-link-underline-skip-ink)] break-words\" href=\"https:\/\/www.hs.fi\/helsinki\/art-2000010901229.html\" rel=\"nofollow noopener\" target=\"_blank\">pipari-huvipuisto<\/a>.<\/p>\n<p class=\"article-body mb-nof-24 px-nof-16\">My\u00f6s Kes\u00e4niemen muut pipariteokset ovat saaneet huomiota. H\u00e4n on esitellyt lehdiss\u00e4 esimerkiksi k\u00f6\u00f6penhaminalaisen kadunp\u00e4tk\u00e4n sek\u00e4 Korvatunturin. Sen lis\u00e4ksi h\u00e4n on jakanut mediassa vinkkej\u00e4 siihen, miten onnistua perinteisess\u00e4 piparkakkutalossa.<\/p>\n<p class=\"article-body mb-nof-24 px-nof-16\">Rakentamisesta Kes\u00e4niemell\u00e4 onkin jo 15 vuoden kokemus. Vuosien saatossa niin piparit\u00f6iden koko kuin kunnianhimo ovat kasvaneet.<\/p>\n<p class=\"article-body mb-nof-24 px-nof-16\">\u201dEn tavoittele isompaa ja mahtavampaa, vaan keskityn etenkin yksityiskohtiin. Olen huomannut, ett\u00e4 ty\u00f6n j\u00e4lki on vuosien saatossa parantunut. Harjoitus on selv\u00e4sti auttanut\u201d, Kes\u00e4niemi kertoo.<\/p>\n<p class=\"article-body mb-nof-24 px-nof-16\">Pipari-Pariisissa Kes\u00e4niemen omat suosikit ovat ranskalaisen tavaratalo Galleria Lafayetten kuvitteellinen sivupiste katolla loistavine logoineen sek\u00e4 takorautakaiteet.<\/p>\n<p class=\"article-body mb-nof-24 px-nof-16\">\u201dEi Pariisi ole Pariisi ilman ikonisia mustia takorautakaiteitaan.\u201d<\/p>\n<p><img decoding=\"async\" src=\"https:\/\/www.europesays.com\/fi\/wp-content\/uploads\/2025\/12\/1766649615_145_468.jpg\" alt=\"Kes\u00e4niemen piparirakennelma on niin massiivinen, ett\u00e4 sen siirtely vaatisi pakettiauton.\" class=\"_Img_1rerz_1\" style=\"aspect-ratio:1.332408049965302\" loading=\"eager\"\/><\/p>\n<p class=\"article-picture-caption\">Kes\u00e4niemen piparirakennelma on niin massiivinen, ett\u00e4 sen siirtely vaatisi pakettiauton. Kuva:\u00a0Ville-Veikko Kaakinen \/ HS<\/p>\n<p><img decoding=\"async\" src=\"https:\/\/www.europesays.com\/fi\/wp-content\/uploads\/2025\/12\/1766649616_544_468.jpg\" alt=\"Lauri Kes\u00e4niemen mukaan \u201dn\u00e4pertely\u201d on hyv\u00e4\u00e4 vastapainoa opettajan ty\u00f6lle.\" class=\"_Img_1rerz_1\" style=\"aspect-ratio:0.7505208333333333\" loading=\"eager\"\/><\/p>\n<p class=\"article-picture-caption\">Lauri Kes\u00e4niemen mukaan \u201dn\u00e4pertely\u201d on hyv\u00e4\u00e4 vastapainoa opettajan ty\u00f6lle. Kuva:\u00a0Ville-Veikko Kaakinen \/ HS<\/p>\n<p class=\"article-body mb-nof-24 px-nof-16\">Piparinen Pariisi rakentui Kes\u00e4niemen kotiin T\u00f6\u00f6l\u00f6ss\u00e4 iltaisin ja viikonloppuisin. Kes\u00e4niemi ei laskenut Pariisiin kuluneita tunteja, eik\u00e4 taikinaa. Sit\u00e4 h\u00e4n arvioi menneen 5\u20136 kiloa.<\/p>\n<p class=\"article-body mb-nof-24 px-nof-16\">Yll\u00e4tt\u00e4v\u00e4ksi haasteeksi muodostui Kes\u00e4niemen vanhassa talossa sijaitsevan asunnon ilmanvaihto ja kostea s\u00e4\u00e4, jonka my\u00f6t\u00e4 kerrostalojen pipariset sein\u00e4t kostuivat. Ongelma ratkesi puisilla grillitikuilla, jotka Kes\u00e4niemi viritti tukemaan seini\u00e4.<\/p>\n<p class=\"article-body mb-nof-24 px-nof-16\">Mit\u00e4 makealle ranskalaiskaupungille tapahtuu joulun j\u00e4lkeen?<\/p>\n<p class=\"article-body mb-nof-24 px-nof-16\">Sit\u00e4 Kes\u00e4niemi ei viel\u00e4 tied\u00e4. Aiempina vuosina h\u00e4n on lahjoittanut teoksensa esimerkiksi kirjastoon tai vanhainkotiin. Nyt piparikaupungin valmistuminen j\u00e4i niin viime tinkaan, ett\u00e4 se j\u00e4\u00e4 Kes\u00e4niemen kotiin p\u00f6lyttym\u00e4\u00e4n siksi aikaa kun t\u00e4m\u00e4 lomailee toisaalla.<\/p>\n<p class=\"article-body mb-nof-24 px-nof-16\">\u201dKatsotaan sitten uuden vuoden j\u00e4lkeen mit\u00e4 teen. Olen miettinyt, ett\u00e4 pit\u00e4isi vaihtelun vuoksi vasaroida teos rikki. Se voisi olla terapeuttista\u201d, Kes\u00e4niemi naurahtaa.<\/p>\n","protected":false},"excerpt":{"rendered":"Piparit|Lauri Kes\u00e4niemen upeiden piparirakennelmien perinne jatkuu t\u00e4n\u00e4 vuonna Pariisilla. Tuntien ty\u00f6n vaatinut teos saattaa joutua lopulta vasaran alle.&hellip;\n","protected":false},"author":2,"featured_media":125369,"comment_status":"","ping_status":"","sticky":false,"template":"","format":"standard","meta":{"footnotes":""},"categories":[12],"tags":[22,23,26,27,33,31,30,17,46,24,25,28,29,15,18,21,32,19,20,16],"class_list":{"0":"post-125368","1":"post","2":"type-post","3":"status-publish","4":"format-standard","5":"has-post-thumbnail","7":"category-suomi","8":"tag-breaking-news","9":"tag-breakingnews","10":"tag-featured-news","11":"tag-featurednews","12":"tag-fi","13":"tag-finland","14":"tag-finnish","15":"tag-headlines","16":"tag-helsingin-sanomat","17":"tag-latest-news","18":"tag-latestnews","19":"tag-main-news","20":"tag-mainnews","21":"tag-news","22":"tag-otsikot","23":"tag-paauutiset","24":"tag-suomi","25":"tag-top-stories","26":"tag-topstories","27":"tag-uutiset"},"share_on_mastodon":{"url":"https:\/\/pubeurope.com\/@fi\/115779157131547434","error":""},"_links":{"self":[{"href":"https:\/\/www.europesays.com\/fi\/wp-json\/wp\/v2\/posts\/125368","targetHints":{"allow":["GET"]}}],"collection":[{"href":"https:\/\/www.europesays.com\/fi\/wp-json\/wp\/v2\/posts"}],"about":[{"href":"https:\/\/www.europesays.com\/fi\/wp-json\/wp\/v2\/types\/post"}],"author":[{"embeddable":true,"href":"https:\/\/www.europesays.com\/fi\/wp-json\/wp\/v2\/users\/2"}],"replies":[{"embeddable":true,"href":"https:\/\/www.europesays.com\/fi\/wp-json\/wp\/v2\/comments?post=125368"}],"version-history":[{"count":0,"href":"https:\/\/www.europesays.com\/fi\/wp-json\/wp\/v2\/posts\/125368\/revisions"}],"wp:featuredmedia":[{"embeddable":true,"href":"https:\/\/www.europesays.com\/fi\/wp-json\/wp\/v2\/media\/125369"}],"wp:attachment":[{"href":"https:\/\/www.europesays.com\/fi\/wp-json\/wp\/v2\/media?parent=125368"}],"wp:term":[{"taxonomy":"category","embeddable":true,"href":"https:\/\/www.europesays.com\/fi\/wp-json\/wp\/v2\/categories?post=125368"},{"taxonomy":"post_tag","embeddable":true,"href":"https:\/\/www.europesays.com\/fi\/wp-json\/wp\/v2\/tags?post=125368"}],"curies":[{"name":"wp","href":"https:\/\/api.w.org\/{rel}","templated":true}]}}