{"id":125378,"date":"2025-12-25T08:22:09","date_gmt":"2025-12-25T08:22:09","guid":{"rendered":"https:\/\/www.europesays.com\/fi\/125378\/"},"modified":"2025-12-25T08:22:09","modified_gmt":"2025-12-25T08:22:09","slug":"aatelisneidon-huvikausi-on-romanttinen-romaani-1800-luvulta","status":"publish","type":"post","link":"https:\/\/www.europesays.com\/fi\/125378\/","title":{"rendered":"Aatelisneidon huvikausi on romanttinen romaani 1800-luvulta"},"content":{"rendered":"<p>Kolmiosainen sarja keskittyy Bevelstoken perheen k\u00e4\u00e4nteisiin.<\/p>\n<p class=\"article-body mb-nof-24 px-nof-16\">Brittil\u00e4isen <a class=\"article-personlink\" href=\"https:\/\/www.kmvlehti.fi\/haku\/?query=Julia%20Quinnin\" rel=\"nofollow noopener\" target=\"_blank\">Julia Quinnin<\/a> Bevelstoke on kolmiosainen, romanttinen historiakirjojen sarja. Vuonna 2025 romaaneista on julkaistu suomennettuna kaksi ensimm\u00e4ist\u00e4. Sarja keskittyy Bevelstoken perheen k\u00e4\u00e4nteisiin.<\/p>\n<p class=\"article-body mb-nof-24 px-nof-16\">Ensimm\u00e4inen romaani, Miranda Cheeverin salaiset haaveet, ilmestyi alun perin 2007 ja toinen osa, Olivia Bevelstoken huvikausi, vuonna 2009. Sarjan kolmas osa ilmestyy suomennettuna ensi vuonna.<\/p>\n","protected":false},"excerpt":{"rendered":"Kolmiosainen sarja keskittyy Bevelstoken perheen k\u00e4\u00e4nteisiin. Brittil\u00e4isen Julia Quinnin Bevelstoke on kolmiosainen, romanttinen historiakirjojen sarja. Vuonna 2025 romaaneista&hellip;\n","protected":false},"author":2,"featured_media":125379,"comment_status":"","ping_status":"","sticky":false,"template":"","format":"standard","meta":{"footnotes":""},"categories":[130],"tags":[137,33,31,30,801,32,109],"class_list":{"0":"post-125378","1":"post","2":"type-post","3":"status-publish","4":"format-standard","5":"has-post-thumbnail","7":"category-viihde","8":"tag-entertainment","9":"tag-fi","10":"tag-finland","11":"tag-finnish","12":"tag-kmv-lehti","13":"tag-suomi","14":"tag-viihde"},"share_on_mastodon":{"url":"https:\/\/pubeurope.com\/@fi\/115779242817292618","error":""},"_links":{"self":[{"href":"https:\/\/www.europesays.com\/fi\/wp-json\/wp\/v2\/posts\/125378","targetHints":{"allow":["GET"]}}],"collection":[{"href":"https:\/\/www.europesays.com\/fi\/wp-json\/wp\/v2\/posts"}],"about":[{"href":"https:\/\/www.europesays.com\/fi\/wp-json\/wp\/v2\/types\/post"}],"author":[{"embeddable":true,"href":"https:\/\/www.europesays.com\/fi\/wp-json\/wp\/v2\/users\/2"}],"replies":[{"embeddable":true,"href":"https:\/\/www.europesays.com\/fi\/wp-json\/wp\/v2\/comments?post=125378"}],"version-history":[{"count":0,"href":"https:\/\/www.europesays.com\/fi\/wp-json\/wp\/v2\/posts\/125378\/revisions"}],"wp:featuredmedia":[{"embeddable":true,"href":"https:\/\/www.europesays.com\/fi\/wp-json\/wp\/v2\/media\/125379"}],"wp:attachment":[{"href":"https:\/\/www.europesays.com\/fi\/wp-json\/wp\/v2\/media?parent=125378"}],"wp:term":[{"taxonomy":"category","embeddable":true,"href":"https:\/\/www.europesays.com\/fi\/wp-json\/wp\/v2\/categories?post=125378"},{"taxonomy":"post_tag","embeddable":true,"href":"https:\/\/www.europesays.com\/fi\/wp-json\/wp\/v2\/tags?post=125378"}],"curies":[{"name":"wp","href":"https:\/\/api.w.org\/{rel}","templated":true}]}}