{"id":125384,"date":"2025-12-25T08:27:10","date_gmt":"2025-12-25T08:27:10","guid":{"rendered":"https:\/\/www.europesays.com\/fi\/125384\/"},"modified":"2025-12-25T08:27:10","modified_gmt":"2025-12-25T08:27:10","slug":"viro-varoittaa-ammumme-rajan-yli-pyrkivat-vihreat-miehet","status":"publish","type":"post","link":"https:\/\/www.europesays.com\/fi\/125384\/","title":{"rendered":"Viro varoittaa: Ammumme rajan yli pyrkiv\u00e4t \u201dvihre\u00e4t miehet\u201d"},"content":{"rendered":"<p>Viron ulkoministeri varoittaa Ven\u00e4j\u00e4\u00e4 vakavista seurauksista.<\/p>\n<p class=\"article-body mb-nof-24 px-nof-16\">Viron ulkoministeri <a class=\"article-personlink\" href=\"https:\/\/www.is.fi\/haku\/?query=Margus%20Tsahkna\" rel=\"nofollow noopener\" target=\"_blank\">Margus Tsahkna<\/a> sanoo, ettei Viro ep\u00e4r\u00f6i toimia p\u00e4\u00e4tt\u00e4v\u00e4isesti, jos Ven\u00e4j\u00e4 yritt\u00e4\u00e4 hy\u00f6k\u00e4t\u00e4 maahan.<\/p>\n<p class=\"article-body mb-nof-24 px-nof-16\">\u2013 Sanon t\u00e4m\u00e4n ihan suoraan: Jos \u201dpienet vihre\u00e4t miehet\u201d ikin\u00e4 ylitt\u00e4v\u00e4t rajamme ammumme heid\u00e4t. Seuraukset ovat selke\u00e4t, niist\u00e4 ei ole keskusteltavaa. Jos Ven\u00e4j\u00e4 ei usko meid\u00e4n olevan tosissamme, niin yritt\u00e4k\u00e4\u00e4, jyrisi ulkoministeri puolalaisten toimittajien haastattelussa.<\/p>\n<p class=\"article-body mb-nof-24 px-nof-16\">\u201dVihreill\u00e4 miehill\u00e4\u201d tarkoitetaan tunnuksettomia sotilaita, joita Ven\u00e4j\u00e4 k\u00e4ytti miehitt\u00e4ess\u00e4\u00e4n Krimin niemimaan 2014.<\/p>\n<p class=\"article-body mb-nof-24 px-nof-16\">Tsahkna sanoi Viron seuraavan tarkoin tilannetta it\u00e4rajallaan, etenkin Narvan alueella, jonka arvellaan olevan ensimm\u00e4inen kohde Ven\u00e4j\u00e4n mahdollisessa hy\u00f6kk\u00e4yksess\u00e4.<\/p>\n<p class=\"article-body mb-nof-24 px-nof-16\">Kolme ven\u00e4l\u00e4ist\u00e4 rajavartijaa ylitti viikko sitten laittomasti Viron rajan. Ylitys tapahtui Narvajoella, kertoi sanomalehti <a class=\"underline underline-offset-[0.12em] [text-decoration-thickness:var(--generic-link-underline-thickness)] [text-decoration-color:var(--generic-link-underline-color)] [text-decoration-skip-ink:var(--generic-link-underline-skip-ink)] break-words article-em\" href=\"https:\/\/www.postimees.ee\/8381710\/video-vene-piirivalvurid-uletasid-narva-joel-ebaseaduslikult-ajutist-kontrolljoont-siseminister-taro-nende-motiivid-on-ebaselged\" rel=\"nofollow noopener\" target=\"_blank\">Postimees<\/a>.<\/p>\n<p class=\"article-body mb-nof-24 px-nof-16\">Lehden mukaan virolaiset rajavartijat huomasivat valvontakameroista, ett\u00e4 ven\u00e4l\u00e4iset rajavartijat liikkuivat ilmatyynyaluksella Narvajoella ja laiturilla k\u00e4velless\u00e4\u00e4n k\u00e4viv\u00e4t Viron puolella, kertoi Viron yleisradioyhti\u00f6 <a class=\"underline underline-offset-[0.12em] [text-decoration-thickness:var(--generic-link-underline-thickness)] [text-decoration-color:var(--generic-link-underline-color)] [text-decoration-skip-ink:var(--generic-link-underline-skip-ink)] break-words\" href=\"https:\/\/www.err.ee\/1609888393\/vene-piirivalvurid-uletasid-kolmapaeval-vasknarvas-eesti-vene-kontrolljoone\" rel=\"nofollow noopener\" target=\"_blank\">ERR<\/a>. He palasivat ilmatyynyalukseensa, joka siirtyi takaisin Ven\u00e4j\u00e4n puolelle.<\/p>\n<p class=\"article-body mb-nof-24 px-nof-16\">Tsahkna lis\u00e4si, ett\u00e4 sama reaktio kohdistuu ven\u00e4l\u00e4isiin sotilaskoneisiin, jos ne rikkovat Viron ilmatilaa.<\/p>\n<p class=\"article-body mb-nof-24 px-nof-16\">\u2013 Jos n\u00e4emme, ett\u00e4 Ven\u00e4j\u00e4n h\u00e4vitt\u00e4j\u00e4t uhkaavat turvallisuuttamme, ammumme ne alas. Punainen linja on vedetty t\u00e4h\u00e4n ja<a class=\"article-personlink\" href=\"https:\/\/www.is.fi\/haku\/?query=%20Putinin\" rel=\"nofollow noopener\" target=\"_blank\"> Putinin <\/a>on parempi se tajuta. H\u00e4nen t\u00e4ytyy ymm\u00e4rt\u00e4\u00e4, ett\u00e4 olemme Naton aluetta ja aggressiota ei j\u00e4tet\u00e4 rankaisematta.<\/p>\n<p class=\"article-body mb-nof-24 px-nof-16\">Tsahkna muistutti, ett\u00e4 Euroopan ei \u201dmiss\u00e4\u00e4n nimess\u00e4 kannata luottaa Putiniin\u201d, etenk\u00e4\u00e4n maiden, joilla on yhteist\u00e4 rajaa Ven\u00e4j\u00e4n kanssa.<\/p>\n","protected":false},"excerpt":{"rendered":"Viron ulkoministeri varoittaa Ven\u00e4j\u00e4\u00e4 vakavista seurauksista. Viron ulkoministeri Margus Tsahkna sanoo, ettei Viro ep\u00e4r\u00f6i toimia p\u00e4\u00e4tt\u00e4v\u00e4isesti, jos Ven\u00e4j\u00e4&hellip;\n","protected":false},"author":2,"featured_media":125385,"comment_status":"","ping_status":"","sticky":false,"template":"","format":"standard","meta":{"footnotes":""},"categories":[12],"tags":[22,23,26,27,33,31,30,17,34,24,25,28,29,15,18,21,32,19,20,16],"class_list":{"0":"post-125384","1":"post","2":"type-post","3":"status-publish","4":"format-standard","5":"has-post-thumbnail","7":"category-suomi","8":"tag-breaking-news","9":"tag-breakingnews","10":"tag-featured-news","11":"tag-featurednews","12":"tag-fi","13":"tag-finland","14":"tag-finnish","15":"tag-headlines","16":"tag-ilta-sanomat","17":"tag-latest-news","18":"tag-latestnews","19":"tag-main-news","20":"tag-mainnews","21":"tag-news","22":"tag-otsikot","23":"tag-paauutiset","24":"tag-suomi","25":"tag-top-stories","26":"tag-topstories","27":"tag-uutiset"},"share_on_mastodon":{"url":"https:\/\/pubeurope.com\/@fi\/115779262453071312","error":""},"_links":{"self":[{"href":"https:\/\/www.europesays.com\/fi\/wp-json\/wp\/v2\/posts\/125384","targetHints":{"allow":["GET"]}}],"collection":[{"href":"https:\/\/www.europesays.com\/fi\/wp-json\/wp\/v2\/posts"}],"about":[{"href":"https:\/\/www.europesays.com\/fi\/wp-json\/wp\/v2\/types\/post"}],"author":[{"embeddable":true,"href":"https:\/\/www.europesays.com\/fi\/wp-json\/wp\/v2\/users\/2"}],"replies":[{"embeddable":true,"href":"https:\/\/www.europesays.com\/fi\/wp-json\/wp\/v2\/comments?post=125384"}],"version-history":[{"count":0,"href":"https:\/\/www.europesays.com\/fi\/wp-json\/wp\/v2\/posts\/125384\/revisions"}],"wp:featuredmedia":[{"embeddable":true,"href":"https:\/\/www.europesays.com\/fi\/wp-json\/wp\/v2\/media\/125385"}],"wp:attachment":[{"href":"https:\/\/www.europesays.com\/fi\/wp-json\/wp\/v2\/media?parent=125384"}],"wp:term":[{"taxonomy":"category","embeddable":true,"href":"https:\/\/www.europesays.com\/fi\/wp-json\/wp\/v2\/categories?post=125384"},{"taxonomy":"post_tag","embeddable":true,"href":"https:\/\/www.europesays.com\/fi\/wp-json\/wp\/v2\/tags?post=125384"}],"curies":[{"name":"wp","href":"https:\/\/api.w.org\/{rel}","templated":true}]}}