{"id":125386,"date":"2025-12-25T08:28:13","date_gmt":"2025-12-25T08:28:13","guid":{"rendered":"https:\/\/www.europesays.com\/fi\/125386\/"},"modified":"2025-12-25T08:28:13","modified_gmt":"2025-12-25T08:28:13","slug":"saaennuste-viikonloppuna-hirmumyrskylukemia-hs-fi","status":"publish","type":"post","link":"https:\/\/www.europesays.com\/fi\/125386\/","title":{"rendered":"S\u00e4\u00e4ennuste: Viikonloppuna hirmumyrskylukemia | HS.fi"},"content":{"rendered":"<p>S\u00e4\u00e4|Forecan s\u00e4\u00e4blogissa ennustetaan viikonlopulle myrskylukemia merialueille ja puuskissa sis\u00e4maahan.<\/p>\n<p>Lue tiivistelm\u00e4<\/p>\n<p class=\"article-body mb-nof-24 px-nof-16 sndp-summary-bullet-point-font\">Forecan s\u00e4\u00e4blogissa ennustetaan viikonlopulle myrskylukemia merialueille ja puuskissa sis\u00e4maahan.<\/p>\n<p class=\"article-body mb-nof-24 px-nof-16 sndp-summary-bullet-point-font\">Lauantaina l\u00e4ntisill\u00e4 merialueilla tuulen keskinopeus on myrskylukemissa, ja Selk\u00e4merell\u00e4 pohjoistuuli voi puhaltaa jopa 25\u201328 metri\u00e4 sekunnissa.<\/p>\n<p class=\"article-body mb-nof-24 px-nof-16 sndp-summary-bullet-point-font\">Yksitt\u00e4iset puuskat merialueilla saattavat ylty\u00e4 hirmu\u00admyrsky\u00adlukemiin eli yli 33 metri\u00e4 sekunnissa.<\/p>\n<p class=\"article-body mb-nof-24 px-nof-16 sndp-summary-bullet-point-font\">L\u00e4nsirannikon tuntumassa puuskat voivat olla vaarallisen voimakkaita, l\u00e4hes 30 metri\u00e4 sekunnissa.<\/p>\n<p class=\"article-body mb-nof-24 px-nof-16\">Joulurauhasta ei ole viikonloppuna s\u00e4\u00e4n puolesta tietoakaan, kun tuulet voimistuvat jopa hirmu\u00admyrsky\u00adlukemiin, ennustetaan Forecan <a class=\"underline underline-offset-[0.12em] [text-decoration-thickness:var(--generic-link-underline-thickness)] [text-decoration-color:var(--generic-link-underline-color)] [text-decoration-skip-ink:var(--generic-link-underline-skip-ink)] break-words\" href=\"https:\/\/www.foreca.fi\/meteorologilta\/a8n516ep\" rel=\"nofollow noopener\" target=\"_blank\">aattona julkaistussa s\u00e4\u00e4blogissa<\/a>.<\/p>\n<p class=\"article-body mb-nof-24 px-nof-16\">Lauantaina iltap\u00e4iv\u00e4ll\u00e4 l\u00e4ntisill\u00e4 merialueilla tuulen keskinopeus on myrskylukemissa. Selk\u00e4merell\u00e4 ja Ahvenanmaan ymp\u00e4rist\u00f6ss\u00e4 pohjoistuuli voi puhaltaa jopa 25\u201328 m\/s.<\/p>\n<p class=\"article-body mb-nof-24 px-nof-16\">\u201dMyrskyst\u00e4 voi \u00e4ity\u00e4 kova\u201d, blogissa vahvistetaan.<\/p>\n<p class=\"article-body mb-nof-24 px-nof-16\">Tilastollisesti yht\u00e4 voimakkaita tuulia on merialueilla vain kerran kahdessa tai kolmessa vuodessa. Yksitt\u00e4iset puuskat merialueilla saattavat ylty\u00e4 jopa hirmu\u00admyrsky\u00adlukemiin eli yli 33 m\/s.<\/p>\n<p class=\"article-body mb-nof-24 px-nof-16\">\u201dSaaristomerell\u00e4 on pieni mahdollisuus, ett\u00e4 kovimmat puuskat rikkovat jopa 35 m\/s rajan.\u201d<\/p>\n<p class=\"article-body mb-nof-24 px-nof-16\">Selk\u00e4merell\u00e4 yksitt\u00e4iset korkeimmat aallot saattavat nousta jopa 10-metrisiksi.<\/p>\n<p class=\"article-body mb-nof-24 px-nof-16\">Seesteist\u00e4 ei ole sis\u00e4maassakaan. Euroopan pitk\u00e4n aikav\u00e4lin ennusteen mukaan \u00e4rh\u00e4kk\u00e4 matalapaineen keskus ylitt\u00e4\u00e4 Lapin lauantain aikana.<\/p>\n<p class=\"article-body mb-nof-24 px-nof-16\">Lunta odotetaan useita senttimetrej\u00e4 erityisesti lauantaiy\u00f6n ja -aamun aikana. Sade voi olla osittain my\u00f6s r\u00e4nt\u00e4\u00e4 ja ajokeli paikoin jopa eritt\u00e4in huono.<\/p>\n<p class=\"article-body mb-nof-24 px-nof-16\">Maan l\u00e4nsi- ja pohjoisosissa voi olla laajalti myrskypuuskia lauantai-iltana.<\/p>\n<p class=\"article-body mb-nof-24 px-nof-16\">\u201dErityisesti l\u00e4nsirannikon tuntumassa puuskat voivat olla vaarallisen voimakkaita, l\u00e4hes 30 m\/s\u201d, blogissa varoitetaan.<\/p>\n<p class=\"article-body mb-nof-24 px-nof-16\">Sunnuntaiy\u00f6n aikana puuskat siirtyv\u00e4t enemm\u00e4n etel\u00e4- ja keskiosaan maata. Sunnuntai-iltap\u00e4iv\u00e4n aikana myrskyn odotetaan laantuvan.<\/p>\n<p class=\"article-body mb-nof-24 px-nof-16\">S\u00e4\u00e4 kylmenee viikonlopun aikana ja pakkasasteita saadaan v\u00e4hitellen my\u00f6s etel\u00e4isess\u00e4 Suomessa.<\/p>\n","protected":false},"excerpt":{"rendered":"S\u00e4\u00e4|Forecan s\u00e4\u00e4blogissa ennustetaan viikonlopulle myrskylukemia merialueille ja puuskissa sis\u00e4maahan. Lue tiivistelm\u00e4 Forecan s\u00e4\u00e4blogissa ennustetaan viikonlopulle myrskylukemia merialueille ja&hellip;\n","protected":false},"author":2,"featured_media":125387,"comment_status":"","ping_status":"","sticky":false,"template":"","format":"standard","meta":{"footnotes":""},"categories":[5],"tags":[22,23,26,27,33,31,30,17,46,24,25,28,29,15,18,21,32,19,20,16],"class_list":{"0":"post-125386","1":"post","2":"type-post","3":"status-publish","4":"format-standard","5":"has-post-thumbnail","7":"category-otsikot","8":"tag-breaking-news","9":"tag-breakingnews","10":"tag-featured-news","11":"tag-featurednews","12":"tag-fi","13":"tag-finland","14":"tag-finnish","15":"tag-headlines","16":"tag-helsingin-sanomat","17":"tag-latest-news","18":"tag-latestnews","19":"tag-main-news","20":"tag-mainnews","21":"tag-news","22":"tag-otsikot","23":"tag-paauutiset","24":"tag-suomi","25":"tag-top-stories","26":"tag-topstories","27":"tag-uutiset"},"share_on_mastodon":{"url":"https:\/\/pubeurope.com\/@fi\/115779266391838276","error":""},"_links":{"self":[{"href":"https:\/\/www.europesays.com\/fi\/wp-json\/wp\/v2\/posts\/125386","targetHints":{"allow":["GET"]}}],"collection":[{"href":"https:\/\/www.europesays.com\/fi\/wp-json\/wp\/v2\/posts"}],"about":[{"href":"https:\/\/www.europesays.com\/fi\/wp-json\/wp\/v2\/types\/post"}],"author":[{"embeddable":true,"href":"https:\/\/www.europesays.com\/fi\/wp-json\/wp\/v2\/users\/2"}],"replies":[{"embeddable":true,"href":"https:\/\/www.europesays.com\/fi\/wp-json\/wp\/v2\/comments?post=125386"}],"version-history":[{"count":0,"href":"https:\/\/www.europesays.com\/fi\/wp-json\/wp\/v2\/posts\/125386\/revisions"}],"wp:featuredmedia":[{"embeddable":true,"href":"https:\/\/www.europesays.com\/fi\/wp-json\/wp\/v2\/media\/125387"}],"wp:attachment":[{"href":"https:\/\/www.europesays.com\/fi\/wp-json\/wp\/v2\/media?parent=125386"}],"wp:term":[{"taxonomy":"category","embeddable":true,"href":"https:\/\/www.europesays.com\/fi\/wp-json\/wp\/v2\/categories?post=125386"},{"taxonomy":"post_tag","embeddable":true,"href":"https:\/\/www.europesays.com\/fi\/wp-json\/wp\/v2\/tags?post=125386"}],"curies":[{"name":"wp","href":"https:\/\/api.w.org\/{rel}","templated":true}]}}