{"id":125388,"date":"2025-12-25T08:37:26","date_gmt":"2025-12-25T08:37:26","guid":{"rendered":"https:\/\/www.europesays.com\/fi\/125388\/"},"modified":"2025-12-25T08:37:26","modified_gmt":"2025-12-25T08:37:26","slug":"tapahtuma-nummelan-kirjastossa-kysytaan-mika-internetia-vaivaa-paikalliset","status":"publish","type":"post","link":"https:\/\/www.europesays.com\/fi\/125388\/","title":{"rendered":"Tapahtuma | Nummelan kirjastossa kysyt\u00e4\u00e4n: Mik\u00e4 interneti\u00e4 vaivaa? | Paikalliset"},"content":{"rendered":"<p>Vihdin kunnankirjaston demokratiahankkeen tuleva tapahtuma k\u00e4sittelee interneti\u00e4 kapitalistisen yhteiskunnan ilmi\u00f6n\u00e4.<\/p>\n<p>Vieraina Vihdin p\u00e4\u00e4kirjastossa Nummelassa ovat 31.3.2025 klo 18 kirjan Mik\u00e4 interneti\u00e4 vaivaa? tekij\u00e4t <strong>Veikka Lahtinen <\/strong>ja <strong>Pontus Purokuru<\/strong>.<\/p>\n<p>Yhteiskuntafilosofisessa kirjassaan kirjoittajat kysyv\u00e4t, miksi internet ei olekaan pelastanut demokratiaa vaan se pit\u00e4\u00e4 meit\u00e4 vallassaan. He selvitt\u00e4v\u00e4t miten internet ei ole vain tekninen kone, vaan se on muodostunut v\u00e4lineeksi, jolla kontrolloidaan meit\u00e4 ja maailmaa. Hakukoneet helpottavat tiedon etsint\u00e4\u00e4 mutta muokkaavat samalla maailmankuvaamme. Miten internet kehittyy, mihin kaikki johtaa?<\/p>\n<p>Vierailullaan Purokuru ja Lahtinen kertovat kirjansa teemoista ja tarjoavat mahdollisia selityksi\u00e4 esitettyihin kysymyksiin. Veikka Lahtinen ja Pontus Purokuru ovat toimittajia, kirjailijoita ja filosofeja. Heill\u00e4 on yhteinen podcast Mik\u00e4 meit\u00e4 vaivaa? ja heilt\u00e4 on ilmestynyt aiemmin my\u00f6s kirja Mik\u00e4 liberalismia vaivaa? (2020).<\/p>\n<p>Tapahtuma on klo 18\u201319 kirjaston monitoimitilassa, vapaa p\u00e4\u00e4sy.<\/p>\n","protected":false},"excerpt":{"rendered":"Vihdin kunnankirjaston demokratiahankkeen tuleva tapahtuma k\u00e4sittelee interneti\u00e4 kapitalistisen yhteiskunnan ilmi\u00f6n\u00e4. Vieraina Vihdin p\u00e4\u00e4kirjastossa Nummelassa ovat 31.3.2025 klo 18&hellip;\n","protected":false},"author":2,"featured_media":125389,"comment_status":"","ping_status":"","sticky":false,"template":"","format":"standard","meta":{"footnotes":""},"categories":[87],"tags":[4492,33,31,30,148,147,2001,379,1616,2923,637,32,91,92],"class_list":{"0":"post-125388","1":"post","2":"type-post","3":"status-publish","4":"format-standard","5":"has-post-thumbnail","7":"category-internet","8":"tag-digimedia","9":"tag-fi","10":"tag-finland","11":"tag-finnish","12":"tag-internet","13":"tag-internet-palvelut","14":"tag-kirjailijat","15":"tag-kirjallisuus","16":"tag-media-viestinta","17":"tag-podcast","18":"tag-politiikka","19":"tag-suomi","20":"tag-technology","21":"tag-teknologia"},"share_on_mastodon":{"url":"https:\/\/pubeurope.com\/@fi\/115779301754259627","error":""},"_links":{"self":[{"href":"https:\/\/www.europesays.com\/fi\/wp-json\/wp\/v2\/posts\/125388","targetHints":{"allow":["GET"]}}],"collection":[{"href":"https:\/\/www.europesays.com\/fi\/wp-json\/wp\/v2\/posts"}],"about":[{"href":"https:\/\/www.europesays.com\/fi\/wp-json\/wp\/v2\/types\/post"}],"author":[{"embeddable":true,"href":"https:\/\/www.europesays.com\/fi\/wp-json\/wp\/v2\/users\/2"}],"replies":[{"embeddable":true,"href":"https:\/\/www.europesays.com\/fi\/wp-json\/wp\/v2\/comments?post=125388"}],"version-history":[{"count":0,"href":"https:\/\/www.europesays.com\/fi\/wp-json\/wp\/v2\/posts\/125388\/revisions"}],"wp:featuredmedia":[{"embeddable":true,"href":"https:\/\/www.europesays.com\/fi\/wp-json\/wp\/v2\/media\/125389"}],"wp:attachment":[{"href":"https:\/\/www.europesays.com\/fi\/wp-json\/wp\/v2\/media?parent=125388"}],"wp:term":[{"taxonomy":"category","embeddable":true,"href":"https:\/\/www.europesays.com\/fi\/wp-json\/wp\/v2\/categories?post=125388"},{"taxonomy":"post_tag","embeddable":true,"href":"https:\/\/www.europesays.com\/fi\/wp-json\/wp\/v2\/tags?post=125388"}],"curies":[{"name":"wp","href":"https:\/\/api.w.org\/{rel}","templated":true}]}}