{"id":125390,"date":"2025-12-25T08:40:15","date_gmt":"2025-12-25T08:40:15","guid":{"rendered":"https:\/\/www.europesays.com\/fi\/125390\/"},"modified":"2025-12-25T08:40:15","modified_gmt":"2025-12-25T08:40:15","slug":"raimo-helmisen-autossa-tapahtuu-kummia-tallainen-han-on-oikeasti","status":"publish","type":"post","link":"https:\/\/www.europesays.com\/fi\/125390\/","title":{"rendered":"Raimo Helmisen autossa tapahtuu kummia \u2013 t\u00e4llainen h\u00e4n on oikeasti"},"content":{"rendered":"<p>Toimittaja istahti Raimo Helmisen kyytiin. Matkalla Lappeenrantaan Helminen oli oma itsens\u00e4 \u2013 eli kovin erilainen kuin mihin yleens\u00e4 julkisuudessa on totuttu.<\/p>\n<p class=\"article-body mb-nof-24 px-nof-16\">Tampere\u2013Lappeenranta<\/p>\n<p class=\"article-body mb-nof-24 px-nof-16\">\u201dTuunny, jos kyytiss\u00e4 haluat istua mutta tuskin s\u00e4\u00e4 siit\u00e4 mit\u00e4\u00e4n kummosta saat\u201d.<\/p>\n<p class=\"article-body mb-nof-24 px-nof-16\">N\u00e4in ilmoittaa lakoniseen tyyliins\u00e4 <a class=\"article-personlink\" href=\"https:\/\/www.is.fi\/haku\/?query=Raimo%20Helminen\" rel=\"nofollow noopener\" target=\"_blank\">Raimo Helminen<\/a>, kun toimittaja tiedustelee h\u00e4nelt\u00e4 mahdollisuutta hyp\u00e4t\u00e4 haastattelumieless\u00e4 kyytiin matkalle kotoaan Tampereelta ty\u00f6maalle Lappeenrantaan.<\/p>\n<p class=\"article-body mb-nof-24 px-nof-16\">Kuinka v\u00e4\u00e4r\u00e4ss\u00e4 Helminen onkaan. Yksi reilu kolmituntinen automatka paljastaa h\u00e4nest\u00e4 enemm\u00e4n kuin sata SM-liigaottelun j\u00e4lkeist\u00e4 lehdist\u00f6tilaisuutta yhteens\u00e4.<\/p>\n<p class=\"article-body mb-nof-24 px-nof-16\">Helmisell\u00e4, 61, on julkisuudessa tietynlainen br\u00e4ndi. Siihen kuuluvat kiusaantuneen lyhyet vastaukset haastatteluissa ja omien kykyjen v\u00e4h\u00e4ttely. \u201dPojappelas hyvi.\u201d<\/p>\n<p class=\"article-body mb-nof-24 px-nof-16\">Helmist\u00e4 v\u00e4h\u00e4\u00e4k\u00e4\u00e4n tuntevat kuitenkin tiet\u00e4v\u00e4t, ett\u00e4 kameroiden ja mikrofonien ulkopuolella kyseess\u00e4 on aivan erilainen mies. Ei suinkaan mik\u00e4\u00e4n tuppisuu, vaan mainio seura- ja huumorimies.<\/p>\n<p class=\"article-body mb-nof-24 px-nof-16\">Helmisen my\u00f6s ajatellaan suhtautuvan nuivasti mediaan. Silti h\u00e4nen kanssaan onnistuu aina l\u00e4hes kaikki. Puhelimeensa Helminen vastaa aina, eik\u00e4 tunnu kielt\u00e4ytyv\u00e4n oikein mist\u00e4\u00e4n.<\/p>\n<p class=\"article-body mb-nof-24 px-nof-16\">Milloin Helminen on poseerannut lehden kannessa Tampereen Beckhamiksi stailattuna tai esitellyt Lappeenrannan poikamiesboksiaan.<\/p>\n<p><img decoding=\"async\" src=\"https:\/\/www.europesays.com\/fi\/wp-content\/uploads\/2025\/12\/1766652011_172_468.jpg\" alt=\"Helminen on selv\u00e4sti my\u00f6s rattimiehi\u00e4.\" class=\"_Img_1rerz_1\" style=\"aspect-ratio:1.5\" loading=\"eager\"\/><\/p>\n<p class=\"article-picture-caption\">Helminen on selv\u00e4sti my\u00f6s rattimiehi\u00e4. Kuva:\u00a0Marko Sorsa<\/p>\n<p class=\"article-body mb-nof-24 px-nof-16\">Joulukuinen torstaiaamu, kello 6.45, Koivistonkyl\u00e4, Tampere.<\/p>\n<p class=\"article-body mb-nof-24 px-nof-16\">Kotoaan l\u00e4htenyt Helminen kaartaa ty\u00f6suhde-Hyundaillaan l\u00e4hikaupan pihaan ja nappaa toimittajan sovitusti kyytiin. Matka kohti Lappeenrantaa alkaa.<\/p>\n<p class=\"article-body mb-nof-24 px-nof-16\">Autossa soi Radio Nostalgia. Se on Helmisen lempikanava. Ei h\u00e4n oikeastaan muita kuuntele. Vaikka siell\u00e4 ei kuulemma oikein soikaan h\u00e4nen suosikkib\u00e4ndins\u00e4 Sir Elwoodin hiljaiset v\u00e4rit. Sit\u00e4 Helminen k\u00e4y aina tilaisuuden tullen katsomassa liven\u00e4.<\/p>\n<p class=\"article-body mb-nof-24 px-nof-16\">Tampereen ja Lappeenrannan v\u00e4list\u00e4 280 kilometrin siivua Helminen sahaa kiekkokauden aikana viikoittain. V\u00e4lill\u00e4 parikin kertaa. Yleens\u00e4 aina silloin, kun SaiPalla on vapaap\u00e4iv\u00e4.<\/p>\n<p class=\"article-body mb-nof-24 px-nof-16\">\u2013 Niin ehtii kahdeksi y\u00f6ksi kotiin. En m\u00e4\u00e4 tyhj\u00e4n panttina viitti siell\u00e4 maleksia.<\/p>\n<p class=\"article-body mb-nof-24 px-nof-16\">\u2013 Yll\u00e4tt\u00e4v\u00e4n hyvin t\u00e4m\u00e4 on n\u00e4in sujunut.<\/p>\n<p class=\"article-body mb-nof-24 px-nof-16\">Helmisen naapurissa asuvat h\u00e4nen lapsenlapsensa, joiden kanssa isois\u00e4 mielell\u00e4\u00e4n touhuaa. Edellisiltana Helminen on vienyt lapsenlapsensa luistelemaan Sorsapuiston ulkoj\u00e4\u00e4lle ja sen j\u00e4lkeen katsellut heid\u00e4n kanssaan liigakiekkoa televisiosta.<\/p>\n<p class=\"article-body mb-nof-24 px-nof-16\">Joskus Helminen suunnitteli kokeilevansa automatkalla jonkun podcastin tai \u00e4\u00e4nikirjan kuuntelemista, mutta se j\u00e4i suunnittelun asteelle.<\/p>\n<p class=\"article-body mb-nof-24 px-nof-16\">\u2013 M\u00e4\u00e4 oon varmaan sellainen boomer. Vai miksk\u00e4 ne sanovat.<\/p>\n<p class=\"article-body mb-nof-24 px-nof-16\">Radion kuuntelua enemm\u00e4n matkat kuluvat kaverien kanssa soitellessa. Monet heist\u00e4 tiet\u00e4v\u00e4t, milloin Helminen yleens\u00e4 on tien p\u00e4\u00e4ll\u00e4.<\/p>\n<blockquote class=\"p-[var(--citation-padding)] m-[var(--citation-margin)] border-y-[length:var(--citation-border-width)] border-y-[color:var(--citation-border-color)]\">\n<p>M\u00e4\u00e4 oon varmaan sellainen boomer. Vai miksk\u00e4 ne sanovat.<\/p>\n<\/blockquote>\n<p><img decoding=\"async\" src=\"https:\/\/www.europesays.com\/fi\/wp-content\/uploads\/2025\/12\/1766652012_47_468.jpg\" alt=\"Helminen viett\u00e4\u00e4 ison osan automatkoistaan puhelimessa.\" class=\"_Img_1rerz_1\" style=\"aspect-ratio:1.5\" loading=\"eager\"\/><\/p>\n<p class=\"article-picture-caption\">Helminen viett\u00e4\u00e4 ison osan automatkoistaan puhelimessa. Kuva:\u00a0Marko Sorsa<\/p>\n<p class=\"article-body mb-nof-24 px-nof-16\">Kello ei ole ehtinyt viel\u00e4 puoli kahdeksaan, kun puhelin jo soi. Soittaja on \u201dJarkka\u201d. Puhelu kuuluu auton kaiuttimista.<\/p>\n<p class=\"article-body mb-nof-24 px-nof-16\">\u2013 Huomenta! Ootko p\u00e4\u00e4ssyt jo Hauholle, Jarkka aloittaa.<\/p>\n<p class=\"article-body mb-nof-24 px-nof-16\">H\u00e4n tiet\u00e4\u00e4, ett\u00e4 Helminen pys\u00e4htyy ty\u00f6matkoillaan melkein aina aamukahvilla toisen kaverinsa py\u00f6ritt\u00e4m\u00e4ss\u00e4 pienkoneliikkeess\u00e4 Hauholla. Siell\u00e4 vaihdetaan kuulumiset.<\/p>\n<p class=\"article-body mb-nof-24 px-nof-16\">\u2013 Emm\u00e4\u00e4 ny. Mulla on toimittaja repsikkana mukana. \u00c4l\u00e4 paljasta mit\u00e4\u00e4n hirveit\u00e4 juttuja, Helminen vastaa ja kaikki hekottelevat.<\/p>\n<p class=\"article-body mb-nof-24 px-nof-16\">Jarkan kanssa puhutaan hetki kivien ajosta.<\/p>\n<p class=\"article-body mb-nof-24 px-nof-16\">\u2013 Tunnelimiehi\u00e4. Nekalan j\u00e4tki\u00e4 alkujaan, Helminen taustoittaa suljettuaan puhelun.<\/p>\n<p class=\"article-body mb-nof-24 px-nof-16\">N\u00e4in Helmisen matkat kuluvat. Joko kaverit soittelevat h\u00e4nelle tai h\u00e4n soittelee kavereille. Jarkan lis\u00e4ksi <a class=\"article-personlink\" href=\"https:\/\/www.is.fi\/haku\/?query=Virran%20Hantan\" rel=\"nofollow noopener\" target=\"_blank\">Virran Hantan<\/a> kanssa tulee soiteltua melkein joka matkalla. Vanha pelikaveri <a class=\"article-personlink\" href=\"https:\/\/www.is.fi\/haku\/?query=Neuvosen%20Jakke\" rel=\"nofollow noopener\" target=\"_blank\">Neuvosen Jakke<\/a> on my\u00f6s usein \u00e4\u00e4ness\u00e4. Viime reissulla oli Malm\u00f6n-kaveri <a class=\"article-personlink\" href=\"https:\/\/www.is.fi\/haku\/?query=Ahlundin%20H%C3%A5kan\" rel=\"nofollow noopener\" target=\"_blank\">Ahlundin H\u00e5kan<\/a> ja <a class=\"article-personlink\" href=\"https:\/\/www.is.fi\/haku\/?query=Sir%C3%A9nin%20Ville\" rel=\"nofollow noopener\" target=\"_blank\">Sir\u00e9nin Ville<\/a>. Ja taisi olla my\u00f6s <a class=\"article-personlink\" href=\"https:\/\/www.is.fi\/haku\/?query=Jalosen%20Jukka\" rel=\"nofollow noopener\" target=\"_blank\">Jalosen Jukka<\/a> ja <a class=\"article-personlink\" href=\"https:\/\/www.is.fi\/haku\/?query=Marjam%C3%A4en%20Late\" rel=\"nofollow noopener\" target=\"_blank\">Marjam\u00e4en Late<\/a>.<\/p>\n<p class=\"article-body mb-nof-24 px-nof-16\">Ei juttumies Helminen \u00e4kkiselt\u00e4\u00e4n kaikkia edes muista. Puheluita tulee ja menee niin paljon.<\/p>\n<p class=\"article-body mb-nof-24 px-nof-16\">\u2013 T\u00e4\u00e4 p\u00e4tk\u00e4 on Suomen pahimpia hirvialueita. M\u00e4\u00e4 tied\u00e4n, kun se mun kaveri on hirvimiehi\u00e4. Isot mett\u00e4t, paljon hirvi\u00e4. Varmaan eniten hirvikolareita mit\u00e4 miss\u00e4\u00e4n, Helminen selostaa juuri Hauhon tienoilla tiiraillen mets\u00e4n reunaa silm\u00e4 kovana.<\/p>\n<p class=\"article-body mb-nof-24 px-nof-16\">\u2013 Justiin t\u00e4ss\u00e4 oli hirvee verivana tiell\u00e4. Oli taas ollut kolari, kun menin ohi.<\/p>\n<blockquote class=\"p-[var(--citation-padding)] m-[var(--citation-margin)] border-y-[length:var(--citation-border-width)] border-y-[color:var(--citation-border-color)]\">\n<p>Isot mett\u00e4t, paljon hirvi\u00e4.<\/p>\n<\/blockquote>\n<p><img decoding=\"async\" src=\"https:\/\/www.europesays.com\/fi\/wp-content\/uploads\/2025\/12\/1766652012_877_468.jpg\" alt=\"Radio Nostalgia soi, ja Helminen kytt\u00e4\u00e4 ohituspaikkaa rekasta. Samalla t\u00e4ytyy pit\u00e4\u00e4 silm\u00e4ll\u00e4, n\u00e4kyyk\u00f6 hirvi\u00e4.\" class=\"_Img_1rerz_1\" style=\"aspect-ratio:1.3333333333333333\" loading=\"eager\"\/><\/p>\n<p class=\"article-picture-caption\">Radio Nostalgia soi, ja Helminen kytt\u00e4\u00e4 ohituspaikkaa rekasta. Samalla t\u00e4ytyy pit\u00e4\u00e4 silm\u00e4ll\u00e4, n\u00e4kyyk\u00f6 hirvi\u00e4. Kuva:\u00a0Ville Touru<\/p>\n<p class=\"article-body mb-nof-24 px-nof-16\">Hirvivaarasta puhe k\u00e4\u00e4ntyy SM-liigaseurojen vaaraan.<\/p>\n<p class=\"article-body mb-nof-24 px-nof-16\">\u2013 Saas n\u00e4hd\u00e4 miten t\u00e4ss\u00e4 leikiss\u00e4 joukkueille k\u00e4y, Helminen tuumaa.<\/p>\n<p class=\"article-body mb-nof-24 px-nof-16\">H\u00e4n viittaa SM-liigan ensi talven \u201dsuperkauteen\u201d, jonka p\u00e4\u00e4tteeksi 3\u20134 joukkuetta heivataan kylm\u00e4sti divariin.<\/p>\n<p class=\"article-body mb-nof-24 px-nof-16\">\u2013 Aika kovaa leikki\u00e4 on. Kai se kilpavarustelu menee ihan kauheaksi. Suomalaispelaajista on ainakin kauhea tappelu.<\/p>\n<p class=\"article-body mb-nof-24 px-nof-16\">Helminen itse ei varsinaisesti ollut sarjojen kaventamisen puolestapuhuja. H\u00e4nelle olisi vallan hyvin kelvannut nykytilannekin. Mutta niill\u00e4 menn\u00e4\u00e4n, mit\u00e4 herrat p\u00e4\u00e4tt\u00e4v\u00e4t. Ei sek\u00e4\u00e4n Helmist\u00e4 suuremmin hetkauta.<\/p>\n<p class=\"article-body mb-nof-24 px-nof-16\">\u2013 Tasaisempaa sarjaa kuin viime ja t\u00e4n\u00e4 vuonna ei ole ollut ikin\u00e4. Jos B-sarjaan putoaa, seurat voivat ajaa junioritoimintaansa alas, kun ei ole resursseja. T\u00e4ll\u00e4 voi olla hirveit\u00e4 vaikutuksia.<\/p>\n<p class=\"article-body mb-nof-24 px-nof-16\">Ensi kaudeksi monet liigaseurat joutuvat riskill\u00e4kin nostamaan pelaajabudjettiaan, jotta v\u00e4ltt\u00e4isiv\u00e4t putoamisen. Jos silti kosahtaa, voi kosahtaa tuhoisasti.<\/p>\n<p class=\"article-body mb-nof-24 px-nof-16\">\u2013 Jokerit on viel\u00e4 tullut ihan kunnolla h\u00e4irik\u00f6im\u00e4\u00e4n noita muita k\u00e4rkiseuroja markkinoilla. Mestis-seura suoraan k\u00e4rkibudjetilla.<\/p>\n<p class=\"article-body mb-nof-24 px-nof-16\">Jokerit on kaapannut jo ensi kaudeksi monta pelaajaa Helmisen SaiPasta. Ei h\u00e4n kuulemma siit\u00e4 k\u00e4\u00e4rmeiss\u00e4\u00e4n ole. Se on pikkuseuroille normaalia.<\/p>\n<p class=\"article-body mb-nof-24 px-nof-16\">\u2013 Mutta kyll\u00e4 se aina yll\u00e4tt\u00e4\u00e4, kuinka aikaisin pelaajia ja valmentajia v\u00e4lill\u00e4 jo kysell\u00e4\u00e4n seuraavaksi kaudeksi. Sit\u00e4 tapahtuu v\u00e4lill\u00e4 jo kes\u00e4ll\u00e4. Mutta onhan se ihan ymm\u00e4rrett\u00e4v\u00e4\u00e4. Ajoissa pit\u00e4\u00e4 olla liikkeell\u00e4.<\/p>\n<p><img decoding=\"async\" src=\"https:\/\/www.europesays.com\/fi\/wp-content\/uploads\/2025\/12\/1766652013_45_468.jpg\" alt=\"Viime kauden p\u00e4\u00e4tteeksi Helminen palkittiin SM-liigan Vuoden valmentajana.\" class=\"_Img_1rerz_1\" style=\"aspect-ratio:1.3994169096209912\" loading=\"eager\"\/><\/p>\n<p class=\"article-picture-caption\">Viime kauden p\u00e4\u00e4tteeksi Helminen palkittiin SM-liigan Vuoden valmentajana. Kuva:\u00a0Jussi Eskola<\/p>\n<p class=\"article-body mb-nof-24 px-nof-16\">Nostalgialla soi Freemanin Ajetaan tandemilla. Helminen k\u00e4\u00e4nt\u00e4\u00e4 \u00e4\u00e4nt\u00e4 lujemmalle.<\/p>\n<p class=\"article-body mb-nof-24 px-nof-16\">\u2013 T\u00e4\u00e4 on hyv\u00e4.<\/p>\n<p class=\"article-body mb-nof-24 px-nof-16\">Olen k\u00e4ynyt Tiibetiss\u00e4, Moskovassa, R\u00f6\u00f6periss\u00e4, mietiskelin aina miss\u00e4 syy on etten j\u00e4\u00e4d\u00e4 voi.<\/p>\n<p class=\"article-body mb-nof-24 px-nof-16\">Voisi kertoa Helmisenkin valmennusurasta. Kazakstanista Slovakiaan ja Italiaan. Ei ihan R\u00f6\u00f6periin, mutta Pasilaan.<\/p>\n<p class=\"article-body mb-nof-24 px-nof-16\">SM-liigassa Helminen on valmentanut urallaan toistaiseksi vain kaksi t\u00e4ytt\u00e4 kautta. Molemmilla h\u00e4n on vienyt joukkueensa sensaatiomaisesti finaaleihin.<\/p>\n<p class=\"article-body mb-nof-24 px-nof-16\">Nyt pidempiaikainen asemapaikka on vihdoin l\u00f6ytynyt Etel\u00e4-Karjalasta. Tosin vuodeksi kerrallaan. Helminen kun tapaa tehd\u00e4 vain vuoden sopimuksia.<\/p>\n<p class=\"article-body mb-nof-24 px-nof-16\">\u2013 Se on reilu molempiin suuntiin. N\u00e4kee, onko paloa. Ei sek\u00e4\u00e4n hyv\u00e4 juttu olisi, ett\u00e4 tekee kolmen vuoden sopimuksen ja huomaa ensimm\u00e4isen\u00e4 tai toisena vuonna, ettei oikein kiinnosta.<\/p>\n<p><img decoding=\"async\" src=\"https:\/\/www.europesays.com\/fi\/wp-content\/uploads\/2025\/12\/1766652013_713_468.jpg\" alt=\"\" class=\"_Img_1rerz_1\" style=\"aspect-ratio:1.7777777777777777\" loading=\"eager\"\/><\/p>\n<p class=\"article-body mb-nof-24 px-nof-16\">Oikeastaan koko Helmisen valmennusura oli ollut sekavan oloista p\u00e4tk\u00e4sopimusseilailua, kunnes SaiPassa homma l\u00e4hti kunnolla lentoon.<\/p>\n<p class=\"article-body mb-nof-24 px-nof-16\">Ei h\u00e4nell\u00e4 silti ole suurempia suunnitelmia tuleville vuosille. Ensi kausi ainakin menee Lappeenrannassa.<\/p>\n<p class=\"article-body mb-nof-24 px-nof-16\">\u2013 Jos jonkun mielenkiintoisen ty\u00f6n aina saa, niin hyv\u00e4. Kyll\u00e4 se Eurooppakin viel\u00e4 kiinnostaa.<\/p>\n<p class=\"article-body mb-nof-24 px-nof-16\">Helmisest\u00e4 ei voi puhua puhumatta Ilveksest\u00e4. H\u00e4n p\u00e4\u00e4si kokeilemaan kotiseuransa ohjaksissa lyhyesti viime vuosikymmenen alussa pian peliuransa j\u00e4lkeen. Sittemmin sek\u00e4 valmentaja-Helmisen ett\u00e4 Ilveksen kurssit ovat nousseet aivan toisiin sf\u00e4\u00e4reihin.<\/p>\n<p class=\"article-body mb-nof-24 px-nof-16\">\u2013 Kyll\u00e4 sekin vois, ti\u00e4ks\u00e4\u00e4, ihan hyv\u00e4 olla, Helminen miettii Ilveksen p\u00e4\u00e4valmentajan paikasta kysytt\u00e4ess\u00e4.<\/p>\n<p class=\"article-body mb-nof-24 px-nof-16\">\u2013 Mutta ei minulla ole mit\u00e4\u00e4n pakkomiellett\u00e4. Ei t\u00e4ss\u00e4 i\u00e4ss\u00e4 mihink\u00e4\u00e4n ole pakkomiellett\u00e4.<\/p>\n<blockquote class=\"p-[var(--citation-padding)] m-[var(--citation-margin)] border-y-[length:var(--citation-border-width)] border-y-[color:var(--citation-border-color)]\">\n<p>Ei t\u00e4ss\u00e4 i\u00e4ss\u00e4 mihink\u00e4\u00e4n ole pakkomiellett\u00e4.<\/p>\n<\/blockquote>\n<p class=\"article-body mb-nof-24 px-nof-16\">Helminen ei haaveile tai haihattele. Vuoden kierto noudattelee koko lailla samaa rytmi\u00e4 vuodesta toiseen ja Helminen sen mukana. Joskus jouluna on lunta, nyky\u00e4\u00e4n ei aina.<\/p>\n<p class=\"article-body mb-nof-24 px-nof-16\">\u2013 Helmikuussa alkaa sitten p\u00e4iv\u00e4 pidet\u00e4.<\/p>\n<p class=\"article-body mb-nof-24 px-nof-16\">Sitten alkavat pudotuspelit. Sitten MM-kisat. Sitten tulee kes\u00e4 ja hommat m\u00f6kill\u00e4. Sitten taas uusi kiekkokausi, johon Helminen ottaa aina jossakin p\u00e4in osaa. On ottanut jo yli 50 vuoden ajan.<\/p>\n<p class=\"article-body mb-nof-24 px-nof-16\">Valmennushommissakaan Helminen ei maalaile suuria visioita prosesseista tai k\u00e4yt\u00e4 hienolta kuulostavia sivistyssanoja sanoittaessaan peli\u00e4 tai ty\u00f6skentely\u00e4\u00e4n.<\/p>\n<p class=\"article-body mb-nof-24 px-nof-16\">Pelit joko voitetaan tai h\u00e4vit\u00e4\u00e4n. SaiPassa useimmiten voitetaan. Helmiselle j\u00e4\u00e4kiekko vaikuttaa olevan pohjimmiltaan varsin yksinkertainen peli, jossa melkein kaikki on aina \u201dpienest\u00e4 kiinni\u201d.<\/p>\n<p class=\"article-body mb-nof-24 px-nof-16\">Monista muista valmentajista poiketen Helminen ei edes katso j\u00e4lkik\u00e4teen oman joukkueensa pelej\u00e4 nauhalta.<\/p>\n<p class=\"article-body mb-nof-24 px-nof-16\">\u2013 Uusi peli tulee aina jo p\u00e4\u00e4lle. Mietin mieluummin sit\u00e4 kuin mennytt\u00e4.<\/p>\n<p class=\"article-body mb-nof-24 px-nof-16\">\u2013 Enk\u00e4 m\u00e4\u00e4 oikein videoista tykk\u00e4\u00e4. Se kumminkin valehtelee v\u00e4h\u00e4n todellisuutta. N\u00e4ytt\u00e4\u00e4 erilaiselta, mit\u00e4 se oikeasti on. Siin\u00e4 mieless\u00e4, pelien analysoinnissa, olen varmaan v\u00e4h\u00e4n eri maata kuin monet muut valmentajat.<\/p>\n<p><img decoding=\"async\" src=\"https:\/\/www.europesays.com\/fi\/wp-content\/uploads\/2025\/12\/1766652013_192_468.jpg\" alt=\"Helminen valmentaa SaiPaa nyt toista kautta. T\u00e4n\u00e4 syksyn\u00e4 h\u00e4n teki my\u00f6s ensi kauden kattavan sopimuksen seuran kanssa. Siis jo kolmannen yhden vuoden sopimuksen Lappeenrantaan.\" class=\"_Img_1rerz_1\" style=\"aspect-ratio:1.5\" loading=\"eager\"\/><\/p>\n<p class=\"article-picture-caption\">Helminen valmentaa SaiPaa nyt toista kautta. T\u00e4n\u00e4 syksyn\u00e4 h\u00e4n teki my\u00f6s ensi kauden kattavan sopimuksen seuran kanssa. Siis jo kolmannen yhden vuoden sopimuksen Lappeenrantaan. Kuva:\u00a0Jukka Ritola \/ Aamulehti<\/p>\n<p class=\"article-body mb-nof-24 px-nof-16\">Valmennusuransa edetess\u00e4 Helminen kokee oppineensa l\u00f6yt\u00e4m\u00e4\u00e4n paremmin oleellisen. Kaikkeen ei h\u00e4nen mielest\u00e4\u00e4n edes kannata yritt\u00e4\u00e4 puuttua.<\/p>\n<p class=\"article-body mb-nof-24 px-nof-16\">\u2013 Esimerkiksi er\u00e4tauolla voi olla nelj\u00e4kin asiaa, mit\u00e4 meid\u00e4n pit\u00e4isi muuttaa tai parantaa, mutta ei niit\u00e4 kaikkia voi k\u00e4yd\u00e4 l\u00e4pi. Eih\u00e4n pelaajat tied\u00e4 sitten yht\u00e4\u00e4n, mit\u00e4 t\u00e4ss\u00e4 pit\u00e4isi parantaa. Mieluummin otan vain sen yhden p\u00e4\u00e4jutun esiin.<\/p>\n<p class=\"article-body mb-nof-24 px-nof-16\">\u2013 Kaikki l\u00e4htee yksil\u00f6ist\u00e4. Kun yksil\u00f6 kehittyy, joukkue kehittyy. Yrit\u00e4n auttaa pelaajia pelaamaan paremmin.<\/p>\n<p class=\"article-body mb-nof-24 px-nof-16\">Taas Helmisen puhelin soi. Nyt soittajana on SaiPan apuvalmentaja <a class=\"article-personlink\" href=\"https:\/\/www.is.fi\/haku\/?query=Santeri%20Immonen\" rel=\"nofollow noopener\" target=\"_blank\">Santeri Immonen<\/a>.<\/p>\n<p class=\"article-body mb-nof-24 px-nof-16\">\u2013 Onko kukaan ilmoittanut, Helminen kysyy heti k\u00e4rkeen.<\/p>\n<p class=\"article-body mb-nof-24 px-nof-16\">Ei ole. Siis kukaan pelaajista ei ole ilmoittanut olevansa t\u00e4n\u00e4\u00e4n sairauslomalla. T\u00e4h\u00e4n aikaan vuodesta kaikenlaiset taudit kiert\u00e4v\u00e4t ty\u00f6ntekij\u00f6it\u00e4 j\u00e4\u00e4kiekkojoukkueessa siin\u00e4 miss\u00e4 muissakin ty\u00f6yhteis\u00f6iss\u00e4.<\/p>\n<p class=\"article-body mb-nof-24 px-nof-16\">Immosen vastuulla on vet\u00e4\u00e4 kello 9.30 alkava fysiikkaharjoitus. P\u00e4\u00e4valmentaja saapuu hallille vasta sen j\u00e4lkeen alkavaan j\u00e4\u00e4treeniin.<\/p>\n<p class=\"article-body mb-nof-24 px-nof-16\">Valmentajat k\u00e4yv\u00e4t molempien harjoitusten sis\u00e4ll\u00f6n p\u00e4\u00e4piirteitt\u00e4in l\u00e4pi.<\/p>\n<p class=\"article-body mb-nof-24 px-nof-16\">\u2013 Menn\u00e4\u00e4n se sama. Kolmella l\u00e4mm\u00f6ll\u00e4. Yv, av, kolmekolme, viisnelj\u00e4. Katotaan pelataanko pari vaihtoa vai ei, Helminen luettelee.<\/p>\n<p class=\"article-body mb-nof-24 px-nof-16\">Immonen kuittaa ja kertoo, mitk\u00e4 videoklipit seuraavan p\u00e4iv\u00e4n vastustajan KalPan pelaamisesta joukkueelle aiotaan harjoitusten yhteydess\u00e4 n\u00e4ytt\u00e4\u00e4.<\/p>\n<p><img decoding=\"async\" src=\"https:\/\/www.europesays.com\/fi\/wp-content\/uploads\/2025\/12\/1766652014_536_468.jpg\" alt=\"Aika ajoin Helmisest\u00e4 n\u00e4hd\u00e4\u00e4n vaihtoaitiossa my\u00f6s tulinen puoli. Etenkin tuomarit saavat kuulla kunniansa, jos Helminen kokee SaiPan kokeneen v\u00e4\u00e4ryytt\u00e4.\" class=\"_Img_1rerz_1\" style=\"aspect-ratio:1.5\" loading=\"eager\"\/><\/p>\n<p class=\"article-picture-caption\">Aika ajoin Helmisest\u00e4 n\u00e4hd\u00e4\u00e4n vaihtoaitiossa my\u00f6s tulinen puoli. Etenkin tuomarit saavat kuulla kunniansa, jos Helminen kokee SaiPan kokeneen v\u00e4\u00e4ryytt\u00e4. Kuva:\u00a0Mika Kylm\u00e4niemi \/ AOP<\/p>\n<p class=\"article-body mb-nof-24 px-nof-16\">Kun Helmisen Hyundai ohittaa Lahden, puhe k\u00e4\u00e4ntyy maailmanpolitiikkaan ja Ukrainan sotaan. T\u00e4\u00e4ll\u00e4 Helminen nimitt\u00e4in suoritti oman asepalveluksensa vuonna 1982.<\/p>\n<p class=\"article-body mb-nof-24 px-nof-16\">Helminen arvelee, ettei Ven\u00e4j\u00e4 uhitteluistaan huolimatta olisi valmis aloittamaan kolmatta maailmansotaa.<\/p>\n<p class=\"article-body mb-nof-24 px-nof-16\">\u2013 Meinaan kun ovat tossa sohlanneet noin monta vuotta, eiv\u00e4tk\u00e4 ole tuon paremmin p\u00e4rj\u00e4nneet. Kyll\u00e4h\u00e4n niill\u00e4kin nyt jotkut realiteetit on.<\/p>\n<p class=\"article-body mb-nof-24 px-nof-16\">\u2013 Tai pit\u00e4isi olla, h\u00e4n lis\u00e4\u00e4.<\/p>\n<p class=\"article-body mb-nof-24 px-nof-16\">Kun alikersantti Helminen viimeisen kerran kaasutti Datsun Cherryns\u00e4 pois Hennalan Urheilukoulun kasarmilta, takana oli 11 kuukauden palvelus.<\/p>\n<p class=\"article-body mb-nof-24 px-nof-16\">Nyky\u00e4\u00e4n urheilijoilta ei en\u00e4\u00e4 vaadita l\u00e4hesk\u00e4\u00e4n sellaista, mutta silti armeijan k\u00e4ymisest\u00e4 vaikuttaa tulleen monille kiekkoilijoille ylitsep\u00e4\u00e4sem\u00e4t\u00f6n haaste.<\/p>\n<p class=\"article-body mb-nof-24 px-nof-16\">\u2013 Jos n\u00e4ytt\u00e4\u00e4, ett\u00e4 v\u00e4h\u00e4nkin luistin kulkee, niin miksei perkele ne agentit laita heti 18-vuotiaana pelaajiaan armeijaan. Ei ne j\u00e4tk\u00e4t kuitenkaan miss\u00e4\u00e4n koulussakaan ole, Helminen sanoo.<\/p>\n<p class=\"article-body mb-nof-24 px-nof-16\">\u2013 On se varmaan silloin 28\u201329-vuotiaana vaikeampi menn\u00e4. Kerta ne agentit provikoitansa ottavat, niin luulisi niill\u00e4 nyt olevan joku muukin homma ohjata j\u00e4tki\u00e4. Nyky\u00e4\u00e4n armeijan voi viel\u00e4 hoitaa puolet helpomminkin.<\/p>\n<p class=\"article-body mb-nof-24 px-nof-16\">Yleens\u00e4 Helminen valmistaa ev\u00e4sleiv\u00e4t mukaan ajomatkalle, mutta nyt h\u00e4n on tehnyt poikkeuksen. Ev\u00e4stauko pidet\u00e4\u00e4n ennen Kouvolaa Kausalan Matkakeitaalla. Helminen valitsee t\u00e4ytetyn ruisleiv\u00e4n ja gl\u00f6gin.<\/p>\n<p class=\"article-body mb-nof-24 px-nof-16\">\u2013 Toivottavasti ei ole paljon viinaa seassa, h\u00e4n naurattaa kassaneiti\u00e4 kaataessaan termoskannusta gl\u00f6gi\u00e4 mukiinsa.<\/p>\n<p class=\"article-body mb-nof-24 px-nof-16\">Vaikka kello on vasta h\u00e4din tuskin yhdeks\u00e4n aamulla, Helminen ei ota kahvia. H\u00e4n ei juo kahvia paljon muutenkaan.<\/p>\n<p class=\"article-body mb-nof-24 px-nof-16\">\u2013 Paitsi kyl\u00e4ss\u00e4. Jos tarjotaan.<\/p>\n<p><img decoding=\"async\" src=\"https:\/\/www.europesays.com\/fi\/wp-content\/uploads\/2025\/12\/1766652014_584_468.jpg\" alt=\"Helminen teki poikkeuksen ja j\u00e4tti t\u00e4ll\u00e4 kertaa ev\u00e4sleiv\u00e4t matkasta.\" class=\"_Img_1rerz_1\" style=\"aspect-ratio:1.3333333333333333\" loading=\"eager\"\/><\/p>\n<p class=\"article-picture-caption\">Helminen teki poikkeuksen ja j\u00e4tti t\u00e4ll\u00e4 kertaa ev\u00e4sleiv\u00e4t matkasta. Kuva:\u00a0Ville Touru<\/p>\n<p class=\"article-body mb-nof-24 px-nof-16\">Huoltoaseman televisiosta kuuluu urheilu-uutisia. Puheenaihe l\u00f6ytyy taas nopeasti.<\/p>\n<p class=\"article-body mb-nof-24 px-nof-16\">Helminen seuraa urheilua laajasti my\u00f6s j\u00e4\u00e4kiekon ulkopuolella. Harrastaakin, sill\u00e4 nytkin autossa mukana kulkevat sukset.<\/p>\n<p class=\"article-body mb-nof-24 px-nof-16\">Viime aikoina Helminen on seurannut erityisell\u00e4 mielenkiinnolla varsinkin golfia ja ampumahiihtoa.<\/p>\n<p class=\"article-body mb-nof-24 px-nof-16\">\u2013 Jumalautsi ne Suomen likat! <a class=\"article-personlink\" href=\"https:\/\/www.is.fi\/haku\/?query=Minkkinen\" rel=\"nofollow noopener\" target=\"_blank\">Minkkinen <\/a>ja muutkin. Mink\u00e4 nousun ovat tehneet, Helminen innostuu.<\/p>\n<p class=\"article-body mb-nof-24 px-nof-16\">\u2013 Minkkisell\u00e4 oli siin\u00e4 yhdess\u00e4kin \u00d6stersundin kisassa kolmanneksi kovin hiihtoaika. Seh\u00e4n ennen viime kautta panosti rahallisestikin paljon ja oli pitk\u00e4\u00e4n vuorilla.<\/p>\n<p class=\"article-body mb-nof-24 px-nof-16\">Helminen tiet\u00e4\u00e4 varsin hyvin, mit\u00e4 olympiatalvi urheilijoille merkitsee. Itse h\u00e4n pelasi enn\u00e4tyksellisesti kuusissa olympialaisissa. Sarajevosta Salt Lake Cityyn.<\/p>\n<p class=\"article-body mb-nof-24 px-nof-16\">\u2013 Sitten se <a class=\"article-personlink\" href=\"https:\/\/www.is.fi\/haku\/?query=Hallberg\" rel=\"nofollow noopener\" target=\"_blank\">Hallberg<\/a>, ti\u00e4ks\u00e4\u00e4 seh\u00e4n voi vaikka tehd\u00e4 palanderit. Kun <a class=\"article-personlink\" href=\"https:\/\/www.is.fi\/haku\/?query=Palander\" rel=\"nofollow noopener\" target=\"_blank\">Palander<\/a> voitti sen maailmanmestaruuden (1999), niin aika puskistahan se tuli ja vasta nosti kunnolla huipulle.<\/p>\n<p class=\"article-body mb-nof-24 px-nof-16\">\u2013 Hiihdossa norskit on kyll\u00e4 aina niin hirveess\u00e4 kunnossa. Mutta kyll\u00e4 <a class=\"article-personlink\" href=\"https:\/\/www.is.fi\/haku\/?query=Iivo\" rel=\"nofollow noopener\" target=\"_blank\">Iivo <\/a>omansakin osaa ajoittaa. Onhan se jo n\u00e4hty. Kunhan vaan terveen\u00e4 pysyisi, Helminen puntaroi.<\/p>\n<p class=\"article-body mb-nof-24 px-nof-16\">Gl\u00f6git on juotu ja olympiaennakot puitu. Viel\u00e4 reilun tunnin siivu Lappeenrantaan j\u00e4ljell\u00e4.<\/p>\n<p class=\"article-body mb-nof-24 px-nof-16\">Puhutaan viel\u00e4 v\u00e4h\u00e4n Helmisen valmennusfilosofiasta. Siit\u00e4, miten h\u00e4n on kyennyt nostamaan SaiPan sarjan pohjilta nyt jo toisen kauden menestyj\u00e4ksi. Siit\u00e4kin huolimatta, ett\u00e4 viime kauden sensaatiojoukkueen kermat kuorittiin heti muualle.<\/p>\n<p class=\"article-body mb-nof-24 px-nof-16\">Helmisen aikakaudella SaiPan pelaamista on leimannut pohjoisamerikkalainen tyyli. Peli\u00e4 k\u00e4\u00e4nnet\u00e4\u00e4n hanakasti, ja puolustajatkin yritt\u00e4v\u00e4t heti kiekon saatuaan l\u00f6yt\u00e4\u00e4 ahnasta pystysy\u00f6tt\u00f6\u00e4. Luisteluvaade on jatkuvasti kova, eik\u00e4 peli juuri pys\u00e4hdy.<\/p>\n<p class=\"article-body mb-nof-24 px-nof-16\">SaiPa on kuin Suomen Carolina Hurricanes.<\/p>\n<p class=\"article-body mb-nof-24 px-nof-16\">\u2013 Sit\u00e4 Hapakin sanoo, kun se kattoo niilt\u00e4 joka pelin. Mutta ei se kyll\u00e4 mitenk\u00e4\u00e4n tietoinen ratkaisu ole ollut.<\/p>\n<p class=\"article-body mb-nof-24 px-nof-16\">Hapan eli SaiPan urheilujohtajan <a class=\"article-personlink\" href=\"https:\/\/www.is.fi\/haku\/?query=Harri%20Ahon\" rel=\"nofollow noopener\" target=\"_blank\">Harri Ahon<\/a> poika <a class=\"article-personlink\" href=\"https:\/\/www.is.fi\/haku\/?query=Sebastian\" rel=\"nofollow noopener\" target=\"_blank\">Sebastian <\/a>on Carolinan ykk\u00f6st\u00e4hti.<\/p>\n<p class=\"article-body mb-nof-24 px-nof-16\">Helminen kertoo ottaneensa pelikirjaansa vaikutteita heti valmennusuransa alussa ty\u00f6skennelless\u00e4\u00e4n U20-maajoukkueessa (2009\u201312).<\/p>\n<p class=\"article-body mb-nof-24 px-nof-16\">\u2013 Silloin kisoissa n\u00e4ki heti, mihin j\u00e4\u00e4kiekko on menossa. Tykk\u00e4sin siit\u00e4 jo silloin.<\/p>\n<p class=\"article-body mb-nof-24 px-nof-16\">\u2013 Pit\u00e4\u00e4 aina mietti\u00e4, mill\u00e4 p\u00e4rj\u00e4\u00e4, mutta t\u00e4llaista olen periaatteessa yritt\u00e4nyt valmentaa joka paikassa.<\/p>\n<p><img decoding=\"async\" src=\"https:\/\/www.europesays.com\/fi\/wp-content\/uploads\/2025\/12\/1766652015_877_468.jpg\" alt=\"Helminen on my\u00f6s kovan luokan huumorimies.\" class=\"_Img_1rerz_1\" style=\"aspect-ratio:1.5\" loading=\"eager\"\/><\/p>\n<p class=\"article-picture-caption\">Helminen on my\u00f6s kovan luokan huumorimies. Kuva:\u00a0Jukka Ritola \/ Aamulehti<\/p>\n<p class=\"article-body mb-nof-24 px-nof-16\">Yleens\u00e4 miellet\u00e4\u00e4n, ett\u00e4 nimenomaan heikomman materiaalin altavastaajajoukkueiden olisi helpompi p\u00e4rj\u00e4t\u00e4 tiiviill\u00e4 puolustamisella ja vahvasti peli\u00e4 rytmitt\u00e4m\u00e4ll\u00e4.<\/p>\n<p class=\"article-body mb-nof-24 px-nof-16\">\u2013 Ei mun hermot kest\u00e4, ett\u00e4 oltaisiin vaan mykkyr\u00e4ss\u00e4 ottamassa iskuja vastaan.<\/p>\n<p class=\"article-body mb-nof-24 px-nof-16\">\u2013 T\u00e4ss\u00e4 saa my\u00f6s pelaajat mahdollisuuden kehitty\u00e4. Luulen, ett\u00e4 se on ainakin positiivinen puoli pelaajille. Meille jokainen j\u00e4tk\u00e4 kokoonpanossa on my\u00f6s pirun t\u00e4rke\u00e4. Tarvitsemme kaikkia.<\/p>\n<p class=\"article-body mb-nof-24 px-nof-16\">Helmisen perussapluuna on selv\u00e4. Jos pelaajat toteuttavat sit\u00e4 sovitusti, p\u00e4\u00e4valmentajan arvion mukaan SaiPan peleist\u00e4 tulee l\u00e4hes poikkeuksetta \u201dmaalin pelej\u00e4\u201d. Kuten h\u00e4n usein lehdist\u00f6tilaisuuksissa toistelee.<\/p>\n<p class=\"article-body mb-nof-24 px-nof-16\">\u2013 Sitten koko peli lopulta perustuu ratkaiseviin, yksitt\u00e4isiin tilanteisiin. Ne on pienest\u00e4 kiinni, ja niit\u00e4 t\u00e4ss\u00e4 yritet\u00e4\u00e4n koko ajan parantaa.<\/p>\n<p><img decoding=\"async\" src=\"https:\/\/www.europesays.com\/fi\/wp-content\/uploads\/2025\/12\/1766652015_527_468.jpg\" alt=\"Viime kev\u00e4\u00e4n\u00e4 Helminen vei SaiPan sensaatiomaisesti SM-finaaleihin. T\u00e4ll\u00e4kin kaudella SaiPa on kirkkaasti matkalla pudotuspeleihin.\" class=\"_Img_1rerz_1\" style=\"aspect-ratio:2.142857142857143\" loading=\"eager\"\/><\/p>\n<p class=\"article-picture-caption\">Viime kev\u00e4\u00e4n\u00e4 Helminen vei SaiPan sensaatiomaisesti SM-finaaleihin. T\u00e4ll\u00e4kin kaudella SaiPa on kirkkaasti matkalla pudotuspeleihin. Kuva:\u00a0Marko Sorsa<\/p>\n<p class=\"article-body mb-nof-24 px-nof-16\">Tarinointinsa lomassa Helminen ohittelee autoja toisensa per\u00e4\u00e4n. Matkalla Koikkarista Kisapuistoon ohituksia kertyy parisenkymment\u00e4.<\/p>\n<p class=\"article-body mb-nof-24 px-nof-16\">Kuin Helmisen kaveri <a class=\"article-personlink\" href=\"https:\/\/www.is.fi\/haku\/?query=Kimi%20R%C3%A4ikk%C3%B6nen\" rel=\"nofollow noopener\" target=\"_blank\">Kimi R\u00e4ikk\u00f6nen<\/a> omalla hopeanuolellaan Suzukassa 2005. Ei mit\u00e4\u00e4n uhkarohkeaa kohellusta, vaan m\u00e4\u00e4r\u00e4tietoisia ja eleett\u00f6mi\u00e4 ohituksia toisensa per\u00e4\u00e4n ilman jahkailua.<\/p>\n<p class=\"article-body mb-nof-24 px-nof-16\">Viimeisen\u00e4 <a class=\"article-personlink\" href=\"https:\/\/www.is.fi\/haku\/?query=Fisichella\" rel=\"nofollow noopener\" target=\"_blank\">Fisichella<\/a>. Eli t\u00e4ss\u00e4 tapauksessa t\u00e4ysper\u00e4vaunullinen tukkirekka jossakin Luum\u00e4en tienoilla ennen Lappeenrannan-moottoritien alkua.<\/p>\n<p class=\"article-body mb-nof-24 px-nof-16\">\u2013 En m\u00e4\u00e4 k\u00e4rsi ajella kenenk\u00e4\u00e4n per\u00e4ss\u00e4. Haluan menn\u00e4 vapaasti ja n\u00e4hd\u00e4 eteenp\u00e4in.<\/p>\n<p class=\"article-body mb-nof-24 px-nof-16\">T\u00e4m\u00e4 piirre vaikuttaa ohjaavan Helmisen valintoja monessakin asiassa. Kaukalossakin h\u00e4n haluaa joukkueensa ottavan kytt\u00e4ilyn sijaan aloitteet itselleen.<\/p>\n<p class=\"article-body mb-nof-24 px-nof-16\">\u2013 Ehk\u00e4 m\u00e4\u00e4 sitten olen v\u00e4h\u00e4n k\u00e4rsim\u00e4t\u00f6n.<\/p>\n<p><img decoding=\"async\" src=\"https:\/\/www.europesays.com\/fi\/wp-content\/uploads\/2025\/12\/1766652015_208_468.jpg\" alt=\"Reilu kolmetuntinen ajomatka Tampereen Koivistonkyl\u00e4st\u00e4 Lappeenrannan Kisapuistolle on ohi.\" class=\"_Img_1rerz_1\" style=\"aspect-ratio:1.5\" loading=\"eager\"\/><\/p>\n<p class=\"article-picture-caption\">Reilu kolmetuntinen ajomatka Tampereen Koivistonkyl\u00e4st\u00e4 Lappeenrannan Kisapuistolle on ohi. Kuva:\u00a0Marko Sorsa<\/p>\n","protected":false},"excerpt":{"rendered":"Toimittaja istahti Raimo Helmisen kyytiin. Matkalla Lappeenrantaan Helminen oli oma itsens\u00e4 \u2013 eli kovin erilainen kuin mihin yleens\u00e4&hellip;\n","protected":false},"author":2,"featured_media":125391,"comment_status":"","ping_status":"","sticky":false,"template":"","format":"standard","meta":{"footnotes":""},"categories":[136],"tags":[407,137,33,31,30,34,408,32,109],"class_list":{"0":"post-125390","1":"post","2":"type-post","3":"status-publish","4":"format-standard","5":"has-post-thumbnail","7":"category-julkkikset","8":"tag-celebrities","9":"tag-entertainment","10":"tag-fi","11":"tag-finland","12":"tag-finnish","13":"tag-ilta-sanomat","14":"tag-julkkikset","15":"tag-suomi","16":"tag-viihde"},"share_on_mastodon":{"url":"https:\/\/pubeurope.com\/@fi\/115779313862451049","error":""},"_links":{"self":[{"href":"https:\/\/www.europesays.com\/fi\/wp-json\/wp\/v2\/posts\/125390","targetHints":{"allow":["GET"]}}],"collection":[{"href":"https:\/\/www.europesays.com\/fi\/wp-json\/wp\/v2\/posts"}],"about":[{"href":"https:\/\/www.europesays.com\/fi\/wp-json\/wp\/v2\/types\/post"}],"author":[{"embeddable":true,"href":"https:\/\/www.europesays.com\/fi\/wp-json\/wp\/v2\/users\/2"}],"replies":[{"embeddable":true,"href":"https:\/\/www.europesays.com\/fi\/wp-json\/wp\/v2\/comments?post=125390"}],"version-history":[{"count":0,"href":"https:\/\/www.europesays.com\/fi\/wp-json\/wp\/v2\/posts\/125390\/revisions"}],"wp:featuredmedia":[{"embeddable":true,"href":"https:\/\/www.europesays.com\/fi\/wp-json\/wp\/v2\/media\/125391"}],"wp:attachment":[{"href":"https:\/\/www.europesays.com\/fi\/wp-json\/wp\/v2\/media?parent=125390"}],"wp:term":[{"taxonomy":"category","embeddable":true,"href":"https:\/\/www.europesays.com\/fi\/wp-json\/wp\/v2\/categories?post=125390"},{"taxonomy":"post_tag","embeddable":true,"href":"https:\/\/www.europesays.com\/fi\/wp-json\/wp\/v2\/tags?post=125390"}],"curies":[{"name":"wp","href":"https:\/\/api.w.org\/{rel}","templated":true}]}}