{"id":125392,"date":"2025-12-25T08:47:07","date_gmt":"2025-12-25T08:47:07","guid":{"rendered":"https:\/\/www.europesays.com\/fi\/125392\/"},"modified":"2025-12-25T08:47:07","modified_gmt":"2025-12-25T08:47:07","slug":"kultainen-kenka-lienee-kolmen-kauppa-urheilu","status":"publish","type":"post","link":"https:\/\/www.europesays.com\/fi\/125392\/","title":{"rendered":"Kultainen Kenk\u00e4 lienee kolmen kauppa | Urheilu"},"content":{"rendered":"<p>Eurooppalaisen p\u00e4\u00e4sarjatason seurajoukkuejalkapallon maalikuninkaalle jaettavalle Kultainen Kenk\u00e4 -palkinnolle on syyskauden mittaan ilmaantunut kolme nimek\u00e4st\u00e4 tavoittelijaa. Maanosan suursarjojen l\u00e4hestyess\u00e4 puoliv\u00e4li\u00e4\u00e4n Kenk\u00e4\u00e4 sovittelevat hanakammin Harry Kane, Erling Haaland ja Kylian Mbappe.<\/p>\n<p>Saksan Bundesliigan Bayern M\u00fcnchenin englantilaisk\u00e4rki Kane on maalannut 19 liigamaalia, ja yht\u00e4 paljon on kasassa Englannin Valioliigan Manchester Cityn norjalaistykill\u00e4 Haalandilla. Espanjan liigan Real Madridin ranskalaist\u00e4hti Mbappe on kaksikosta maalin p\u00e4\u00e4ss\u00e4.<\/p>\n<p>Kanella on pelattuna 15 ottelua, Haalandilla 17 ja Mbappella 18.<\/p>\n<p>Muualta ei n\u00e4ytt\u00e4isi olevan tunkua palkintokahinaan. Hollannin liigan maalik\u00e4rki, Feyenoordin japanilaispelaaja Ayase Ueda on 18 maalissa, mutta h\u00e4n on silti 11 pisteen p\u00e4\u00e4ss\u00e4 Kanesta ja Haalandista Kultainen Kenk\u00e4 -tilastossa. Hollannin liigassa &#8221;maalikerroin&#8221; kun on 1,5, kun se on kaksi Euroopan viidess\u00e4 suurimmassa sarjassa eli Valioliigassa, Espanjan liigassa, Bundesliigassa, Italian Serie A:ssa ja Ranskan liigassa.<\/p>\n<p>Suomalaisista Kultainen Kenk\u00e4 -kamppailussa korkeimmalle ylsi Ruotsin Allsvenskanissa mahtikauden pelannut Leo Walta. H\u00e4n teki Siriukselle 16 liigamaalia eli kokosi 24 pistett\u00e4. Sill\u00e4 Walta pit\u00e4\u00e4 t\u00e4ll\u00e4 hetkell\u00e4 13. sijaa <a href=\"https:\/\/www.transfermarkt.com\/statistik\/goldenerschuh\" rel=\"nofollow noopener\" target=\"_blank\">Kultainen Kenk\u00e4 -listalla<\/a>.<\/p>\n","protected":false},"excerpt":{"rendered":"Eurooppalaisen p\u00e4\u00e4sarjatason seurajoukkuejalkapallon maalikuninkaalle jaettavalle Kultainen Kenk\u00e4 -palkinnolle on syyskauden mittaan ilmaantunut kolme nimek\u00e4st\u00e4 tavoittelijaa. Maanosan suursarjojen l\u00e4hestyess\u00e4&hellip;\n","protected":false},"author":2,"featured_media":125393,"comment_status":"","ping_status":"","sticky":false,"template":"","format":"standard","meta":{"footnotes":""},"categories":[158],"tags":[2267,33,31,30,43,42,1745,41,2959,1623,159,32,160],"class_list":{"0":"post-125392","1":"post","2":"type-post","3":"status-publish","4":"format-standard","5":"has-post-thumbnail","7":"category-urheilu","8":"tag-eurooppa","9":"tag-fi","10":"tag-finland","11":"tag-finnish","12":"tag-jalkapallo","13":"tag-jalkapalloon-perustuvat-lajit","14":"tag-jalkapallopelaajat","15":"tag-liikunta-ja-urheilu","16":"tag-madrid","17":"tag-miesten-jalkapallo","18":"tag-sports","19":"tag-suomi","20":"tag-urheilu"},"share_on_mastodon":{"url":"https:\/\/pubeurope.com\/@fi\/115779341241866069","error":""},"_links":{"self":[{"href":"https:\/\/www.europesays.com\/fi\/wp-json\/wp\/v2\/posts\/125392","targetHints":{"allow":["GET"]}}],"collection":[{"href":"https:\/\/www.europesays.com\/fi\/wp-json\/wp\/v2\/posts"}],"about":[{"href":"https:\/\/www.europesays.com\/fi\/wp-json\/wp\/v2\/types\/post"}],"author":[{"embeddable":true,"href":"https:\/\/www.europesays.com\/fi\/wp-json\/wp\/v2\/users\/2"}],"replies":[{"embeddable":true,"href":"https:\/\/www.europesays.com\/fi\/wp-json\/wp\/v2\/comments?post=125392"}],"version-history":[{"count":0,"href":"https:\/\/www.europesays.com\/fi\/wp-json\/wp\/v2\/posts\/125392\/revisions"}],"wp:featuredmedia":[{"embeddable":true,"href":"https:\/\/www.europesays.com\/fi\/wp-json\/wp\/v2\/media\/125393"}],"wp:attachment":[{"href":"https:\/\/www.europesays.com\/fi\/wp-json\/wp\/v2\/media?parent=125392"}],"wp:term":[{"taxonomy":"category","embeddable":true,"href":"https:\/\/www.europesays.com\/fi\/wp-json\/wp\/v2\/categories?post=125392"},{"taxonomy":"post_tag","embeddable":true,"href":"https:\/\/www.europesays.com\/fi\/wp-json\/wp\/v2\/tags?post=125392"}],"curies":[{"name":"wp","href":"https:\/\/api.w.org\/{rel}","templated":true}]}}