{"id":125394,"date":"2025-12-25T08:48:07","date_gmt":"2025-12-25T08:48:07","guid":{"rendered":"https:\/\/www.europesays.com\/fi\/125394\/"},"modified":"2025-12-25T08:48:07","modified_gmt":"2025-12-25T08:48:07","slug":"maria-veitola-laittoi-koko-perheen-testiin-jouluaiheinen-perhepostaus","status":"publish","type":"post","link":"https:\/\/www.europesays.com\/fi\/125394\/","title":{"rendered":"Maria Veitola laittoi koko perheen testiin &#8211; jouluaiheinen perhepostaus"},"content":{"rendered":"<p>Juontaja <strong>Maria Veitola<\/strong> kertoi aiemmassa julkaisussaan, kuinka heid\u00e4n perheess\u00e4\u00e4n ei sy\u00f6d\u00e4 perinteisi\u00e4 jouluruokia. Nyt h\u00e4nen tuorein julkaisunsa sis\u00e4lt\u00e4\u00e4 my\u00f6s joulun sy\u00f6misiin liittyv\u00e4n asian. H\u00e4n on koonnut siin\u00e4 olevaan videoon koko perheens\u00e4 eli miehens\u00e4 ja <strong>Taisto<\/strong>-poikansa testaamaan jouluherkkuja.<\/p>\n<p>Lue my\u00f6s: <a href=\"https:\/\/www.como.fi\/uutiset\/maria-veitola-paljasti-suosikkinsa-jouluna-taiston-asuste-vei-huomion\/\" title=\"Maria Veitola paljasti suosikkinsa jouluna \u2013 Taiston asuste vei huomion\" class=\"underline-custom !font-montserrat !font-bold !underline-offset-4 !decoration-4 !decoration-red-600 !text-md\" rel=\"nofollow noopener\" target=\"_blank\">Maria Veitola paljasti suosikkinsa jouluna \u2013 Taiston asuste vei huomion<\/a><\/p>\n<p>\u2013 Veitolan perhe toivottaa aivan ihanaa joulua ja rauhallista joulunaikaa koko kansalle t\u00e4m\u00e4n harvinaislaatuisen videon merkeiss\u00e4. Nimitt\u00e4in koko konkkaronkka t\u00e4ss\u00e4 testailee erilaisia joulunajan herkkuja. Ja hyv\u00e4 tuli! Vai tuliko? kirjoittaa Veitola.<\/p>\n<p>Lue my\u00f6s: <a href=\"https:\/\/www.como.fi\/uutiset\/maria-veitola-heratti-huomiota-helsingin-kaduilla-kulki-kynttila-kadessaan-raamatun-hahmoksi-pukeutuneena\/\" title=\"Maria Veitola her\u00e4tti huomiota Helsingin kaduilla \u2013 kulki kynttil\u00e4 k\u00e4dess\u00e4\u00e4n raamatun hahmoksi pukeutuneena\" class=\"underline-custom !font-montserrat !font-bold !underline-offset-4 !decoration-4 !decoration-red-600 !text-md\" rel=\"nofollow noopener\" target=\"_blank\">Maria Veitola her\u00e4tti huomiota Helsingin kaduilla \u2013 kulki kynttil\u00e4 k\u00e4dess\u00e4\u00e4n raamatun hahmoksi pukeutuneena<\/a><\/p>\n<p>Perhe maistelee julkaisussa muun muassa Fazerin gl\u00f6gikuulia ja jouluteemaisia vaahtokarkkeja sek\u00e4 monenlaisia keksej\u00e4.<\/p>\n<p>Lue my\u00f6s: <a href=\"https:\/\/www.como.fi\/uutiset\/maria-veitolaa-haukuttiin-rumaksi-julkaisi-nyt-mallikuvansa\/\" title=\"Maria Veitolaa haukuttiin rumaksi \u2013 julkaisi nyt mallikuvansa\" class=\"underline-custom !font-montserrat !font-bold !underline-offset-4 !decoration-4 !decoration-red-600 !text-md\" rel=\"nofollow noopener\" target=\"_blank\">Maria Veitolaa haukuttiin rumaksi \u2013 julkaisi nyt mallikuvansa<\/a><\/p>\n<p>\u2013 Hyv\u00e4\u00e4 joulua Maria sulle ja perheellesi. Varokaa sokeri\u00f6vereit\u00e4, kirjoittaa joku.<\/p>\n<p>\u2013 Hyv\u00e4\u00e4 joulua! Ihana hyv\u00e4ntuulinen perhepostaus, toteaa er\u00e4s.<\/p>\n<p>N\u00e4et julkaisun my\u00f6s <a href=\"https:\/\/www.instagram.com\/reel\/DSo3G8RgpOE\/?utm_source=ig_web_copy_link&amp;igsh=MzRlODBiNWFlZA==\" target=\"_blank\" rel=\"noreferrer noopener nofollow\">t\u00e4\u00e4lt\u00e4<\/a>.<\/p>\n<p>Lue my\u00f6s: <a href=\"https:\/\/www.como.fi\/tilaa-comon-uutiskirje\/\" title=\"Tilaa Comon uutiskirje ja tied\u00e4t mist\u00e4 kahvitauolla puhutaan! Nappaa kotimaan tv-vinkit ja puheenaiheet suoraan s\u00e4hk\u00f6postiin t\u00e4st\u00e4.\" class=\"underline-custom !font-montserrat !font-bold !underline-offset-4 !decoration-4 !decoration-red-600 !text-md\" rel=\"nofollow noopener\" target=\"_blank\">Tilaa Comon uutiskirje ja tied\u00e4t mist\u00e4 kahvitauolla puhutaan! Nappaa kotimaan tv-vinkit ja puheenaiheet suoraan s\u00e4hk\u00f6postiin t\u00e4st\u00e4.<\/a><\/p>\n<p>\t\t\t<script async src=\"\/\/www.instagram.com\/embed.js\"><\/script><\/p>\n","protected":false},"excerpt":{"rendered":"Juontaja Maria Veitola kertoi aiemmassa julkaisussaan, kuinka heid\u00e4n perheess\u00e4\u00e4n ei sy\u00f6d\u00e4 perinteisi\u00e4 jouluruokia. Nyt h\u00e4nen tuorein julkaisunsa sis\u00e4lt\u00e4\u00e4&hellip;\n","protected":false},"author":2,"featured_media":125395,"comment_status":"","ping_status":"","sticky":false,"template":"","format":"standard","meta":{"footnotes":""},"categories":[130],"tags":[137,33,31,30,1082,32,109],"class_list":{"0":"post-125394","1":"post","2":"type-post","3":"status-publish","4":"format-standard","5":"has-post-thumbnail","7":"category-viihde","8":"tag-entertainment","9":"tag-fi","10":"tag-finland","11":"tag-finnish","12":"tag-maria-veitola","13":"tag-suomi","14":"tag-viihde"},"share_on_mastodon":{"url":"https:\/\/pubeurope.com\/@fi\/115779344977056919","error":""},"_links":{"self":[{"href":"https:\/\/www.europesays.com\/fi\/wp-json\/wp\/v2\/posts\/125394","targetHints":{"allow":["GET"]}}],"collection":[{"href":"https:\/\/www.europesays.com\/fi\/wp-json\/wp\/v2\/posts"}],"about":[{"href":"https:\/\/www.europesays.com\/fi\/wp-json\/wp\/v2\/types\/post"}],"author":[{"embeddable":true,"href":"https:\/\/www.europesays.com\/fi\/wp-json\/wp\/v2\/users\/2"}],"replies":[{"embeddable":true,"href":"https:\/\/www.europesays.com\/fi\/wp-json\/wp\/v2\/comments?post=125394"}],"version-history":[{"count":0,"href":"https:\/\/www.europesays.com\/fi\/wp-json\/wp\/v2\/posts\/125394\/revisions"}],"wp:featuredmedia":[{"embeddable":true,"href":"https:\/\/www.europesays.com\/fi\/wp-json\/wp\/v2\/media\/125395"}],"wp:attachment":[{"href":"https:\/\/www.europesays.com\/fi\/wp-json\/wp\/v2\/media?parent=125394"}],"wp:term":[{"taxonomy":"category","embeddable":true,"href":"https:\/\/www.europesays.com\/fi\/wp-json\/wp\/v2\/categories?post=125394"},{"taxonomy":"post_tag","embeddable":true,"href":"https:\/\/www.europesays.com\/fi\/wp-json\/wp\/v2\/tags?post=125394"}],"curies":[{"name":"wp","href":"https:\/\/api.w.org\/{rel}","templated":true}]}}