{"id":125398,"date":"2025-12-25T08:52:10","date_gmt":"2025-12-25T08:52:10","guid":{"rendered":"https:\/\/www.europesays.com\/fi\/125398\/"},"modified":"2025-12-25T08:52:10","modified_gmt":"2025-12-25T08:52:10","slug":"nigeriassa-rajahdys-moskeijassa-tappoi-ainakin-seitseman-ihmista-uutissuomalainen-2","status":"publish","type":"post","link":"https:\/\/www.europesays.com\/fi\/125398\/","title":{"rendered":"Nigeriassa r\u00e4j\u00e4hdys moskeijassa tappoi ainakin seitsem\u00e4n ihmist\u00e4 | Uutissuomalainen"},"content":{"rendered":"<p>Nigeriassa r\u00e4j\u00e4hdys moskeijassa on tappanut ainakin seitsem\u00e4n ihmist\u00e4 jouluaattona. R\u00e4j\u00e4hdys tapahtui Maidugurissa, joka on Bornon osavaltion p\u00e4\u00e4kaupunki.<\/p>\n<p>Asiasta kertoivat uutistoimisto AFP:lle paikallisia puolisotilaallisia joukkoja johtava Babakura Kolo sek\u00e4 muut turvallisuusl\u00e4hteet ja silminn\u00e4kij\u00e4t. Kolon johtamat joukot auttavat Nigerian armeijaa taistelussa islamistisia \u00e4\u00e4rij\u00e4rjest\u00f6j\u00e4 vastaan.<\/p>\n<p>R\u00e4j\u00e4hdys tapahtui Maidugurin kaupungissa sijaitsevassa moskeijassa, kun ihmisi\u00e4 oli sis\u00e4ll\u00e4 kokoontuneena iltarukouksiin Gamborun markkinoilla. <\/p>\n<p>Moskeijan imaamin mukaan kuolonuhreja voi olla enemm\u00e4nkin. H\u00e4nen mukaansa ep\u00e4ill\u00e4\u00e4n, ett\u00e4 moskeijaan oli sijoitettu pommi, joka r\u00e4j\u00e4hti kesken rukousseremonian. <\/p>\n<p>Silminn\u00e4kij\u00e4t ep\u00e4iliv\u00e4t my\u00f6s itsemurhapommittajaa, mutta r\u00e4j\u00e4hdyksen syyt\u00e4 ei ole viel\u00e4 vahvistettu. My\u00f6s Babakura Kolon mukaan kyseess\u00e4 oli pommi-isku. <\/p>\n<p>Toistaiseksi yksik\u00e4\u00e4n aseellinen \u00e4\u00e4riryhm\u00e4 ei ole ilmoittautunut tekij\u00e4ksi.<\/p>\n<p>\t\t\t\tJihadistit iskeneet jo vuodesta 2009<\/p>\n<p>Bornon osavaltio on jo vuosia k\u00e4rsinyt jihadistiryhm\u00e4 Boko Haramin ja Isisin paikallisen haaran ISWAP:in hy\u00f6kk\u00e4yksist\u00e4. <\/p>\n<p>\u00c4\u00e4rij\u00e4rjest\u00f6t ovat kohdistaneet iskuja moskeijoihin hy\u00f6k\u00e4t\u00e4kseen perinteist\u00e4 tai liian sallivana pit\u00e4m\u00e4\u00e4ns\u00e4 islamin tulkintaa, imaameja tai instituutioita vastaan.<\/p>\n<p>Maidagurin kaupungissa ei kuitenkaan AFP:n mukaan ollut tehty iskuja pitk\u00e4\u00e4n aikaan.<\/p>\n<p>Nigeriassa jihadistit ovat taistelleet vuodesta 2009 konfliktissa, jossa on YK:n mukaan kuollut jo ainakin 40\u2009000 ihmist\u00e4 ja noin kaksi miljoonaa ihmist\u00e4 on joutunut pakenemaan kodeistaan maan koillisosassa.<\/p>\n<p>Konflikti on hieman hiipunut viimeisen vuosikymmenen aikana. Ajan kanssa se on kuitenkin levinnyt my\u00f6s muihin maihin alueella, kuten Nigeriin, Tshadiin ja Kameruniin.<\/p>\n","protected":false},"excerpt":{"rendered":"Nigeriassa r\u00e4j\u00e4hdys moskeijassa on tappanut ainakin seitsem\u00e4n ihmist\u00e4 jouluaattona. R\u00e4j\u00e4hdys tapahtui Maidugurissa, joka on Bornon osavaltion p\u00e4\u00e4kaupunki. Asiasta&hellip;\n","protected":false},"author":2,"featured_media":125399,"comment_status":"","ping_status":"","sticky":false,"template":"","format":"standard","meta":{"footnotes":""},"categories":[14],"tags":[802,804,820,22,23,26,27,33,31,30,17,2455,683,24,25,803,28,29,15,18,21,8093,13294,32,19,20,56,16,59,60,61],"class_list":{"0":"post-125398","1":"post","2":"type-post","3":"status-publish","4":"format-standard","5":"has-post-thumbnail","7":"category-ulkomaat","8":"tag-armeijat-ja-aseelliset-joukot","9":"tag-aseelliset-konfliktit","10":"tag-aseet","11":"tag-breaking-news","12":"tag-breakingnews","13":"tag-featured-news","14":"tag-featurednews","15":"tag-fi","16":"tag-finland","17":"tag-finnish","18":"tag-headlines","19":"tag-hengenvaara-ja-loukkaantuminen","20":"tag-kuolema","21":"tag-latest-news","22":"tag-latestnews","23":"tag-levottomuudet-ja-sodat","24":"tag-main-news","25":"tag-mainnews","26":"tag-news","27":"tag-otsikot","28":"tag-paauutiset","29":"tag-pommit-ja-rajahdykset","30":"tag-rajahdys","31":"tag-suomi","32":"tag-top-stories","33":"tag-topstories","34":"tag-ulkomaat","35":"tag-uutiset","36":"tag-world","37":"tag-world-news","38":"tag-worldnews"},"share_on_mastodon":{"url":"https:\/\/pubeurope.com\/@fi\/115779360809611634","error":""},"_links":{"self":[{"href":"https:\/\/www.europesays.com\/fi\/wp-json\/wp\/v2\/posts\/125398","targetHints":{"allow":["GET"]}}],"collection":[{"href":"https:\/\/www.europesays.com\/fi\/wp-json\/wp\/v2\/posts"}],"about":[{"href":"https:\/\/www.europesays.com\/fi\/wp-json\/wp\/v2\/types\/post"}],"author":[{"embeddable":true,"href":"https:\/\/www.europesays.com\/fi\/wp-json\/wp\/v2\/users\/2"}],"replies":[{"embeddable":true,"href":"https:\/\/www.europesays.com\/fi\/wp-json\/wp\/v2\/comments?post=125398"}],"version-history":[{"count":0,"href":"https:\/\/www.europesays.com\/fi\/wp-json\/wp\/v2\/posts\/125398\/revisions"}],"wp:featuredmedia":[{"embeddable":true,"href":"https:\/\/www.europesays.com\/fi\/wp-json\/wp\/v2\/media\/125399"}],"wp:attachment":[{"href":"https:\/\/www.europesays.com\/fi\/wp-json\/wp\/v2\/media?parent=125398"}],"wp:term":[{"taxonomy":"category","embeddable":true,"href":"https:\/\/www.europesays.com\/fi\/wp-json\/wp\/v2\/categories?post=125398"},{"taxonomy":"post_tag","embeddable":true,"href":"https:\/\/www.europesays.com\/fi\/wp-json\/wp\/v2\/tags?post=125398"}],"curies":[{"name":"wp","href":"https:\/\/api.w.org\/{rel}","templated":true}]}}