{"id":125400,"date":"2025-12-25T08:53:07","date_gmt":"2025-12-25T08:53:07","guid":{"rendered":"https:\/\/www.europesays.com\/fi\/125400\/"},"modified":"2025-12-25T08:53:07","modified_gmt":"2025-12-25T08:53:07","slug":"porilainen-harri-peltoniemi-68-oli-peruskoulussa-laiska-oppilas-sitten-tapahtui-jotain-joka-muutti-kaiken","status":"publish","type":"post","link":"https:\/\/www.europesays.com\/fi\/125400\/","title":{"rendered":"Porilainen Harri Peltoniemi, 68, oli peruskoulussa laiska oppilas \u2013 Sitten tapahtui jotain, joka muutti kaiken"},"content":{"rendered":"<p>Porilainen Harri Peltoniemi, 68, oli peruskoulussa laiskahko oppilas, jonka numerot py\u00f6riv\u00e4t keskitasolla. Sitten tapahtui yksi h\u00e4mm\u00e4stytt\u00e4v\u00e4 hetki, joka muutti kaiken. Suomen koulutuksen n\u00e4k\u00f6alapaikalta el\u00e4k\u00f6itynyt kertoo nyt, miksi juuri h\u00e4nen tarinansa on nykyisen koulumaailman kannalta t\u00e4rke\u00e4.<\/p>\n<p class=\"article-body mb-nof-24 px-nof-16\">Pori<\/p>\n<p class=\"article-body mb-nof-24 px-nof-16\">Porin kaupungin suunnittelup\u00e4\u00e4llikk\u00f6, yliopistokeskuksen johtaja ja Kansallisen koulutuksen arviointikeskuksen johtaja (Karvi).<\/p>\n<p class=\"article-body mb-nof-24 px-nof-16\">Porilainen <a class=\"article-personlink\" href=\"https:\/\/www.satakunnankansa.fi\/haku\/?query=Harri%20Peltoniemi\" rel=\"nofollow noopener\" target=\"_blank\">Harri Peltoniemi<\/a>, 68, on ollut el\u00e4m\u00e4ns\u00e4 aikana monessa n\u00e4k\u00f6alapaikassa.<\/p>\n<p class=\"article-body mb-nof-24 px-nof-16\">H\u00e4n paljastaa, ett\u00e4 yksi h\u00e4mm\u00e4stytt\u00e4v\u00e4 hetki pelasti sen, ettei vakuuttava ansioluettelo j\u00e4\u00e4nyt vain haaveeksi.<\/p>\n","protected":false},"excerpt":{"rendered":"Porilainen Harri Peltoniemi, 68, oli peruskoulussa laiskahko oppilas, jonka numerot py\u00f6riv\u00e4t keskitasolla. Sitten tapahtui yksi h\u00e4mm\u00e4stytt\u00e4v\u00e4 hetki, joka&hellip;\n","protected":false},"author":2,"featured_media":125401,"comment_status":"","ping_status":"","sticky":false,"template":"","format":"standard","meta":{"footnotes":""},"categories":[12],"tags":[22,23,26,27,33,31,30,17,24,25,28,29,15,18,21,80,32,19,20,16],"class_list":{"0":"post-125400","1":"post","2":"type-post","3":"status-publish","4":"format-standard","5":"has-post-thumbnail","7":"category-suomi","8":"tag-breaking-news","9":"tag-breakingnews","10":"tag-featured-news","11":"tag-featurednews","12":"tag-fi","13":"tag-finland","14":"tag-finnish","15":"tag-headlines","16":"tag-latest-news","17":"tag-latestnews","18":"tag-main-news","19":"tag-mainnews","20":"tag-news","21":"tag-otsikot","22":"tag-paauutiset","23":"tag-satakunnan-kansa","24":"tag-suomi","25":"tag-top-stories","26":"tag-topstories","27":"tag-uutiset"},"share_on_mastodon":{"url":"https:\/\/pubeurope.com\/@fi\/115779364674357320","error":""},"_links":{"self":[{"href":"https:\/\/www.europesays.com\/fi\/wp-json\/wp\/v2\/posts\/125400","targetHints":{"allow":["GET"]}}],"collection":[{"href":"https:\/\/www.europesays.com\/fi\/wp-json\/wp\/v2\/posts"}],"about":[{"href":"https:\/\/www.europesays.com\/fi\/wp-json\/wp\/v2\/types\/post"}],"author":[{"embeddable":true,"href":"https:\/\/www.europesays.com\/fi\/wp-json\/wp\/v2\/users\/2"}],"replies":[{"embeddable":true,"href":"https:\/\/www.europesays.com\/fi\/wp-json\/wp\/v2\/comments?post=125400"}],"version-history":[{"count":0,"href":"https:\/\/www.europesays.com\/fi\/wp-json\/wp\/v2\/posts\/125400\/revisions"}],"wp:featuredmedia":[{"embeddable":true,"href":"https:\/\/www.europesays.com\/fi\/wp-json\/wp\/v2\/media\/125401"}],"wp:attachment":[{"href":"https:\/\/www.europesays.com\/fi\/wp-json\/wp\/v2\/media?parent=125400"}],"wp:term":[{"taxonomy":"category","embeddable":true,"href":"https:\/\/www.europesays.com\/fi\/wp-json\/wp\/v2\/categories?post=125400"},{"taxonomy":"post_tag","embeddable":true,"href":"https:\/\/www.europesays.com\/fi\/wp-json\/wp\/v2\/tags?post=125400"}],"curies":[{"name":"wp","href":"https:\/\/api.w.org\/{rel}","templated":true}]}}