{"id":125402,"date":"2025-12-25T08:54:15","date_gmt":"2025-12-25T08:54:15","guid":{"rendered":"https:\/\/www.europesays.com\/fi\/125402\/"},"modified":"2025-12-25T08:54:15","modified_gmt":"2025-12-25T08:54:15","slug":"k-market-palaa-porissa-mtv-uutiset","status":"publish","type":"post","link":"https:\/\/www.europesays.com\/fi\/125402\/","title":{"rendered":"K-Market palaa Porissa | MTV Uutiset"},"content":{"rendered":"<p><strong class=\"typography-bold\">Sammutusty\u00f6t ovat k\u00e4ynniss\u00e4.<\/strong><\/p>\n<p>Satakunnassa Porissa sijaitsevassa marketissa on syttynyt tulipalo, kertoo Satakunnan pelastuslaitos.<\/p>\n<p>Koivistonpuistikon K-Marketin kattorakenteet ovat pelastuslaitoksen mukaan tulessa. Sammutusty\u00f6t ovat k\u00e4ynniss\u00e4.<\/p>\n<p>Pelastuslaitos on antanut alueelle vaaratiedotteen, jonka mukaan tulipalo levitt\u00e4\u00e4 ilmaan terveydelle vaarallista savua.<\/p>\n<p>Alueen ihmisi\u00e4 kehotetaan pysym\u00e4\u00e4n sis\u00e4tiloissa ja sulkemaan ilmanvaihto.<\/p>\n<p><img decoding=\"async\" fetchpriority=\"low\" loading=\"lazy\" alt=\"Olitko paikalla UUSI VERSIO\" class=\"block h-auto w-full\" src=\"https:\/\/www.europesays.com\/fi\/wp-content\/uploads\/2025\/09\/olitko-paikalla-uusi-versio.png\"\/><\/p>\n","protected":false},"excerpt":{"rendered":"Sammutusty\u00f6t ovat k\u00e4ynniss\u00e4. Satakunnassa Porissa sijaitsevassa marketissa on syttynyt tulipalo, kertoo Satakunnan pelastuslaitos. Koivistonpuistikon K-Marketin kattorakenteet ovat pelastuslaitoksen&hellip;\n","protected":false},"author":2,"featured_media":73290,"comment_status":"","ping_status":"","sticky":false,"template":"","format":"standard","meta":{"footnotes":""},"categories":[5],"tags":[22,23,26,27,33,31,30,17,24,25,28,29,15,18,21,32,19,20,16],"class_list":{"0":"post-125402","1":"post","2":"type-post","3":"status-publish","4":"format-standard","5":"has-post-thumbnail","7":"category-otsikot","8":"tag-breaking-news","9":"tag-breakingnews","10":"tag-featured-news","11":"tag-featurednews","12":"tag-fi","13":"tag-finland","14":"tag-finnish","15":"tag-headlines","16":"tag-latest-news","17":"tag-latestnews","18":"tag-main-news","19":"tag-mainnews","20":"tag-news","21":"tag-otsikot","22":"tag-paauutiset","23":"tag-suomi","24":"tag-top-stories","25":"tag-topstories","26":"tag-uutiset"},"share_on_mastodon":{"url":"https:\/\/pubeurope.com\/@fi\/115779368869881270","error":""},"_links":{"self":[{"href":"https:\/\/www.europesays.com\/fi\/wp-json\/wp\/v2\/posts\/125402","targetHints":{"allow":["GET"]}}],"collection":[{"href":"https:\/\/www.europesays.com\/fi\/wp-json\/wp\/v2\/posts"}],"about":[{"href":"https:\/\/www.europesays.com\/fi\/wp-json\/wp\/v2\/types\/post"}],"author":[{"embeddable":true,"href":"https:\/\/www.europesays.com\/fi\/wp-json\/wp\/v2\/users\/2"}],"replies":[{"embeddable":true,"href":"https:\/\/www.europesays.com\/fi\/wp-json\/wp\/v2\/comments?post=125402"}],"version-history":[{"count":0,"href":"https:\/\/www.europesays.com\/fi\/wp-json\/wp\/v2\/posts\/125402\/revisions"}],"wp:featuredmedia":[{"embeddable":true,"href":"https:\/\/www.europesays.com\/fi\/wp-json\/wp\/v2\/media\/73290"}],"wp:attachment":[{"href":"https:\/\/www.europesays.com\/fi\/wp-json\/wp\/v2\/media?parent=125402"}],"wp:term":[{"taxonomy":"category","embeddable":true,"href":"https:\/\/www.europesays.com\/fi\/wp-json\/wp\/v2\/categories?post=125402"},{"taxonomy":"post_tag","embeddable":true,"href":"https:\/\/www.europesays.com\/fi\/wp-json\/wp\/v2\/tags?post=125402"}],"curies":[{"name":"wp","href":"https:\/\/api.w.org\/{rel}","templated":true}]}}