{"id":125405,"date":"2025-12-25T09:06:12","date_gmt":"2025-12-25T09:06:12","guid":{"rendered":"https:\/\/www.europesays.com\/fi\/125405\/"},"modified":"2025-12-25T09:06:12","modified_gmt":"2025-12-25T09:06:12","slug":"yksi-asia-havettaa-mukaan-lahteminen-oli-virhe","status":"publish","type":"post","link":"https:\/\/www.europesays.com\/fi\/125405\/","title":{"rendered":"Yksi asia h\u00e4vett\u00e4\u00e4 \u2013 \u201dMukaan l\u00e4hteminen oli virhe\u201d"},"content":{"rendered":"<p>Pirkko Mannola on vieraana Itse asiassa -ohjelmassa.<\/p>\n<p><img decoding=\"async\" class=\"image image-show image-preview\" src=\"https:\/\/www.europesays.com\/fi\/wp-content\/uploads\/2025\/12\/76fec6fd5b10e45262e354cf7505a949ae31098399b0f3d05f4b713d26d81054.jpg\" alt=\"\"\/><img decoding=\"async\" class=\"image image-show\" src=\"https:\/\/www.europesays.com\/fi\/wp-content\/uploads\/2025\/12\/1766653572_738_76fec6fd5b10e45262e354cf7505a949ae31098399b0f3d05f4b713d26d81054.jpg\" alt=\"\"\/><\/p>\n<p>Pirkko Mannola vierailee Itse asiassa kuultuna -ohjelmassa TV1:ll\u00e4. Anne H\u00e4m\u00e4l\u00e4inen, Yle<\/p>\n<p class=\"paragraph\">N\u00e4yttelij\u00e4 ja laulaja <a href=\"https:\/\/www.iltalehti.fi\/henkilot\/Pirkko Mannola\" class=\"article-link-person-page\" rel=\"nofollow noopener\" target=\"_blank\">Pirkko Mannola<\/a> on toimittaja <strong>Juho-Pekka Rantalan<\/strong> vieraana.<\/p>\n<p class=\"paragraph\">50-vuotisjuhlavuottaan viett\u00e4v\u00e4lle Itse asiassa kuultuna -keskustelusarjalle tyypilliseen tapaan ohjelmassa k\u00e4yd\u00e4\u00e4n l\u00e4pi el\u00e4m\u00e4 ja ura k\u00e4\u00e4nnekohtineen. Kaikesta Mannola ei v\u00e4litt\u00e4isi niin puhua.<\/p>\n<p class=\"paragraph\">\u2013\u2009Ihan h\u00e4vett\u00e4\u00e4, kun sin\u00e4 tuot t\u00e4m\u00e4n&#8230; h\u00e4n kommentoi yht\u00e4 aihepiiri\u00e4.<\/p>\n<p class=\"paragraph\">\u2013\u2009Se on kyll\u00e4 v\u00e4h\u00e4n musta pilkku el\u00e4m\u00e4ss\u00e4ni.<\/p>\n<p class=\"paragraph\">Mihin Mannola sitten viittaa? 1990-luvun syrj\u00e4hyppyyns\u00e4 politiikkaan. Kaksikielisess\u00e4 perheess\u00e4 varttunut Mannola l\u00e4hti RKP:n ehdokkaaksi sek\u00e4 kunta- ett\u00e4 eduskuntavaaleissa. H\u00e4n ty\u00f6skenteli tuohon aikaan Teatteri Pieness\u00e4 Suomessa, jossa h\u00e4n ei viihtynyt. H\u00e4n oli avoin uudelle vaiheelle el\u00e4m\u00e4ss\u00e4\u00e4n. Politiikka oli silti vikatikki.<\/p>\n<p class=\"paragraph\">\u2013\u2009Huomasin hyvin nopeasti, ett\u00e4 mukaan l\u00e4hteminen oli minulta virhe.<\/p>\n<p>Pirkko Mannola ja G\u00f6ran Stubb n\u00e4htiin t\u00e4n\u00e4 vuonna Linnan juhlissa, joita G\u00f6ranin poika Alexander Stubb is\u00e4nn\u00f6i vaimonsa Suzanne Innes-Stubbin kanssa. Roosa Br\u00f6ijer<\/p>\n<p class=\"paragraph\">T\u00e4t\u00e4 nyky\u00e4 Mannola seuraa aiempaa enemm\u00e4n politiikkaa, &#8221;m\u00e4\u00e4r\u00e4tyist\u00e4 syist\u00e4&#8221;, kuten h\u00e4n itse haastattelussa sanoo. Sill\u00e4 Mannola tarkoittaa tietysti puolisonsa <strong>G\u00f6ran Stubbin<\/strong> poikaa, tasavallan presidentti <strong>Alexander Stubbia<\/strong>. Nimelt\u00e4 presidentti\u00e4 ei tv:ss\u00e4 mainita.<\/p>\n<p class=\"paragraph\">Omasta el\u00e4m\u00e4st\u00e4\u00e4n Mannola on muuten hyvin avoin. H\u00e4n kertoo arkailematta saamistaan potkuista, kun Teatteri Pieni Suomi ajautui konkurssiin, ja my\u00f6s Saksan-uransa p\u00e4\u00e4ttymisest\u00e4. Se tapahtui 1960-luvun alkupuolella. Tuolloin Mannolalle olisi ollut maassa kysynt\u00e4\u00e4, liiankin kanssa. Ensin h\u00e4n osallistui kiertueelle, sitten varieteehen ja viel\u00e4 olisi pit\u00e4nyt hoitaa uudenvuoden show.<\/p>\n<p class=\"paragraph\">\u2013\u2009Rupesin itkem\u00e4\u00e4n, ett\u00e4 min\u00e4 en jaksa. Haluan kotiin. Luulen, ett\u00e4 he hermostuivat minuun totaalisesti. Frau Manola, niin kuin he minua kutsuivat, n\u00e4ytti huonon puolen luonteestaan, ja min\u00e4 tulin kotiin.<\/p>\n<p>Koko uransa esiintyj\u00e4n\u00e4 tehnyt Pirkko Mannola kuvailee itse\u00e4\u00e4n ohjelmassa yll\u00e4tt\u00e4v\u00e4ll\u00e4 tavalla. \u2013\u2009Olen hirve\u00e4n ep\u00e4varma ihminen. En ole koskaan uskonut itseeni enk\u00e4 kykyihini. Elle Laitila<\/p>\n<p class=\"paragraph\">Pian paluun j\u00e4lkeen <strong>Vivica Bandler<\/strong> tarjosi Mannolalle teatterity\u00f6t\u00e4 Lilla Teaternin \u00c5ttan-n\u00e4ytelm\u00e4st\u00e4, ja Mannola otti sen vastaan. Saksa sai j\u00e4\u00e4d\u00e4, samoin levytyssopimus. N\u00e4ytt\u00e4m\u00f6pestins\u00e4 ansiosta Mannola vihdoin ymm\u00e4rsi, mit\u00e4 h\u00e4n halusi el\u00e4m\u00e4ll\u00e4\u00e4n tehd\u00e4. Teatterik\u00e4rp\u00e4nen oli purrut ja pahasti.<\/p>\n<p class=\"paragraph\">Itse asiassa kuultuna: Pirkko Mannola t\u00e4n\u00e4\u00e4n TV1:ll\u00e4 kello 19.30 &amp; Areenassa. <a href=\"https:\/\/www.iltalehti.fi\/telkku\/\" rel=\"nofollow noopener\" target=\"_blank\">Katso kaikki\u00a0TV-ohjelmat ja l\u00e4hetysajat Telkun TV-oppaasta<\/a>.<\/p>\n","protected":false},"excerpt":{"rendered":"Pirkko Mannola on vieraana Itse asiassa -ohjelmassa. Pirkko Mannola vierailee Itse asiassa kuultuna -ohjelmassa TV1:ll\u00e4. Anne H\u00e4m\u00e4l\u00e4inen, Yle&hellip;\n","protected":false},"author":2,"featured_media":125406,"comment_status":"","ping_status":"","sticky":false,"template":"","format":"standard","meta":{"footnotes":""},"categories":[136],"tags":[35,138,407,137,33,31,30,408,47,718,142,32,484,109],"class_list":{"0":"post-125405","1":"post","2":"type-post","3":"status-publish","4":"format-standard","5":"has-post-thumbnail","7":"category-julkkikset","8":"tag-24h","9":"tag-audio","10":"tag-celebrities","11":"tag-entertainment","12":"tag-fi","13":"tag-finland","14":"tag-finnish","15":"tag-julkkikset","16":"tag-musiikki","17":"tag-nayttamotaide","18":"tag-poliitikot","19":"tag-suomi","20":"tag-taiteellinen-ilmaisu-ja-mediat","21":"tag-viihde"},"share_on_mastodon":{"url":"https:\/\/pubeurope.com\/@fi\/115779416074974105","error":""},"_links":{"self":[{"href":"https:\/\/www.europesays.com\/fi\/wp-json\/wp\/v2\/posts\/125405","targetHints":{"allow":["GET"]}}],"collection":[{"href":"https:\/\/www.europesays.com\/fi\/wp-json\/wp\/v2\/posts"}],"about":[{"href":"https:\/\/www.europesays.com\/fi\/wp-json\/wp\/v2\/types\/post"}],"author":[{"embeddable":true,"href":"https:\/\/www.europesays.com\/fi\/wp-json\/wp\/v2\/users\/2"}],"replies":[{"embeddable":true,"href":"https:\/\/www.europesays.com\/fi\/wp-json\/wp\/v2\/comments?post=125405"}],"version-history":[{"count":0,"href":"https:\/\/www.europesays.com\/fi\/wp-json\/wp\/v2\/posts\/125405\/revisions"}],"wp:featuredmedia":[{"embeddable":true,"href":"https:\/\/www.europesays.com\/fi\/wp-json\/wp\/v2\/media\/125406"}],"wp:attachment":[{"href":"https:\/\/www.europesays.com\/fi\/wp-json\/wp\/v2\/media?parent=125405"}],"wp:term":[{"taxonomy":"category","embeddable":true,"href":"https:\/\/www.europesays.com\/fi\/wp-json\/wp\/v2\/categories?post=125405"},{"taxonomy":"post_tag","embeddable":true,"href":"https:\/\/www.europesays.com\/fi\/wp-json\/wp\/v2\/tags?post=125405"}],"curies":[{"name":"wp","href":"https:\/\/api.w.org\/{rel}","templated":true}]}}