{"id":125407,"date":"2025-12-25T09:11:11","date_gmt":"2025-12-25T09:11:11","guid":{"rendered":"https:\/\/www.europesays.com\/fi\/125407\/"},"modified":"2025-12-25T09:11:11","modified_gmt":"2025-12-25T09:11:11","slug":"terapia-elokuva-paavo-westerbergin-draamakomedia-koskettaa-ja-hammentaa","status":"publish","type":"post","link":"https:\/\/www.europesays.com\/fi\/125407\/","title":{"rendered":"Terapia-elokuva: Paavo Westerbergin draamakomedia koskettaa ja h\u00e4mment\u00e4\u00e4"},"content":{"rendered":"<p>\n            Terapia-elokuva<br \/>\n            Sanoma\n        <\/p>\n<p class=\"subtitle \">Paavo Westerbergin ohjaamassa uutuuselokuvassa katsoja p\u00e4\u00e4see k\u00e4rp\u00e4sen\u00e4 katossa seuraamaan k\u00e4rvistelevien pariskuntien terapiaistuntoja ja erikoisia hoitotekniikoita.<\/p>\n<p>Terapia<\/p>\n<p class=\"article-content article-content-width !bg-background\">Draamakomedia\u00a0****<\/p>\n<p class=\"article-content article-content-width !bg-background\">El\u00e4m\u00e4ss\u00e4 kaikella on tapana j\u00e4rjesty\u00e4. Ei ehk\u00e4 aina, kuten on itse suunnitellut, mutta aina l\u00f6ytyy ratkaisu, ja el\u00e4m\u00e4 jatkuu.<\/p>\n<p class=\"article-content article-content-width !bg-background\">T\u00e4m\u00e4 ajatus nousi mieleen, kun  k\u00e4sikirjoittaman ja ohjaaman Terapia-elokuvan lopputekstit liukuivat valkokankaalla.<\/p>\n<p class=\"article-content article-content-width !bg-background\">Tosin elokuvaa katsellessa t\u00e4h\u00e4n lohdulliseen tosiasiaan oli vaikea uskoa.\u00a0<\/p>\n<p>        <a itemprop=\"url\" href=\"https:\/\/www.seiska.fi\/katso\/elokuva-arvio-synkka-sorry-baby-on-yhden-naisen-taidonnayte\/1971390\" rel=\"nofollow noopener\" target=\"_blank\"><\/p>\n<p>\nEnsi-illassa Sorry, Baby\n<\/p>\n<p class=\"section-date\">\n        <strong class=\"article-section\" data-section=\"katso\"><br \/>\n            katso<br \/>\n        <\/strong><br \/>\n        31.10. 13:15\n    <\/p>\n<p>Elokuva-arvio: Synkk\u00e4 Sorry, Baby on yhden naisen taidonn\u00e4yte\n    <\/p>\n<p itemprop=\"description\" class=\"subtitle \">\n    Sorry, Baby saa ensi-iltansa elokuvateattereissa perjantaina 31.10.\n<\/p>\n<p>        <\/a><\/p>\n<p>                <img decoding=\"async\" src=\"https:\/\/www.europesays.com\/fi\/wp-content\/uploads\/2025\/12\/2015306.webp\" width=\"576\" height=\"288\" title=\"Terapeuttipariskuntaa Pekkaa Ja Leenaa esitt\u00e4v\u00e4t Tommi Korpela ja Pihla Viitala.\" alt=\"Terapia, 2025, Tommi Korpela, Pihla Viitala.\" loading=\"lazy\" \/>            <\/p>\n<p>\n            Terapeuttipariskuntaa Pekkaa Ja Leenaa esitt\u00e4v\u00e4t Tommi Korpela ja Pihla Viitala.<br \/>\n            Sanoma\n        <\/p>\n<p class=\"article-content article-content-width !bg-background\">Elokuva osoitti, miten monimutkainen olento ihminen on, ja viel\u00e4 hankalampi tapaus on parisuhde, jossa kaksi olentoa yritt\u00e4\u00e4 l\u00f6yt\u00e4\u00e4 yhteisen ymm\u00e4rryksen.\u00a0<\/p>\n<p class=\"article-content article-content-width !bg-background\">Terapiassa nelj\u00e4 pariskuntaa on terapian tarpeessa. My\u00f6s kallista parisuhdeleiri\u00e4 virolaisessa kartanossa py\u00f6ritt\u00e4v\u00e4 terapeuttipariskunta Pekka ja Leena. Rikkin\u00e4isen avioliiton lis\u00e4ksi he ovat konkurssin partaalla.<\/p>\n<p>                <img decoding=\"async\" src=\"https:\/\/www.europesays.com\/fi\/wp-content\/uploads\/2025\/12\/2015318.webp\" width=\"576\" height=\"288\" title=\"Elokuvassa n\u00e4ht\u00e4v\u00e4t terapiatekniikat eiv\u00e4t ole k\u00e4sikirjoittajan mielikuvituksen tuotetta.\" alt=\"Terapia, 2025, Pihla Viitala, Jarkko Niemi.\" loading=\"lazy\" \/>            <\/p>\n<p>\n            Elokuvassa n\u00e4ht\u00e4v\u00e4t terapiatekniikat eiv\u00e4t ole k\u00e4sikirjoittajan mielikuvituksen tuotetta.<br \/>\n            Sanoma\n        <\/p>\n<p class=\"article-content article-content-width !bg-background\">Omien ongelmiensa keskell\u00e4 he yritt\u00e4v\u00e4t auttaa asiakkaitaan. Uskottomuus, seksin ja l\u00e4heisyyden puute, menetyksen j\u00e4tt\u00e4m\u00e4 suru, mattojen alle lakaistut murheet ja \u00e4\u00e4neen lausumattomat tunteet. Siin\u00e4 onkin melkoinen vyyhti selvitett\u00e4v\u00e4ksi vajaassa viikossa, josta suhteissaan ep\u00e4toivoon suistuneet pariskunnat maksavat kymppitonnin.<\/p>\n<p>        <a itemprop=\"url\" href=\"https:\/\/www.seiska.fi\/katso\/elokuva-arvio-taydelliset-vieraat-on-musta-komedia-katastrofaalisesta-illasta-1\/1925532\" rel=\"nofollow noopener\" target=\"_blank\"><\/p>\n<p>\nElokuva-arvio: T\u00e4ydelliset vieraat\n<\/p>\n<p class=\"section-date\">\n        <strong class=\"article-section\" data-section=\"katso\"><br \/>\n            katso<br \/>\n        <\/strong><br \/>\n        19.9. 08:15\n    <\/p>\n<p>Elokuva-arvio: T\u00e4ydelliset vieraat on musta komedia katastrofaalisesta illasta\n    <\/p>\n<p itemprop=\"description\" class=\"subtitle \">\n    T\u00e4ydelliset vieraat saa ensi-iltansa elokuvateattereissa perjantaina 19.9.\n<\/p>\n<p>        <\/a><\/p>\n<p class=\"article-content article-content-width !bg-background\">, , ,  , , ,  ja   luovat kokoonpanon, jota ei voi kuin ihailla.<\/p>\n<p class=\"article-content article-content-width !bg-background\">Jokainen hoitaa roolinsa niin rehellisesti ja aidosti, ett\u00e4 katsojana koen kuin hengitt\u00e4isin heid\u00e4n tahtiinsa.<\/p>\n<p>                <img decoding=\"async\" src=\"https:\/\/www.europesays.com\/fi\/wp-content\/uploads\/2025\/12\/2015326.webp\" width=\"576\" height=\"288\" title=\"Parisuhdeleiri ei suju odotetusti. Kuvassa Matleena Kuusniemen n\u00e4yttelem\u00e4 Jaana, joka on turhautunut omassa liitossaan.\" alt=\"Terapia, 2025, Matleena Kuusniemi.\" loading=\"lazy\" \/>            <\/p>\n<p>\n            Parisuhdeleiri ei suju odotetusti. Kuvassa Matleena Kuusniemen n\u00e4yttelem\u00e4 Jaana, joka on turhautunut omassa liitossaan.<br \/>\n            Sanoma\n        <\/p>\n<p>Shokkik\u00e4\u00e4nne<\/p>\n<p class=\"article-content article-content-width !bg-background\">Terapia her\u00e4tti my\u00f6s h\u00e4mmennyksen, sill\u00e4 sen luoja Paavo Westerberg on kirjoittanut tarinaan odottamattoman k\u00e4\u00e4nteen. Veik\u00f6 se elokuvalta uskottavuuden vai tekik\u00f6 siit\u00e4 nerokkaan, j\u00e4\u00e4 jokaisen katsojan omaan harkintaan.<\/p>\n<p class=\"article-content article-content-width !bg-background\">Bonuspiste pienist\u00e4 heng\u00e4hdyshetkist\u00e4, jolloin ihmiset murheineen j\u00e4\u00e4v\u00e4t taka-alalle ja kauniit merelliset maisemat sek\u00e4  s\u00e4velt\u00e4m\u00e4 henke\u00e4salpaava musiikki helliv\u00e4t katsojan mielt\u00e4.<\/p>\n<p class=\"italic m-italic article-content article-content-width !bg-background\">Terapia saa ensi-illan elokuvateattereissa torstaina 25. joulukuuta.\u00a0<\/p>\n<p>        <a itemprop=\"url\" href=\"https:\/\/www.seiska.fi\/katso\/arvio-kotimainen-tonttu-elokuva-jattaa-ristiriitaisen-olon\/1985433\" rel=\"nofollow noopener\" target=\"_blank\"><\/p>\n<p>\nKotimainen Tonttu-elokuva\n<\/p>\n<p class=\"section-date\">\n        <strong class=\"article-section\" data-section=\"katso\"><br \/>\n            katso<br \/>\n        <\/strong><br \/>\n        14.11. 07:15\n    <\/p>\n<p>Arvio: Kotimainen Tonttu-elokuva j\u00e4tt\u00e4\u00e4 ristiriitaisen olon\n    <\/p>\n<p itemprop=\"description\" class=\"subtitle \">\n    Kunnianhimoinen lastenelokuva Tonttu saa ensi-iltansa elokuvateattereissa perjantaina 14.11.\n<\/p>\n<p>        <\/a><\/p>\n","protected":false},"excerpt":{"rendered":"Terapia-elokuva Sanoma Paavo Westerbergin ohjaamassa uutuuselokuvassa katsoja p\u00e4\u00e4see k\u00e4rp\u00e4sen\u00e4 katossa seuraamaan k\u00e4rvistelevien pariskuntien terapiaistuntoja ja erikoisia hoitotekniikoita. Terapia&hellip;\n","protected":false},"author":2,"featured_media":125408,"comment_status":"","ping_status":"","sticky":false,"template":"","format":"standard","meta":{"footnotes":""},"categories":[131],"tags":[9534,2562,1075,1045,5627,155,137,33,173,31,30,22368,10748,18736,15542,22367,172,4044,1496,22366,21039,6858,4905,1311,22365,875,32,1652,22369,4906,8850,109,4029],"class_list":{"0":"post-125407","1":"post","2":"type-post","3":"status-publish","4":"format-standard","5":"has-post-thumbnail","7":"category-elokuvat","8":"tag-alma-poysti","9":"tag-antti-luusuaniemi","10":"tag-avioliitto","11":"tag-elokuva-arvio","12":"tag-elokuva-arvostelu","13":"tag-elokuvat","14":"tag-entertainment","15":"tag-fi","16":"tag-film","17":"tag-finland","18":"tag-finnish","19":"tag-jakob-ohrman","20":"tag-jarkko-niemi","21":"tag-leri-leskinen","22":"tag-matleena-kuusniemi","23":"tag-mikko-kauppila","24":"tag-movies","25":"tag-paavo-westerberg","26":"tag-parisuhde","27":"tag-parisuhdeleiri","28":"tag-parisuhdeongelmat","29":"tag-parisuhdeterapia","30":"tag-pihla-viitala","31":"tag-rakkaus","32":"tag-ryhmaterapia","33":"tag-seksi","34":"tag-suomi","35":"tag-terapia","36":"tag-terapia-elokuva","37":"tag-tommi-korpela","38":"tag-uskottomuus","39":"tag-viihde","40":"tag-viro"},"share_on_mastodon":{"url":"","error":"Validation failed: Text character limit of 500 exceeded"},"_links":{"self":[{"href":"https:\/\/www.europesays.com\/fi\/wp-json\/wp\/v2\/posts\/125407","targetHints":{"allow":["GET"]}}],"collection":[{"href":"https:\/\/www.europesays.com\/fi\/wp-json\/wp\/v2\/posts"}],"about":[{"href":"https:\/\/www.europesays.com\/fi\/wp-json\/wp\/v2\/types\/post"}],"author":[{"embeddable":true,"href":"https:\/\/www.europesays.com\/fi\/wp-json\/wp\/v2\/users\/2"}],"replies":[{"embeddable":true,"href":"https:\/\/www.europesays.com\/fi\/wp-json\/wp\/v2\/comments?post=125407"}],"version-history":[{"count":0,"href":"https:\/\/www.europesays.com\/fi\/wp-json\/wp\/v2\/posts\/125407\/revisions"}],"wp:featuredmedia":[{"embeddable":true,"href":"https:\/\/www.europesays.com\/fi\/wp-json\/wp\/v2\/media\/125408"}],"wp:attachment":[{"href":"https:\/\/www.europesays.com\/fi\/wp-json\/wp\/v2\/media?parent=125407"}],"wp:term":[{"taxonomy":"category","embeddable":true,"href":"https:\/\/www.europesays.com\/fi\/wp-json\/wp\/v2\/categories?post=125407"},{"taxonomy":"post_tag","embeddable":true,"href":"https:\/\/www.europesays.com\/fi\/wp-json\/wp\/v2\/tags?post=125407"}],"curies":[{"name":"wp","href":"https:\/\/api.w.org\/{rel}","templated":true}]}}