{"id":125414,"date":"2025-12-25T09:18:11","date_gmt":"2025-12-25T09:18:11","guid":{"rendered":"https:\/\/www.europesays.com\/fi\/125414\/"},"modified":"2025-12-25T09:18:11","modified_gmt":"2025-12-25T09:18:11","slug":"lehti-venajalle-paenneet-syyrian-ex-diktaattorille-uskolliset-kenraalit-valmistelevat-uutta-vallankumousta-uutisia-lyhyesti","status":"publish","type":"post","link":"https:\/\/www.europesays.com\/fi\/125414\/","title":{"rendered":"Lehti: Ven\u00e4j\u00e4lle paenneet Syyrian ex-diktaattorille uskolliset kenraalit valmistelevat uutta vallankumousta | Uutisia lyhyesti"},"content":{"rendered":"<p class=\"aw-1gybjub aw-5vja16 kEtdKx kmuxyA yle__article__paragraph\">Syyrialaiset aktivistit ovat jakaneet The New York Timesille hakkeroituja puheluja sek\u00e4 teksti- ja chat-viestej\u00e4.<\/p>\n<p><img decoding=\"async\" alt=\"Ihmiset juhlivat vallanvaihtoa Syyriassa.\" src=\"https:\/\/www.europesays.com\/fi\/wp-content\/uploads\/2025\/12\/39-15659176935b58301688.jpeg\" class=\"aw-1l9m598 hKVVvP\"\/><\/p>\n<p>Avaa kuvien katselu<\/p>\n<p>Syyrialaiset juhlivat Ba\u0161ar al-Assadin hallinnon romahtamista p\u00e4\u00e4kaupunki Damaskoksessa joulukuussa 2024. Kuva: Antti Kuronen \/ Yle<\/p>\n<p class=\"aw-1gybjub aw-1p7kakr kEtdKx cEmitX yle__article__paragraph\">Syyrian hirmuhallitsija <strong class=\"aw-ak79eh KyCXm yle__article__strong\">Ba\u0161ar al-Assadin<\/strong> hallinto romahti vuosi sitten, kun kapinalliset valtasivat p\u00e4\u00e4kaupunki Damaskoksen.<\/p>\n<p class=\"aw-1gybjub aw-1p7kakr kEtdKx cEmitX yle__article__paragraph\">Vallankumous lopetti Assadin perheen puoli vuosisataa jatkuneen valtakauden lopulta muutamassa viikossa.<\/p>\n<p class=\"aw-1gybjub aw-1p7kakr kEtdKx cEmitX yle__article__paragraph\">Assad pakeni Ven\u00e4j\u00e4lle ja viett\u00e4\u00e4 <a class=\"aw-iao6s4 iHOxEa yle__article__link\" href=\"https:\/\/www.theguardian.com\/world\/2025\/dec\/15\/assad-family-live-in-russian-luxury-as-bashar-brushes-up-on-ophthalmology\" role=\"link\" rel=\"nofollow noopener\" target=\"_blank\">lehtitietojen<\/a> mukaan siell\u00e4 luksusel\u00e4m\u00e4\u00e4. Perheen uskotaan asuvan Moskovan eliitin aidatussa yhteis\u00f6ss\u00e4 Rublevkassa.<\/p>\n<p><img decoding=\"async\" alt=\"Bashar al-Assad ja Vladimir Putin k\u00e4ttelev\u00e4t hymyss\u00e4 suin.\" src=\"https:\/\/www.europesays.com\/fi\/wp-content\/uploads\/2025\/12\/39-1574406694cf347255e2.jpeg\" loading=\"lazy\" class=\"aw-1l9m598 hKVVvP\"\/><\/p>\n<p>Avaa kuvien katselu<\/p>\n<p>Syyrian Ba\u0161ar al-Assad vieraili Kremliss\u00e4 Moskovassa hein\u00e4kuussa 2024. Kuva: Valery Shrarifulin \/ EPA<\/p>\n<p class=\"aw-1gybjub aw-1p7kakr kEtdKx cEmitX yle__article__paragraph\">Samaan aikaan Assadin kenraalit ja vakoojap\u00e4\u00e4llik\u00f6t juonittelevat nykyhallintoa vastaan ja valmistautuvat aseelliseen vallankumoukseen, sanomalehti <a class=\"aw-iao6s4 iHOxEa yle__article__link\" href=\"https:\/\/www.nytimes.com\/2025\/12\/24\/world\/middleeast\/assad-henchmen-retake-syria-plots.html\" role=\"link\" rel=\"nofollow noopener\" target=\"_blank\">The New York Times<\/a> (NYT) kertoi eilen keskiviikkona.<\/p>\n<p class=\"aw-1gybjub aw-1p7kakr kEtdKx cEmitX yle__article__paragraph\">Osa heist\u00e4kin pakeni vuosi sitten Ven\u00e4j\u00e4lle.<\/p>\n<p>\u201dEmme aloita, ennen kuin armeija on t\u00e4ysin aseistettu\u201d<\/p>\n<p class=\"aw-1gybjub aw-1p7kakr kEtdKx cEmitX yle__article__paragraph\">The New York Times on saanut syyrialaisilta aktivisteilta haltuunsa kymmeni\u00e4 puhelinkeskustelujen litterointeja, tekstiviestej\u00e4 ja chat-viestej\u00e4, joissa suunnitellaan vallankumousta.<\/p>\n<p class=\"aw-1gybjub aw-1p7kakr kEtdKx cEmitX yle__article__paragraph\">Aktivistit hakkeroivat Assadin l\u00e4hipiirin puhelimia ennen vallankumousta ja ovat seuranneet puhelimia siit\u00e4 l\u00e4htien. He esiintyv\u00e4t NYT:n jutussa nimett\u00f6min\u00e4, koska haluavat jatkaa kenraalien seuraamista.<\/p>\n<p><img decoding=\"async\" alt=\"Sotilasasuun pukeutunut Ahmed al-Sharaa puhelimessa.\" src=\"https:\/\/www.europesays.com\/fi\/wp-content\/uploads\/2025\/12\/39-13922756756c4f19b73c.jpeg\" loading=\"lazy\" class=\"aw-1l9m598 hKVVvP\"\/><\/p>\n<p>Avaa kuvien katselu<\/p>\n<p>Kapinallisten johtaja, Syyrian nykyinen presidentti, Ahmed al-\u0160araa tarkasti joukkojensa tilannetta marraskuussa 2025, vain viikko ennen hallinnon romahtamista. Kuva: STELLA Pictures\/ddp\/abaca press<\/p>\n<p class=\"aw-1gybjub aw-1p7kakr kEtdKx cEmitX yle__article__paragraph\">On ep\u00e4selv\u00e4\u00e4, kuinka vakavan uhkan Assadille uskolliset kenraalit muodostavat Syyrian nykyhallinnolle. He haluavat joka tapauksessa vaikutusvaltaa maan sis\u00e4iseen kehitykseen.<\/p>\n<p class=\"aw-1gybjub aw-1p7kakr kEtdKx cEmitX yle__article__paragraph\">\u2013 Emme aloita ennen kuin armeija on t\u00e4ysin aseistettu, entinen armeijan huippukomentaja sanoi puhelinkeskustelussa alaiselleen huhtikuussa.<\/p>\n<p class=\"aw-1gybjub aw-1p7kakr kEtdKx cEmitX yle__article__paragraph\">Syyrian tilanne on edelleen herkk\u00e4 13 vuotta kest\u00e4neen sis\u00e4llissodan j\u00e4lkeen. Sodassa kuoli 600\u00a0000 ihmist\u00e4, ja osa maasta on vain l\u00f6yh\u00e4sti uuden hallinnon alla.<\/p>\n<p class=\"aw-1gybjub aw-1p7kakr kEtdKx cEmitX yle__article__paragraph\">Syyriaa johtaa Al-Qaidan entinen liittolainen ja Yhdysvaltain vankina ollut <strong class=\"aw-ak79eh KyCXm yle__article__strong\">Ahmed al-\u0160araa<\/strong>, jonka tausta \u00e4\u00e4ri-islamistien riveiss\u00e4 pelottaa monia syyrialaisia.<\/p>\n<p>Assadin alaviitit avainasemassa<img decoding=\"async\" alt=\"Useat syyrialaiset alaviitit pakenivat Nahr El Kabir -joen yli Libanoniin 11. maaliskuuta 2025.\" src=\"https:\/\/www.europesays.com\/fi\/wp-content\/uploads\/2025\/12\/39-143622767d4213c458c0.jpeg\" loading=\"lazy\" class=\"aw-1l9m598 hKVVvP\"\/><\/p>\n<p>Avaa kuvien katselu<\/p>\n<p>Syyrialaisia alaviitteja pakeni v\u00e4kivaltaisuuksia Nahr El Kabir -joen yli Libanoniin maaliskuussa.  Kuva: Wael Hamzeh \/ EPA<\/p>\n<p class=\"aw-1gybjub aw-1p7kakr kEtdKx cEmitX yle__article__paragraph\">Assadille uskolliset kenraalit ja vakoojap\u00e4\u00e4llik\u00f6t ovat erityisen kiinnostuneita alaviittien asuttamasta Syyrian rannikosta.<\/p>\n<p class=\"aw-1gybjub aw-1p7kakr kEtdKx cEmitX yle__article__paragraph\">Assad on itse alaviitti, ja \u0161iialaista islamia kannattaneet alaviitit ovat pel\u00e4nneet kostoa Assadin hallinnon kaatumisen j\u00e4lkeen. Valtaosa syyrialaisista on sunneja.<\/p>\n<p class=\"aw-1gybjub aw-1p7kakr kEtdKx cEmitX yle__article__paragraph\">Kaksi NYT:n kenraalien kanssa yhteisty\u00f6t\u00e4 tekev\u00e4\u00e4 virkamiest\u00e4 kertoi, ett\u00e4 he ovat hyviss\u00e4 asemissa ja voivat alkaa rekrytoida alaviittaja riveihins\u00e4.<\/p>\n<p class=\"aw-1gybjub aw-1p7kakr kEtdKx cEmitX yle__article__paragraph\">Aktivistien hakkeroimien viestien mukaan alaviiteill\u00e4 on ainakin 170\u00a0000 sotilasta, joilla on k\u00e4yt\u00f6ss\u00e4\u00e4n konekiv\u00e4\u00e4rej\u00e4, ilmatorjunta-aseistusta ja panssarintorjuntakranaatteja.<\/p>\n","protected":false},"excerpt":{"rendered":"Syyrialaiset aktivistit ovat jakaneet The New York Timesille hakkeroituja puheluja sek\u00e4 teksti- ja chat-viestej\u00e4. Avaa kuvien katselu Syyrialaiset&hellip;\n","protected":false},"author":2,"featured_media":125415,"comment_status":"","ping_status":"","sticky":false,"template":"","format":"standard","meta":{"footnotes":""},"categories":[14],"tags":[22,23,26,27,33,31,30,17,14851,992,24,25,28,29,15,18,21,32,4246,19,20,56,16,10514,59,60,61],"class_list":{"0":"post-125414","1":"post","2":"type-post","3":"status-publish","4":"format-standard","5":"has-post-thumbnail","7":"category-ulkomaat","8":"tag-breaking-news","9":"tag-breakingnews","10":"tag-featured-news","11":"tag-featurednews","12":"tag-fi","13":"tag-finland","14":"tag-finnish","15":"tag-headlines","16":"tag-kenraalit","17":"tag-lahi-ita","18":"tag-latest-news","19":"tag-latestnews","20":"tag-main-news","21":"tag-mainnews","22":"tag-news","23":"tag-otsikot","24":"tag-paauutiset","25":"tag-suomi","26":"tag-syyria","27":"tag-top-stories","28":"tag-topstories","29":"tag-ulkomaat","30":"tag-uutiset","31":"tag-vallankumoukset","32":"tag-world","33":"tag-world-news","34":"tag-worldnews"},"share_on_mastodon":{"url":"https:\/\/pubeurope.com\/@fi\/115779463740489014","error":""},"_links":{"self":[{"href":"https:\/\/www.europesays.com\/fi\/wp-json\/wp\/v2\/posts\/125414","targetHints":{"allow":["GET"]}}],"collection":[{"href":"https:\/\/www.europesays.com\/fi\/wp-json\/wp\/v2\/posts"}],"about":[{"href":"https:\/\/www.europesays.com\/fi\/wp-json\/wp\/v2\/types\/post"}],"author":[{"embeddable":true,"href":"https:\/\/www.europesays.com\/fi\/wp-json\/wp\/v2\/users\/2"}],"replies":[{"embeddable":true,"href":"https:\/\/www.europesays.com\/fi\/wp-json\/wp\/v2\/comments?post=125414"}],"version-history":[{"count":0,"href":"https:\/\/www.europesays.com\/fi\/wp-json\/wp\/v2\/posts\/125414\/revisions"}],"wp:featuredmedia":[{"embeddable":true,"href":"https:\/\/www.europesays.com\/fi\/wp-json\/wp\/v2\/media\/125415"}],"wp:attachment":[{"href":"https:\/\/www.europesays.com\/fi\/wp-json\/wp\/v2\/media?parent=125414"}],"wp:term":[{"taxonomy":"category","embeddable":true,"href":"https:\/\/www.europesays.com\/fi\/wp-json\/wp\/v2\/categories?post=125414"},{"taxonomy":"post_tag","embeddable":true,"href":"https:\/\/www.europesays.com\/fi\/wp-json\/wp\/v2\/tags?post=125414"}],"curies":[{"name":"wp","href":"https:\/\/api.w.org\/{rel}","templated":true}]}}