{"id":125416,"date":"2025-12-25T09:19:17","date_gmt":"2025-12-25T09:19:17","guid":{"rendered":"https:\/\/www.europesays.com\/fi\/125416\/"},"modified":"2025-12-25T09:19:17","modified_gmt":"2025-12-25T09:19:17","slug":"seurasimme-nicon-ja-samin-iltaa-redin-kauppakeskuksessa-saattavat-tarjota-nuorelle-lounaan-paikalliset","status":"publish","type":"post","link":"https:\/\/www.europesays.com\/fi\/125416\/","title":{"rendered":"Seurasimme Nicon ja Samin iltaa Redin kauppakeskuksessa \u2013 saattavat tarjota nuorelle lounaan | Paikalliset"},"content":{"rendered":"<p>Lauantai-iltana kaksi Helsingin kaupungin jalkautuvaa nuorisoty\u00f6ntekij\u00e4\u00e4, <strong>Nico Ojanper\u00e4 <\/strong>ja <strong>Sami Hyv\u00f6nen,<\/strong> saapuu kauppakeskus Rediin.<\/p>\n<p>\t\t\t\t\t<img class=\"diks-card__image\" src=\"https:\/\/www.europesays.com\/fi\/wp-content\/uploads\/2025\/12\/11160542.jpg\"   loading=\"lazy\" decoding=\"sync\" alt=\"\"\/><\/p>\n<p>Parivaljakon tunnistaa ty\u00f6takeista, joissa on Helsingin kaupungin logo. N\u00e4m\u00e4 rennonoloiset veijarit eiv\u00e4t n\u00e4yt\u00e4 kaupungin byrokraateilta, mik\u00e4 lis\u00e4\u00e4 heid\u00e4n katu-uskottavuuttaan ep\u00e4luuloisesti virkavaltaan suhtautuvien nuorten silmiss\u00e4.<\/p>\n<p>Helsingin Uutiset on p\u00e4\u00e4ssyt seuraamaan Ojanper\u00e4n ja Hyv\u00f6sen ty\u00f6iltaa Redist\u00e4 It\u00e4keskukseen. Redi on yksi tarkastuspiste: sit\u00e4 ennen he ovat partioineet Malmilla ja kauppakeskus Triplassa.<\/p>\n<p>\t\t<a class=\"diks-gallery__link\" href=\"https:\/\/i.media.fi\/incoming\/8ww257\/11211614.jpg\/alternates\/FREE_1440\/11211614.jpg\" data-thumbnail=\"\" data-sub-html=\"Nuorisoty\u00f6ntekij\u00f6iden repussa on pieni\u00e4 lahjuksia, juomaa, purkkaa ja kondomeja. Ismo Vornanen\" aria-label=\"Katso isompi kuva\" rel=\"nofollow noopener\" target=\"_blank\"><br \/>\n\t\t\t\t<img class=\"diks-figure__image\" src=\"https:\/\/www.europesays.com\/fi\/wp-content\/uploads\/2025\/12\/11211614.jpg\" loading=\"lazy\" decoding=\"sync\" alt=\"\"\/><\/p>\n<p>\t\t\t<\/a><br \/>\n\t\t\t\t\tNuorisoty\u00f6ntekij\u00f6iden repussa on pieni\u00e4 lahjuksia, juomaa, purkkaa ja kondomeja. Ismo Vornanen<\/p>\n<p><strong class=\"diks-storyline__impact\">Miehill\u00e4 on <\/strong>muhkeat reput sel\u00e4ss\u00e4 kuin vaelluksella.<\/p>\n<p>Repuissa on nuoria varten ensiapuv\u00e4lineit\u00e4, ev\u00e4st\u00e4 verensokerin nostamiseen, purkkaa, juomaa, mukeja, kondomeja ja muita \u201dpikkulahjuksia\u201d. Mukana kulkee my\u00f6s l\u00e4pp\u00e4ri, jos kierroksella tarvitaan liikkuvan toimiston et\u00e4palveluita.<\/p>\n<p>Nuorten paimentaminen on taitavaa ihmissuhdepeli\u00e4. Luottamusta voi rakentaa vatsan t\u00e4ytteell\u00e4. Joskus Ojanper\u00e4 ja Hyv\u00f6nen tarjoavat nuorelle lounaan, jos he arvioivat, ett\u00e4 sapuska parantaa sosiaality\u00f6n tuloksia.<\/p>\n<p>\t\t<a class=\"diks-gallery__link\" href=\"https:\/\/i.media.fi\/incoming\/phihgc\/11211613.jpg\/alternates\/FREE_1440\/11211613.jpg\" data-thumbnail=\"\" data-sub-html=\"Ty\u00f6takin k\u00e4sivarren merkeist\u00e4 tunnistaa Helsingin kaupungin jalkautuvan nuorisoty\u00f6ntekij\u00e4n.  Ismo Vornanen\" aria-label=\"Katso isompi kuva\" rel=\"nofollow noopener\" target=\"_blank\"><br \/>\n\t\t\t\t<img class=\"diks-figure__image\" src=\"https:\/\/www.europesays.com\/fi\/wp-content\/uploads\/2025\/12\/11211613.jpg\" loading=\"lazy\" decoding=\"sync\" alt=\"\"\/><\/p>\n<p>\t\t\t<\/a><br \/>\n\t\t\t\t\tTy\u00f6takin k\u00e4sivarren merkeist\u00e4 tunnistaa Helsingin kaupungin jalkautuvan nuorisoty\u00f6ntekij\u00e4n.  Ismo Vornanen<\/p>\n<p><strong class=\"diks-storyline__impact\">Jalkautuvat <\/strong>nuorisoty\u00f6ntekij\u00e4t ovat virallisessa ty\u00f6suhteessa, mutta heid\u00e4n ty\u00f6tapansa ovat puolivirallista ja ep\u00e4muodollista. He liikkuvat siell\u00e4, miss\u00e4 nuorisojoukot saattavat tehd\u00e4 joukolla tyhmyyksi\u00e4. Talvisin kauppakeskukset ovat nuorisotalojen korvikkeita.<\/p>\n<p><strong class=\"diks-storyline__impact\">Ojanper\u00e4n ja Hyv\u00f6sen<\/strong> ty\u00f6 on ilta- ja y\u00f6ty\u00f6t\u00e4. Illalla ja y\u00f6ll\u00e4 teinit ovat virkeimmill\u00e4\u00e4n. Nuoret alkavat viesti\u00e4 somekanavissa tapaamispaikoistaan vasta kello 18 j\u00e4lkeen, jolloin riski t\u00f6rm\u00e4t\u00e4 vanhempiin on pienimmill\u00e4\u00e4n.<\/p>\n<p><strong class=\"diks-storyline__impact\">Miesten katse<\/strong> kiert\u00e4\u00e4 Redin k\u00e4yt\u00e4vill\u00e4 ja auloissa, nuorten hot spot -paikoissa.<\/p>\n<p>Kaksikolla on vartijoista, nuorisoty\u00f6n ammattilaisista ja kauppakeskusten j\u00e4rjestyksenvalvojista koostuva p\u00e4\u00e4kaupunkiseudun Whatsapp-ryhm\u00e4. Puhelin kilahtaa, kun selvi\u00e4\u00e4, miss\u00e4 kauppakeskuksessa nuorisomassoja kulloinkin on.<\/p>\n<p>\t\t<a class=\"diks-gallery__link\" href=\"https:\/\/i.media.fi\/incoming\/pke4rp\/11211615.jpg\/alternates\/FREE_1440\/11211615.jpg\" data-thumbnail=\"\" data-sub-html=\"It\u00e4keskuksessa tietoja vaihdetaan nuorisoty\u00f6h\u00f6n erikoistuneiden poliisien kanssa. Ismo Vornanen\" aria-label=\"Katso isompi kuva\" rel=\"nofollow noopener\" target=\"_blank\"><br \/>\n\t\t\t\t<img class=\"diks-figure__image\" src=\"https:\/\/www.europesays.com\/fi\/wp-content\/uploads\/2025\/12\/11211615.jpg\" loading=\"lazy\" decoding=\"sync\" alt=\"\"\/><\/p>\n<p>\t\t\t<\/a><br \/>\n\t\t\t\t\tIt\u00e4keskuksessa tietoja vaihdetaan nuorisoty\u00f6h\u00f6n erikoistuneiden poliisien kanssa. Ismo Vornanen<\/p>\n<p>Hyv\u00f6nen kirjoittaa viestin: \u201dRediss\u00e4 ei suuria nuorisojoukkoja, n\u00e4ytt\u00e4\u00e4 olevan t\u00e4n\u00e4 iltana l\u00e4pikulkupaikka.\u201d Isot jengit tuovat turvaa erityisesti samoista kulttuuritaustoista tuleville nuorille.<\/p>\n<p>\u2013 Nuoret viestittelev\u00e4t toisilleen Snapchatissa, miss\u00e4 aikovat kokoontua. Kyll\u00e4 nuorilla on oikeus olla kauppakeskuksissa kuten muillakin ik\u00e4ryhmill\u00e4, mutta heid\u00e4n on ymm\u00e4rrett\u00e4v\u00e4 pelis\u00e4\u00e4nn\u00f6t. Aikuisten sietokyky\u00e4 ei kannata tahallaan testata, sanoo Hyv\u00f6nen.<\/p>\n<p><strong class=\"diks-storyline__impact\">Redin aulassa<\/strong> istuu muun muassa kymmenkunta alle 18-vuotiasta nuorta. He v\u00e4itt\u00e4v\u00e4t olevansa kauppakeskuksissa olosuhteiden pakosta.<\/p>\n<p>\u2013 Emme istuisi t\u00e4\u00e4ll\u00e4, jos voisimme urheilla, pelata tai harrastaa esimerkiksi nyrkkeily\u00e4 tai muita kamppailulajeja maksutta. Ei t\u00e4m\u00e4 istuskelu kauppakeskuksissa ole aina niin mukavaa, sanoo joukon puhetorveksi valittu nuori mies.<\/p>\n<p>\t\t\t\t\t<img class=\"diks-card__image\" src=\"https:\/\/www.europesays.com\/fi\/wp-content\/uploads\/2025\/12\/11207566.jpg\"   loading=\"lazy\" decoding=\"sync\" alt=\"\"\/><\/p>\n<p><strong class=\"diks-storyline__impact\">Matkaa<\/strong> jatketaan Redist\u00e4 It\u00e4keskukseen. Ensin Hyv\u00f6nen ja Ojanper\u00e4 k\u00e4yv\u00e4t moikkaamassa poliiseja. Ensin kysyt\u00e4\u00e4n kuulumiset. Kun l\u00e4p\u00e4t on vaihdettu, moniammatillinen joukko arvioi tilannekuvaa ja illan kierroksen etenemist\u00e4.<\/p>\n<p>Nuorisopoliisit vaikuttavat turhankin mukavilta ollakseen pelotteita ja voimank\u00e4ytt\u00f6\u00e4kin tarvittaessa edustavia virkavallan edustajia.<\/p>\n<p>Pit\u00e4isik\u00f6 poliisin pysy\u00e4 et\u00e4isemp\u00e4n\u00e4 nuorille? S\u00e4ilyyk\u00f6 kunnioitus?<\/p>\n<p>\u2013 Nuorten kanssa toimiessa pit\u00e4\u00e4 olla joustava ja ymm\u00e4rt\u00e4v\u00e4inen, mutta riskin\u00e4 liian l\u00e4heisiss\u00e4 v\u00e4leiss\u00e4 on se, ett\u00e4 poliisilta katoaa auktoriteetti. Pelk\u00e4n poliisin l\u00e4sn\u00e4olon pit\u00e4isi vaikuttaa k\u00e4yt\u00f6kseen, pohtii toinen poliiseista.<\/p>\n<p>Helsingin Uutiset kertoi 17. joulukuuta ett\u00e4 Triplassa on ollut aiemmin isoja nuorisoporukoita, mutta he ovat siirtyneet nyt muualle. Nuoria varten kauppakeskukseen on palkattu oma j\u00e4rjestyksenvalvoja.<\/p>\n<p><strong class=\"diks-storyline__impact\">Alkuillasta vallitsee<\/strong> viel\u00e4 rauhallinen joulunalustunnelma. Parilla miehenalulla on mehupurkkeja. Hyv\u00f6nen ja Ojanper\u00e4 huomaavat, ett\u00e4 niihin on sekoitettu p\u00e4ihdytt\u00e4vi\u00e4 aineita. Miehet p\u00e4\u00e4tt\u00e4v\u00e4t, ett\u00e4 It\u00e4keskukseen on teht\u00e4v\u00e4 my\u00f6hemmin toinen kierros.<\/p>\n<p>Taitavalla ty\u00f6parilla on pelisilm\u00e4\u00e4. Jos leikill\u00e4\u00e4n aloitettu nuorten varjonyrkkeily tai karatepotkut uhkaavat ylty\u00e4 oikeaksi nokkapokaksi, he kutsuvat tarvittaessa tuekseen vartijoita tai poliiseja.<\/p>\n<p>Nuoren luottamus ansaitaan huumorilla ja notkealla tilannetajulla.<\/p>\n<p>\u2013 Joskus saa kuulla, ett\u00e4 kaikki sossut ovat paskoja tai meille n\u00e4ytet\u00e4\u00e4n keskisormea. Meill\u00e4 on paksu nahka. Joudumme harvoin nuorten kanssa kahnauksiin. Silloin olemme onnistuneet, kun tutut nuoret v\u00e4litt\u00e4v\u00e4t eteenp\u00e4in viesti\u00e4, ett\u00e4 \u201dnuo sossut ovat hyvi\u00e4 j\u00e4tki\u00e4\u201d.<\/p>\n<p><strong class=\"diks-storyline__impact\">Kierros on<\/strong> vasta alussa. Hyv\u00f6nen ja Ojanper\u00e4 kertovat, ett\u00e4 jokaisessa ty\u00f6vuorossa kertyy 10\u2009000\u201320\u2009000 askelta. Alalle n\u00e4ytt\u00e4\u00e4 valikoituneen ihmisi\u00e4, jotka eiv\u00e4t viihdy puuduttavassa toimistoarjessa \u2013 huonokuntoisten ei kannata vaivautua.<\/p>\n<p>\u2013Ty\u00f6viikossa meill\u00e4 on yksi aamup\u00e4iv\u00e4, jolloin istumme kokouksissa. Me olemme reppureissaajia. Meille olisi rangaistus lusia viisip\u00e4iv\u00e4ist\u00e4 toimistoviikkoa, miehet virnuilevat.<\/p>\n<p>\t\t\t\t\t<img class=\"diks-card__image\" src=\"https:\/\/www.europesays.com\/fi\/wp-content\/uploads\/2025\/12\/11123095.jpg\"   loading=\"lazy\" decoding=\"sync\" alt=\"\"\/><\/p>\n<p><strong class=\"diks-storyline__impact\">Helsingin nuorisoty\u00f6n<\/strong> aluep\u00e4\u00e4llikk\u00f6 <strong>Tiina H\u00f6rkk\u00f6<\/strong> ei ole vieraantunut kentt\u00e4ty\u00f6st\u00e4. H\u00e4n on itsekin liikkunut jalkautuvien nuorisoty\u00f6ntekij\u00f6iden kierroksilla.<\/p>\n<p>H\u00f6rk\u00f6n mukaan jalkautuvat nuorisoty\u00f6ntekij\u00e4t l\u00e4hestyv\u00e4t nuoria kunnioituksella, kuin menisiv\u00e4t kyl\u00e4\u00e4n.<\/p>\n<p>\u2013 Ensin kulutamme vain naamaa. Kun ty\u00f6ntekij\u00e4n ulkon\u00e4k\u00f6 on nuorelle tuttu, h\u00e4n voi moikata et\u00e4\u00e4lt\u00e4. Vasta my\u00f6hemmin kysyt\u00e4\u00e4n, mit\u00e4 kuuluu. Lopulta nuori voi itse tehd\u00e4 aloitteen ja kertoa ongelmistaan. Kauppakeskus voi olla tila, jossa nuori itsen\u00e4istyy ja irtaantuu vanhempiensa holhouksesta, h\u00e4n pohtii.<\/p>\n<p>Nuorten pariin jalkautuvia ty\u00f6ntekij\u00f6it\u00e4 on kaupungin palkkalistoilla parikymment\u00e4, ja he liikkuvat aina pareittain tai tiimeiss\u00e4.<\/p>\n<p>\u2013 Monikulttuurisessa Helsingiss\u00e4 ty\u00f6 edellytt\u00e4\u00e4 kielitaitoa ja kulttuurien tuntemusta. Ty\u00f6ntekij\u00f6iss\u00e4mme on kaikkia sukupuolia, kaikenik\u00e4isi\u00e4 ja -taustaisia ihmisi\u00e4. He liikkuvat julkisilla kulkuv\u00e4lineill\u00e4 ja kohtaavat nuoria t\u00e4rkeilem\u00e4tt\u00e4, viritt\u00e4ytym\u00e4ll\u00e4 herk\u00e4n nuoren nahkaan.<\/p>\n<p>\t\t\t\tJalkautuva nuorisoty\u00f6 Helsingiss\u00e4<\/p>\n<p>Helsingiss\u00e4 etsiv\u00e4 nuorisoty\u00f6 on tarkoitettu 16\u201328-vuotiaille nuorille, jotka eiv\u00e4t ole ty\u00f6ss\u00e4 eiv\u00e4tk\u00e4 opiskelemassa tai jotka kaipaavat muutosta el\u00e4m\u00e4\u00e4ns\u00e4.<\/p>\n<p>Kaikki kohtaamiset ovat luottamuksellisia.<\/p>\n<p>Nuoria autetaan l\u00f6yt\u00e4m\u00e4\u00e4n palveluita, koulutus- tai ty\u00f6mahdollisuuksia ja tukea el\u00e4m\u00e4nhallintaan. Tapaamiset voidaan sopia my\u00f6s nuorten valitsemissa ymp\u00e4rist\u00f6iss\u00e4 tai et\u00e4yhteyksin.<\/p>\n","protected":false},"excerpt":{"rendered":"Lauantai-iltana kaksi Helsingin kaupungin jalkautuvaa nuorisoty\u00f6ntekij\u00e4\u00e4, Nico Ojanper\u00e4 ja Sami Hyv\u00f6nen, saapuu kauppakeskus Rediin. Parivaljakon tunnistaa ty\u00f6takeista, joissa&hellip;\n","protected":false},"author":2,"featured_media":125417,"comment_status":"","ping_status":"","sticky":false,"template":"","format":"standard","meta":{"footnotes":""},"categories":[12],"tags":[22,23,26,27,33,31,30,17,24,25,28,29,15,18,21,32,19,20,16],"class_list":{"0":"post-125416","1":"post","2":"type-post","3":"status-publish","4":"format-standard","5":"has-post-thumbnail","7":"category-suomi","8":"tag-breaking-news","9":"tag-breakingnews","10":"tag-featured-news","11":"tag-featurednews","12":"tag-fi","13":"tag-finland","14":"tag-finnish","15":"tag-headlines","16":"tag-latest-news","17":"tag-latestnews","18":"tag-main-news","19":"tag-mainnews","20":"tag-news","21":"tag-otsikot","22":"tag-paauutiset","23":"tag-suomi","24":"tag-top-stories","25":"tag-topstories","26":"tag-uutiset"},"share_on_mastodon":{"url":"https:\/\/pubeurope.com\/@fi\/115779467825104916","error":""},"_links":{"self":[{"href":"https:\/\/www.europesays.com\/fi\/wp-json\/wp\/v2\/posts\/125416","targetHints":{"allow":["GET"]}}],"collection":[{"href":"https:\/\/www.europesays.com\/fi\/wp-json\/wp\/v2\/posts"}],"about":[{"href":"https:\/\/www.europesays.com\/fi\/wp-json\/wp\/v2\/types\/post"}],"author":[{"embeddable":true,"href":"https:\/\/www.europesays.com\/fi\/wp-json\/wp\/v2\/users\/2"}],"replies":[{"embeddable":true,"href":"https:\/\/www.europesays.com\/fi\/wp-json\/wp\/v2\/comments?post=125416"}],"version-history":[{"count":0,"href":"https:\/\/www.europesays.com\/fi\/wp-json\/wp\/v2\/posts\/125416\/revisions"}],"wp:featuredmedia":[{"embeddable":true,"href":"https:\/\/www.europesays.com\/fi\/wp-json\/wp\/v2\/media\/125417"}],"wp:attachment":[{"href":"https:\/\/www.europesays.com\/fi\/wp-json\/wp\/v2\/media?parent=125416"}],"wp:term":[{"taxonomy":"category","embeddable":true,"href":"https:\/\/www.europesays.com\/fi\/wp-json\/wp\/v2\/categories?post=125416"},{"taxonomy":"post_tag","embeddable":true,"href":"https:\/\/www.europesays.com\/fi\/wp-json\/wp\/v2\/tags?post=125416"}],"curies":[{"name":"wp","href":"https:\/\/api.w.org\/{rel}","templated":true}]}}