{"id":125418,"date":"2025-12-25T09:20:26","date_gmt":"2025-12-25T09:20:26","guid":{"rendered":"https:\/\/www.europesays.com\/fi\/125418\/"},"modified":"2025-12-25T09:20:26","modified_gmt":"2025-12-25T09:20:26","slug":"bloombergin-lahde-venaja-haluaa-isoja-muutoksia-rauhansuunnitelmaan","status":"publish","type":"post","link":"https:\/\/www.europesays.com\/fi\/125418\/","title":{"rendered":"Bloombergin l\u00e4hde: Ven\u00e4j\u00e4 haluaa isoja muutoksia rauhansuunnitelmaan"},"content":{"rendered":"<p>Ukrainan kohtalo|Presidentti Volodymyr Zelenskyi julkisti 20-kohtaisen rauhansuunnitelman jouluaattona.<\/p>\n<p>Lue tiivistelm\u00e4<\/p>\n<p class=\"article-body mb-nof-24 px-nof-16 sndp-summary-bullet-point-font\">Ven\u00e4j\u00e4 haluaa muutoksia Ukrainan presidentti Ukrainan ja Yhdysvaltojen hahmottelemaan rauhansuunnitelmaan, kertoo Kremli\u00e4 l\u00e4hell\u00e4 oleva l\u00e4hde Bloombergille.<\/p>\n<p class=\"article-body mb-nof-24 px-nof-16 sndp-summary-bullet-point-font\">Ven\u00e4j\u00e4 vaatii takeita siit\u00e4, ettei Nato laajenisi enemp\u00e4\u00e4 it\u00e4\u00e4n, ja haluaa varmistaa Ukrainan aseman neutraalina valtiona.<\/p>\n<p class=\"article-body mb-nof-24 px-nof-16 sndp-summary-bullet-point-font\">Ven\u00e4j\u00e4 ei my\u00f6sk\u00e4\u00e4n ole tyytyv\u00e4inen suunnitelman ehdotuksiin Ukrainan armeijan koosta ja ven\u00e4j\u00e4n kielen asemasta.<\/p>\n<p class=\"article-body mb-nof-24 px-nof-16 sndp-summary-bullet-point-font\">Lis\u00e4ksi Ven\u00e4j\u00e4 haluaa selkeytt\u00e4 j\u00e4\u00e4dytettyjen varojen ja sille asetettujen pakotteiden osalta.<\/p>\n<p class=\"article-body mb-nof-24 px-nof-16\">Ven\u00e4j\u00e4 haluaa useita muutoksia Ukrainan sodan lopettamiseen pyrkiv\u00e4\u00e4n rauhansuunnitelmaan, <a class=\"underline underline-offset-[0.12em] [text-decoration-thickness:var(--generic-link-underline-thickness)] [text-decoration-color:var(--generic-link-underline-color)] [text-decoration-skip-ink:var(--generic-link-underline-skip-ink)] break-words\" href=\"https:\/\/www.bloomberg.com\/news\/articles\/2025-12-24\/russia-to-demand-changes-to-us-peace-plan-seen-as-starting-point?srnd=homepage-europe\" rel=\"nofollow noopener\" target=\"_blank\">sanoo Kremli\u00e4 l\u00e4hell\u00e4 oleva<\/a> l\u00e4hde yhdysvaltalaiselle Bloombergille.<\/p>\n<p class=\"article-body mb-nof-24 px-nof-16\">Ukrainan presidentti <a class=\"article-personlink\" href=\"https:\/\/www.hs.fi\/haku\/?query=Volodymyr%20Zelenskyi\" rel=\"nofollow noopener\" target=\"_blank\">Volodymyr Zelenskyi<\/a> <a class=\"underline underline-offset-[0.12em] [text-decoration-thickness:var(--generic-link-underline-thickness)] [text-decoration-color:var(--generic-link-underline-color)] [text-decoration-skip-ink:var(--generic-link-underline-skip-ink)] break-words\" href=\"https:\/\/www.hs.fi\/maailma\/art-2000011714017.html\" rel=\"nofollow noopener\" target=\"_blank\">julkisti <\/a>jouluaattona 20-kohtaisen version Yhdysvaltojen ja Ukrainan muokkaamasta rauhansuunnitelman luonnoksesta, jonka parissa maat ovat ty\u00f6skennelleet talven aikana.<\/p>\n<p class=\"article-body mb-nof-24 px-nof-16\">Bloombergin l\u00e4hteen mukaan Ven\u00e4j\u00e4 erityisesti haluaisi takeet siit\u00e4, ettei puolustusliitto Nato laajenisi enemp\u00e4\u00e4 it\u00e4\u00e4n. Ukrainan ja Yhdysvaltojen suunnitelmassa Ukrainan Nato-j\u00e4senyys j\u00e4tet\u00e4\u00e4n avoimeksi.<\/p>\n<p class=\"article-body mb-nof-24 px-nof-16\">Lis\u00e4ksi Ven\u00e4j\u00e4 haluaisi varmistua Ukrainan asemasta \u201dneutraalina valtiona\u201d, mik\u00e4li se liittyy Euroopan unioniin. Suunnitelman yksi kohdista pit\u00e4\u00e4 sis\u00e4ll\u00e4\u00e4n Ukrainan liittymisen unioniin.<\/p>\n<p class=\"article-body mb-nof-24 px-nof-16\">Kremliss\u00e4 ei olla l\u00e4hteen mukaan my\u00f6sk\u00e4\u00e4n tyytyv\u00e4isi\u00e4 siihen, millaisia rajoituksia suunnitelmassa ehdotetaan Ukrainan armeijan sodanj\u00e4lkeiseen kokoon tai asevarusteluun. Suunnitelma ei takaa Kremlin mielest\u00e4 riitt\u00e4v\u00e4n selke\u00e4sti ven\u00e4j\u00e4n kielen asemaa Ukrainassa.<\/p>\n<p class=\"article-body mb-nof-24 px-nof-16\">Lis\u00e4ksi Ven\u00e4j\u00e4 toivoo suunnitelmaan selkeytt\u00e4 sen l\u00e4nness\u00e4 j\u00e4\u00e4dytettyjen varojen ja l\u00e4nnen asettamien pakotteiden osalta.<\/p>\n<p class=\"article-body mb-nof-24 px-nof-16\">L\u00e4hteen mukaan ehdotus rauhansuunnitelmasta miellet\u00e4\u00e4n Moskovassa pikemminkin alkupisteen\u00e4 tuleville neuvotteluille.<\/p>\n<p class=\"article-body mb-nof-24 px-nof-16\">Rauhansuunnitelmassa yksi vaikeimmista kysymyksist\u00e4 liittyy alueluovutuksiin, joista Ukraina ja Ven\u00e4j\u00e4 eiv\u00e4t ole lainkaan samalla aaltopituudella.<\/p>\n<p class=\"article-body mb-nof-24 px-nof-16\">Moskova on koko ajan pit\u00e4nyt kiinni vaateestaan saada koko Donetsk ja Luhansk itselleen. Lis\u00e4ksi se vaatii itselleen Hersonin ja Zapori\u017e\u017ejan alueita. N\u00e4ihin Ukraina ei kuitenkaan ole suostumassa rauhansuunnitelman mukaan.<\/p>\n<p class=\"article-body mb-nof-24 px-nof-16\">Kiovan ehdotus on, ett\u00e4 taistelut lopetettaisiin nykyisille rintamalinjoille. Moskova taas on halunnut Kiovan vet\u00e4v\u00e4n joukkonsa pois koko it\u00e4iselt\u00e4 Donetskin alueelta, josta noin nelj\u00e4nnes on edelleen Ukrainan hallinnassa.<\/p>\n<p class=\"article-body mb-nof-24 px-nof-16\">T\u00e4h\u00e4n kompromissina Ukrainan ja Yhdysvaltojen 20 kohdan paperi tarjoaa demilitarisoituja vy\u00f6hykkeit\u00e4 tai erityistalousalueita Donetskiin.<\/p>\n<p class=\"article-body mb-nof-24 px-nof-16\">Suunnitelma on ollut Moskovassa arvioitavana ja presidentti <a class=\"article-personlink\" href=\"https:\/\/www.hs.fi\/haku\/?query=Vladimir%20Putin\" rel=\"nofollow noopener\" target=\"_blank\">Vladimir Putin<\/a> on n\u00e4hnyt sen, mutta Ven\u00e4j\u00e4 ei ole viel\u00e4 virallisesti kommentoinut sit\u00e4. Kreml kertoi keskiviikkona muotoilevansa vastauksensa ja jatkavansa yhteydenpitoa \u201daivan l\u00e4hitulevaisuudessa\u201d.<\/p>\n","protected":false},"excerpt":{"rendered":"Ukrainan kohtalo|Presidentti Volodymyr Zelenskyi julkisti 20-kohtaisen rauhansuunnitelman jouluaattona. Lue tiivistelm\u00e4 Ven\u00e4j\u00e4 haluaa muutoksia Ukrainan presidentti Ukrainan ja Yhdysvaltojen&hellip;\n","protected":false},"author":2,"featured_media":125419,"comment_status":"","ping_status":"","sticky":false,"template":"","format":"standard","meta":{"footnotes":""},"categories":[5],"tags":[22,23,26,27,33,31,30,17,46,24,25,28,29,15,18,21,32,19,20,16],"class_list":{"0":"post-125418","1":"post","2":"type-post","3":"status-publish","4":"format-standard","5":"has-post-thumbnail","7":"category-otsikot","8":"tag-breaking-news","9":"tag-breakingnews","10":"tag-featured-news","11":"tag-featurednews","12":"tag-fi","13":"tag-finland","14":"tag-finnish","15":"tag-headlines","16":"tag-helsingin-sanomat","17":"tag-latest-news","18":"tag-latestnews","19":"tag-main-news","20":"tag-mainnews","21":"tag-news","22":"tag-otsikot","23":"tag-paauutiset","24":"tag-suomi","25":"tag-top-stories","26":"tag-topstories","27":"tag-uutiset"},"share_on_mastodon":{"url":"https:\/\/pubeurope.com\/@fi\/115779470830025595","error":""},"_links":{"self":[{"href":"https:\/\/www.europesays.com\/fi\/wp-json\/wp\/v2\/posts\/125418","targetHints":{"allow":["GET"]}}],"collection":[{"href":"https:\/\/www.europesays.com\/fi\/wp-json\/wp\/v2\/posts"}],"about":[{"href":"https:\/\/www.europesays.com\/fi\/wp-json\/wp\/v2\/types\/post"}],"author":[{"embeddable":true,"href":"https:\/\/www.europesays.com\/fi\/wp-json\/wp\/v2\/users\/2"}],"replies":[{"embeddable":true,"href":"https:\/\/www.europesays.com\/fi\/wp-json\/wp\/v2\/comments?post=125418"}],"version-history":[{"count":0,"href":"https:\/\/www.europesays.com\/fi\/wp-json\/wp\/v2\/posts\/125418\/revisions"}],"wp:featuredmedia":[{"embeddable":true,"href":"https:\/\/www.europesays.com\/fi\/wp-json\/wp\/v2\/media\/125419"}],"wp:attachment":[{"href":"https:\/\/www.europesays.com\/fi\/wp-json\/wp\/v2\/media?parent=125418"}],"wp:term":[{"taxonomy":"category","embeddable":true,"href":"https:\/\/www.europesays.com\/fi\/wp-json\/wp\/v2\/categories?post=125418"},{"taxonomy":"post_tag","embeddable":true,"href":"https:\/\/www.europesays.com\/fi\/wp-json\/wp\/v2\/tags?post=125418"}],"curies":[{"name":"wp","href":"https:\/\/api.w.org\/{rel}","templated":true}]}}