{"id":125420,"date":"2025-12-25T09:33:09","date_gmt":"2025-12-25T09:33:09","guid":{"rendered":"https:\/\/www.europesays.com\/fi\/125420\/"},"modified":"2025-12-25T09:33:09","modified_gmt":"2025-12-25T09:33:09","slug":"tama-on-kaikkein-pahin-asia","status":"publish","type":"post","link":"https:\/\/www.europesays.com\/fi\/125420\/","title":{"rendered":"\u201dT\u00e4m\u00e4 on kaikkein pahin asia\u201d"},"content":{"rendered":"<p>Erja H\u00e4kkinen kertoi julkisuudessa muistisairausdiagnoosistaan ja sai kirjevy\u00f6ryn. Nyt h\u00e4n paljastaa, mist\u00e4 kirjeiss\u00e4 puhuttiin. Erja H\u00e4kkiselle vuosi 2025 on ollut todellinen muutosten vuosi. <\/p>\n<p class=\"paragraph\">Monacossa pitk\u00e4\u00e4n asunut <strong>Erja H\u00e4kkinen<\/strong>, 63, oli noin vuosi sitten suuren el\u00e4m\u00e4nmuutoksen kynnyksell\u00e4. Lapset <strong>Hugo<\/strong> ja <strong>Aina<\/strong> olivat muuttaneet omilleen ja suuren talon yll\u00e4pit\u00e4minen vain itse\u00e4 varten tuntui H\u00e4kkisest\u00e4 j\u00e4rjett\u00f6m\u00e4lt\u00e4. Kun p\u00e4\u00e4t\u00f6s muutosta Helsinkiin miesyst\u00e4v\u00e4n kanssa oli kypsynyt ja talo menossa myyntiin, H\u00e4kkinen alkoi k\u00e4yd\u00e4 l\u00e4pi vuosien aikana kertynytt\u00e4 irtaimistoa.<\/p>\n<p class=\"paragraph\">Tavaroita ja niiden esiin tuomia muistoja k\u00e4sitelless\u00e4 H\u00e4kkisest\u00e4 tuntui jonkin olevan selitt\u00e4m\u00e4tt\u00f6m\u00e4ll\u00e4 tavalla vinossa. Olo ei tuntunut tutulta ja tavarat olivat jatkuvasti hukassa. Kesken touhun unohtui, mit\u00e4 oli tarkoitus tehd\u00e4. H\u00e4kkinen otti yhteytt\u00e4 tuttuun l\u00e4\u00e4k\u00e4riin, joka oli hoitanut perhett\u00e4 jo vuosia.<\/p>\n<p class=\"paragraph\">\u2013 L\u00e4\u00e4k\u00e4ri laittoi minut kokeisiin ja sanoi, ett\u00e4 ei ole viel\u00e4 mit\u00e4\u00e4n h\u00e4lytt\u00e4v\u00e4\u00e4, mutta selv\u00e4t muistisairauden oireet ovat havaittavissa, H\u00e4kkinen sanoo.<\/p>\n<p class=\"paragraph\">H\u00e4n itse oli ajatellut, ett\u00e4 kyse on vain stressist\u00e4 rankassa el\u00e4m\u00e4ntilanteessa.<\/p>\n<p class=\"paragraph\">\u2013 L\u00e4\u00e4k\u00e4rini sanoi, ett\u00e4 se saattoi olla l\u00e4ht\u00f6laukaus. Muistisairaus on ovela veikko, jota ei heti tunnista. Voi ajatella, ett\u00e4 olenpas t\u00e4n\u00e4\u00e4n v\u00e4synyt kun en muista jotain. Kun pienet asiat ker\u00e4\u00e4 kasaan, niin huomaa, ett\u00e4 aika monella on samat oireet. Siksi muistisairauksien tunnettavuutta pit\u00e4isi lis\u00e4t\u00e4, H\u00e4kkinen tuumii.<\/p>\n<p>Kirjeiden vy\u00f6ry<\/p>\n<p class=\"paragraph\">Pian diagnoosin saatuaan H\u00e4kkinen p\u00e4\u00e4ttikin kertoa asiasta avoimesti my\u00f6s julkisuudessa. Sen j\u00e4lkeen tapahtui jotain odottamatonta.<\/p>\n<p class=\"paragraph\">H\u00e4n alkoi saada kirjeit\u00e4 suomalaisilta, joita asia kosketti henkil\u00f6kohtaisesti. H\u00e4n ei tied\u00e4, miten kirjeet edes l\u00f6ysiv\u00e4t perille t\u00e4ysin vajavaisin osoitetiedoin. Niit\u00e4 tuli runsaasti.<\/p>\n<p class=\"paragraph\">\u2013 Moni kirjoitti, ett\u00e4 on mahtavaa, ett\u00e4 puhun t\u00e4st\u00e4 avoimesti. He eiv\u00e4t olleet uskaltaneet puhua kenellek\u00e4\u00e4n. Minulla oli tippa silm\u00e4ss\u00e4, kun ajattelin yksin\u00e4isi\u00e4 ihmisi\u00e4, jotka eiv\u00e4t uskalla hakeutua avun piiriin, H\u00e4kkinen kertoo.<\/p>\n<p><img decoding=\"async\" class=\"image image-show image-preview\" src=\"https:\/\/www.europesays.com\/fi\/wp-content\/uploads\/2025\/12\/938750f97188b1e2bc87d06030853ad33024d265ed3c54ccb656241a72120327.jpg\" alt=\"\"\/><img decoding=\"async\" class=\"image image-show\" src=\"https:\/\/www.europesays.com\/fi\/wp-content\/uploads\/2025\/12\/1766655189_847_938750f97188b1e2bc87d06030853ad33024d265ed3c54ccb656241a72120327.jpg\" alt=\"\"\/><\/p>\n<p>Erja H\u00e4kkist\u00e4 h\u00e4nen saamansa lukuisat yhteydenotot liikuttivat. Moni kertoi yksin\u00e4isyydest\u00e4. H\u00e4kkinen on toiminut Aivos\u00e4\u00e4ti\u00f6n t\u00e4m\u00e4n vuoden Alzheimer-kampanjan k\u00e4rkikasvona. Henri Karkkainen<\/p>\n<p class=\"paragraph\">Tieto muistisairaudesta on iso uutinen sille, joka diagnoosin saa, H\u00e4kkinen muistuttaa. Se voi tuntua silt\u00e4, ett\u00e4 el\u00e4m\u00e4 loppuu siihen. N\u00e4in kirjoitti moni kirjeen l\u00e4hett\u00e4nyt.<\/p>\n<p class=\"paragraph\">\u2013 Min\u00e4 vastaan, ett\u00e4 ei! Muistisairauteen pit\u00e4\u00e4 saada lis\u00e4\u00e4 helppoa ja ymm\u00e4rt\u00e4v\u00e4ist\u00e4 asennetta, ett\u00e4 ihmiset uskaltaisivat puhua siit\u00e4 enemm\u00e4n ja avautua. Se helpottaisi heid\u00e4n el\u00e4m\u00e4\u00e4ns\u00e4. Nyt kun he murehtivat yksin\u00e4\u00e4n, se on ehk\u00e4 kaikkein pahin asia. Se pahenee vain, jos ei ole ket\u00e4\u00e4n, kenelle jakaa sit\u00e4 ja joka voisi v\u00e4h\u00e4n t\u00e4ristell\u00e4 heit\u00e4, ett\u00e4 ei t\u00e4ss\u00e4 ole nyt maailmanloppu k\u00e4sill\u00e4. Jos luovuttaa heti alkuvaiheessa, takaisinp\u00e4in on vaikea tulla.<\/p>\n<p>Voimaa ja uskallusta<\/p>\n<p class=\"paragraph\">H\u00e4kkinen haluaa itse olla esimerkkin\u00e4 siit\u00e4, ettei el\u00e4m\u00e4 lopu muistisairausdiagnoosiin. H\u00e4n haluaa valaa ihmisiin voimaa ja uskallusta. Rohkeuden puute ottaa vastaan huonoja uutisia ei H\u00e4kkisen mukaan ole ainoa syy sille, miksi ihmiset eiv\u00e4t hae apua ajoissa.<\/p>\n<p class=\"paragraph\">\u2013 Moni sanoo, etteiv\u00e4t he edes tied\u00e4, minne menisiv\u00e4t. Siksikin tietoisuutta pit\u00e4\u00e4 saada lis\u00e4\u00e4.<\/p>\n<p class=\"paragraph\">\u2013 Sen olen jokaiselle toistanut, ett\u00e4 apu on saatavissa, jos sit\u00e4 haluaa. Eiv\u00e4t ne tule kotiin tarjoamaan apua. Uskaltakaa, se on ainoa juttu. Siit\u00e4 ei ole mit\u00e4\u00e4n apua, ett\u00e4 j\u00e4\u00e4 kotiin suremaan, H\u00e4kkinen rohkaisee.<\/p>\n<p class=\"paragraph\">Samaa mielt\u00e4 on my\u00f6s Aivos\u00e4\u00e4ti\u00f6n toimitusjohtaja <strong>Jenni Pajunen<\/strong>:<\/p>\n<p class=\"paragraph\">\u2013 Haluamme v\u00e4litt\u00e4\u00e4 sellaista viesti\u00e4, ett\u00e4 tutkimuksiin kannattaa hakeutua mahdollisimman nopeasti, jos itsell\u00e4 tai l\u00e4heisill\u00e4 her\u00e4\u00e4 huoli.<\/p>\n<p class=\"paragraph\">H\u00e4kkisen mukaan h\u00e4nen saamissaan kirjeiss\u00e4 kerrottiin usein yksin\u00e4isyydest\u00e4. Niit\u00e4 kirjeit\u00e4 h\u00e4n kertoi lukeneensa liikuttuneena. H\u00e4kkinen toivoisi, ett\u00e4 erityisesti yksin\u00e4isille ihmisille l\u00f6ytyisi apua siihen, mist\u00e4 voisi kysy\u00e4 neuvoa, kun ensimm\u00e4iset oireet ilmestyv\u00e4t.<\/p>\n<p class=\"paragraph\">\u2013 Heill\u00e4 ei ole ket\u00e4\u00e4n, kenelle he osaisivat sanoa, mist\u00e4 on kysymys: \u201dMinulla on t\u00e4llaista, t\u00e4m\u00e4 on hankalaa, enk\u00e4 l\u00f6yd\u00e4 en\u00e4\u00e4 avaimia ja silm\u00e4laseja.\u201d He taistelevat t\u00e4llaisten jokap\u00e4iv\u00e4isten asioiden kanssa. Siihen tarvittaisiin luotettavuutta, ett\u00e4 ket\u00e4\u00e4n ei unohdeta.<\/p>\n<p>Tukea l\u00e4heisille<\/p>\n<p class=\"paragraph\">Jenni Pajunen kiitt\u00e4\u00e4 my\u00f6s viime aikoina julkisuuteen tulleita muistisairaiden l\u00e4heisi\u00e4, jotka ovat kertoneet tarinoita l\u00e4heisten n\u00e4k\u00f6kulmasta. Asia koskettaa laajasti, sill\u00e4 muistisairaita on Suomessa arviolta noin 200 000.<\/p>\n<p class=\"paragraph\">\u2013 Mit\u00e4 enemm\u00e4n puhutaan, sit\u00e4 enemm\u00e4n saa vertaistukea ja se auttaa v\u00e4hent\u00e4m\u00e4\u00e4n sairauteen liittyv\u00e4\u00e4 stigmaa, Pajunen sanoo.<\/p>\n<p class=\"paragraph\">\u2013 Kun puhutaan, niin tietenkin l\u00e4heiset saavat vertaistukea kuten miss\u00e4 tahansa raskaassa tilanteessa. Silloin ymm\u00e4rt\u00e4\u00e4, ettei ole yksin ja pystyy jakamaan kokemuksia ja vinkkej\u00e4 siihen, miten matkan varrella tulevia ongelmia voi parhaiten ratkoa.<\/p>\n<p class=\"paragraph\">Aiheen pysyminen pinnalla auttaa Pajusen mukaan my\u00f6s tutkimusrahoituksen saamista.<\/p>\n<p>Erja H\u00e4kkinen kannustaa jatkamaan el\u00e4m\u00e4\u00e4 entiseen tapaan muistisairausdiagnoosista huolimatta. Sosiaalinen aktiivisuus edist\u00e4\u00e4 aivojen terveytt\u00e4 ja lis\u00e4\u00e4 mielen hyvinvointia. Henri Karkkainen<\/p>\n<p class=\"paragraph\">Tyypillisesti ihmiset huomaavat muistisairauden ensimm\u00e4iset merkit, kun ongelmat alkavat olla toistuvia. Jokainen etsii puhelintaan tai silm\u00e4lasejaan joskus, mutta kun t\u00e4llaista alkaa tapahtua jatkuvasti, moni havahtuu miettim\u00e4\u00e4n, voisiko kyse olla muistisairaudesta. My\u00f6s l\u00e4heinen voi huomata, ett\u00e4 ihmisen k\u00e4ytt\u00e4ytyminen tai persoona on muuttunut. H\u00e4kkinen kertoo, ett\u00e4 h\u00e4nenkin kumppaninsa havaitsi muutoksia alkuvaiheessa.<\/p>\n<p class=\"paragraph\">\u2013 H\u00e4n kysyi, ett\u00e4 miksi sin\u00e4 puhut t\u00e4st\u00e4, meh\u00e4n puhuimme t\u00e4st\u00e4 asiasta jo hetki sitten. Min\u00e4 en muistanut sit\u00e4.<\/p>\n<p class=\"paragraph\">Joulun aika tuo usein perheet yhteen pidempienkin aikojen ja matkojen takaa. Juuri t\u00e4llaiset tapaamiset voivat olla tilanteita, joissa muistisairauden merkit tulevat esille.<\/p>\n<p class=\"paragraph\">\u2013 Voi olla, ett\u00e4 jos ei ole pitk\u00e4\u00e4n aikaan n\u00e4hty, niin ero tuntuu isommalta kuin jos olisi oltu joka p\u00e4iv\u00e4 tekemisiss\u00e4. Mutta mit\u00e4 tulee juhliin, niin el\u00e4m\u00e4 ei todellakaan p\u00e4\u00e4ty diagnoosiin, vaan edelleen kannattaa tehd\u00e4 hauskoja asioita ja nauttia el\u00e4m\u00e4st\u00e4, Pajunen sanoo.<\/p>\n<p class=\"paragraph\">H\u00e4n muistuttaa, ett\u00e4 sosiaalinen aktiivisuus on hyv\u00e4ksi aivoille, joten silt\u00e4kin kannalta edelleen kannattaa osallistua. Siihen kannattaa my\u00f6s muistisairaan omaisten kannustaa l\u00e4heist\u00e4\u00e4n.<\/p>\n<p>Jenni Pajunen on Aivos\u00e4\u00e4ti\u00f6n toimitusjohtaja. Aivos\u00e4\u00e4ti\u00f6 ei ole potilasj\u00e4rjest\u00f6, vaan tukee aivotutkimusta.\u2013 Nyt n\u00e4hd\u00e4\u00e4n paljon toivoa, koska tutkimus menee koko ajan eteenp\u00e4in. Koko ajan saadaan lis\u00e4\u00e4 tietoa. T\u00e4m\u00e4n vuoden suuri juttu on se, ett\u00e4 kaksi l\u00e4\u00e4kett\u00e4 on saanut tai saamassa eurooppalaisen hyv\u00e4ksynn\u00e4n. Ne ovat ensimm\u00e4iset l\u00e4\u00e4kkeet, jotka hidastavat Alzheimerin taudin etenemist\u00e4. Nyt on otettu ensimm\u00e4iset askeleet l\u00e4pimurrosta, josta pari vuotta sitten vasta puhuttiin, Pajunen sanoo. Henri Karkkainen<\/p>\n<p>\u201dHuomenna voi olla toisin\u201d<\/p>\n<p class=\"paragraph\">H\u00e4kkinen kertoo, ett\u00e4 h\u00e4nelle t\u00e4rke\u00e4\u00e4 on el\u00e4\u00e4 p\u00e4iv\u00e4 kerrallaan. H\u00e4n ei ole suunnitellut tai tehnyt el\u00e4m\u00e4\u00e4ns\u00e4 muutoksia muistisairauden takia.<\/p>\n<p class=\"paragraph\">\u2013 Olen t\u00e4ss\u00e4 hetkess\u00e4 el\u00e4j\u00e4. En katso hirve\u00e4n kauas eteenp\u00e4in. Olen n\u00e4hnyt paljon maailmaa, olen saanut kiert\u00e4\u00e4 siell\u00e4, t\u00e4\u00e4ll\u00e4 ja tuolla. Olen tavannut kaikenn\u00e4k\u00f6isi\u00e4 ihmisi\u00e4. Se on opettanut minulle sen, ett\u00e4 on turha mietti\u00e4, mit\u00e4 huomenna tapahtuu. T\u00e4n\u00e4\u00e4n on t\u00e4n\u00e4\u00e4n, ja katsotaan mit\u00e4 huomenna on. Huomenna voi olla ihan toisin.<\/p>\n<p class=\"paragraph\">Muita muistisairaita h\u00e4n neuvoo my\u00f6s jatkamaan el\u00e4m\u00e4\u00e4 h\u00e4peilem\u00e4tt\u00e4 ja piilottelematta.<\/p>\n<p class=\"paragraph\">\u2013 Yritt\u00e4k\u00e4\u00e4 p\u00e4\u00e4st\u00e4 siit\u00e4 murehtimisesta. \u00c4lk\u00e4\u00e4 vet\u00e4ytyk\u00f6 muista ihmisist\u00e4 vaan olkaa niin kuin olette ja yritt\u00e4k\u00e4\u00e4 el\u00e4\u00e4 normaalia el\u00e4m\u00e4\u00e4. Jotkut eiv\u00e4t l\u00e4hde ihmisten pariin siksi, ett\u00e4 pelk\u00e4\u00e4v\u00e4t, ettei yht\u00e4kki\u00e4 muista miss\u00e4 on tai mit\u00e4 tahansa. Sanon heille, ett\u00e4 ei, \u00e4l\u00e4 viel\u00e4 luovuta. Eik\u00e4 muistisairautta tarvitse piilotella. T\u00e4st\u00e4 saa puhua. Puhumalla taakka on huomattavasti pienempi.<\/p>\n<p>YHDESS\u00c4 MUISTISAIRAAN KANSSA<\/p>\n<p class=\"paragraph\"><a href=\"https:\/\/muistiliitto.fi\/muutakin-kuin-sanoja-kohti-omannakoista-vuorovaikutusta-muistisairaan-kanssa\/#:~:text=Muistisairaus%20vaikuttaa%20edetess%C3%A4%C3%A4n%20monin%20tavoin,pahimmillaan%20jopa%20sosiaalisten%20suhteiden%20heikkenemiseen.\" target=\"_blank\" rel=\"noopener nofollow\">Muistitiiton<\/a> artikkelissa todetaan, ett\u00e4 vaikka vuorovaikutus muuttuu muistisairauden edetess\u00e4, sen ei kuitenkaan tarvitse tai pid\u00e4 loppua. T\u00e4m\u00e4 edellytt\u00e4\u00e4 sopeutumista sek\u00e4 muistisairaalta ett\u00e4 h\u00e4nen l\u00e4heisilt\u00e4\u00e4n.<\/p>\n<p class=\"paragraph\">My\u00f6s <a href=\"https:\/\/papunet.net\/miten-muistisairaus-vaikuttaa-vuorovaikutukseen\/\" target=\"_blank\" rel=\"noopener nofollow\">Papunetin<\/a> artikkeli muistuttaa, ett\u00e4 vaikka puhe ja ymm\u00e4rryskyky katoavat muistisairauden edetess\u00e4, jokainen tarvitsee l\u00e4heisyytt\u00e4 ja kontakteja muihin ihmisiin. Halu olla vuorovaikutuksessa s\u00e4ilyy el\u00e4m\u00e4n loppuun saakka.<\/p>\n<p class=\"paragraph\">Kielellisten vaikeuksien lis\u00e4\u00e4ntyess\u00e4 oma-aloitteinen puhuminen v\u00e4henee. Tutun, p\u00e4ivitt\u00e4in toistuvan puheen ymm\u00e4rt\u00e4minen onnistuu kuitenkin viel\u00e4 melko hyvin. T\u00e4ss\u00e4 vaiheessa Papunet neuvoo hy\u00f6dynt\u00e4m\u00e4\u00e4n j\u00e4ljell\u00e4 olevia kommunikoinnin vahvuuksia. Keskustellessa kannattaa jutella \u201dt\u00e4ss\u00e4 ja nyt\u201d -asioista ja ottaa puheen rinnalla k\u00e4ytt\u00f6\u00f6n sanatonta viestint\u00e4\u00e4 kuten eleet ja asioiden osoittamisen konkreettisesta ymp\u00e4rist\u00f6st\u00e4.<\/p>\n<p class=\"paragraph\">Viel\u00e4 kommunikoinnin ollessa jo haastavaa on t\u00e4rke\u00e4\u00e4 tehd\u00e4 yhdess\u00e4 asioita, joista saa iloa. Sellaisia voi olla esimerkiksi valokuvien katselu ja muistelu, hyv\u00e4n ruoan nauttiminen yhdess\u00e4, lempimusiikin kuuntelu ja laulaminen.<\/p>\n","protected":false},"excerpt":{"rendered":"Erja H\u00e4kkinen kertoi julkisuudessa muistisairausdiagnoosistaan ja sai kirjevy\u00f6ryn. Nyt h\u00e4n paljastaa, mist\u00e4 kirjeiss\u00e4 puhuttiin. Erja H\u00e4kkiselle vuosi 2025&hellip;\n","protected":false},"author":2,"featured_media":125421,"comment_status":"","ping_status":"","sticky":false,"template":"","format":"standard","meta":{"footnotes":""},"categories":[136],"tags":[407,137,33,31,30,101,408,1390,99,98,764,32,765,167,109],"class_list":{"0":"post-125420","1":"post","2":"type-post","3":"status-publish","4":"format-standard","5":"has-post-thumbnail","7":"category-julkkikset","8":"tag-celebrities","9":"tag-entertainment","10":"tag-fi","11":"tag-finland","12":"tag-finnish","13":"tag-ihmissuhteet","14":"tag-julkkikset","15":"tag-kuukausi","16":"tag-lapset","17":"tag-perhe","18":"tag-sairaudet","19":"tag-suomi","20":"tag-taudit-ja-hairiot","21":"tag-terveys","22":"tag-viihde"},"share_on_mastodon":{"url":"https:\/\/pubeurope.com\/@fi\/115779522344653249","error":""},"_links":{"self":[{"href":"https:\/\/www.europesays.com\/fi\/wp-json\/wp\/v2\/posts\/125420","targetHints":{"allow":["GET"]}}],"collection":[{"href":"https:\/\/www.europesays.com\/fi\/wp-json\/wp\/v2\/posts"}],"about":[{"href":"https:\/\/www.europesays.com\/fi\/wp-json\/wp\/v2\/types\/post"}],"author":[{"embeddable":true,"href":"https:\/\/www.europesays.com\/fi\/wp-json\/wp\/v2\/users\/2"}],"replies":[{"embeddable":true,"href":"https:\/\/www.europesays.com\/fi\/wp-json\/wp\/v2\/comments?post=125420"}],"version-history":[{"count":0,"href":"https:\/\/www.europesays.com\/fi\/wp-json\/wp\/v2\/posts\/125420\/revisions"}],"wp:featuredmedia":[{"embeddable":true,"href":"https:\/\/www.europesays.com\/fi\/wp-json\/wp\/v2\/media\/125421"}],"wp:attachment":[{"href":"https:\/\/www.europesays.com\/fi\/wp-json\/wp\/v2\/media?parent=125420"}],"wp:term":[{"taxonomy":"category","embeddable":true,"href":"https:\/\/www.europesays.com\/fi\/wp-json\/wp\/v2\/categories?post=125420"},{"taxonomy":"post_tag","embeddable":true,"href":"https:\/\/www.europesays.com\/fi\/wp-json\/wp\/v2\/tags?post=125420"}],"curies":[{"name":"wp","href":"https:\/\/api.w.org\/{rel}","templated":true}]}}