{"id":125422,"date":"2025-12-25T09:37:10","date_gmt":"2025-12-25T09:37:10","guid":{"rendered":"https:\/\/www.europesays.com\/fi\/125422\/"},"modified":"2025-12-25T09:37:10","modified_gmt":"2025-12-25T09:37:10","slug":"megadethin-dave-mustaine-terveysvaivoistaan-kaikki-tama-tekee-soittamisesta-todella-kivuliasta","status":"publish","type":"post","link":"https:\/\/www.europesays.com\/fi\/125422\/","title":{"rendered":"Megadethin Dave Mustaine terveysvaivoistaan: &#8221;Kaikki t\u00e4m\u00e4 tekee soittamisesta todella kivuliasta&#8221;"},"content":{"rendered":"<p>Thrash metal -suuruus <strong>Megadeth <\/strong>julkaisee alkuvuodesta viimeiseksi j\u00e4\u00e4v\u00e4n pitk\u00e4soittonsa, jonka j\u00e4lkeen yhtye suuntaa viimeiselle pitk\u00e4lle kiertueelleen. Tuoreessa MariskalRockTV:n haastattelussa b\u00e4ndin johtaja <strong>Dave Mustaine<\/strong> kertoi tarkemmin terveysvaivoistaan, jotka ovat johtaneet p\u00e4\u00e4t\u00f6kseen laittaa yhtye telakalle.<\/p>\n<p>\u201dJos katsot oikeaa k\u00e4tt\u00e4ni, n\u00e4et suoran viivan, joka nousee esiin. Sit\u00e4 kutsutaan <a href=\"https:\/\/fi.wikipedia.org\/wiki\/Dupuytrenin_kontraktuura\" target=\"_blank\" rel=\"noreferrer noopener nofollow\">Dupuytrenin kontraktuuraksi<\/a> ja se koukistaa sormeni alas n\u00e4in. Ja kun katsoo sormenp\u00e4it\u00e4ni, huomaat, ett\u00e4 ne ovat artriitin turvottamat. Kaikki t\u00e4m\u00e4 tekee soittamisesta todella kivuliasta\u201d, Mustaine <a href=\"https:\/\/blabbermouth.net\/news\/megadeths-dave-mustaine-opens-up-about-his-battle-with-hand-condition-known-as-dupuytrens-contracture\" target=\"_blank\" rel=\"noreferrer noopener nofollow\">kertoo<\/a>.<\/p>\n<p>\u201dEn mene [leikkaushoitoon] ennen kuin olen t\u00e4ysin valmis, koska jos nyt olen 95-prosenttisessa soittokunnossa ja leikkaus vie minua taaksep\u00e4in, se olisi huono p\u00e4\u00e4t\u00f6s. Jos odotan niin kauan, ett\u00e4 soitosta ei tule mit\u00e4\u00e4n ja sitten menen leikkaukseen eik\u00e4 se toimi, olen joka tapauksessa jo kiert\u00e4nyt kaikkialla, hyv\u00e4stellyt kaikki eik\u00e4 mit\u00e4\u00e4n ole j\u00e4\u00e4nyt tekem\u00e4tt\u00e4 tai sanomatta.\u201d<\/p>\n<p><img loading=\"lazy\" decoding=\"async\" alt=\"YouTube video\" width=\"480\" height=\"360\" data-pin-nopin=\"true\" nopin=\"nopin\" class=\"perfmatters-lazy\" src=\"https:\/\/www.europesays.com\/fi\/wp-content\/uploads\/2025\/12\/1766655430_244_hqdefault.jpg\"\/><\/p>\n<p>Lue my\u00f6s: <a href=\"https:\/\/www.inferno.fi\/uutiset\/elakkeelle-jaava-megadethin-dave-mustaine-olen-aina-sanonut-etta-jos-en-pysty-antamaan-100-prosenttia\/\" title=\"El\u00e4kkeelle j\u00e4\u00e4v\u00e4 Megadethin Dave Mustaine: \u201dOlen aina sanonut, ett\u00e4 jos en pysty antamaan 100 prosenttia\u2026\u201d\" class=\"underline-custom !font-montserrat !font-bold !underline-offset-4 !decoration-4 !decoration-red-600 !text-md\" rel=\"nofollow noopener\" target=\"_blank\">El\u00e4kkeelle j\u00e4\u00e4v\u00e4 Megadethin Dave Mustaine: \u201dOlen aina sanonut, ett\u00e4 jos en pysty antamaan 100 prosenttia\u2026\u201d<\/a><\/p>\n<p>Lue my\u00f6s: <a href=\"https:\/\/www.inferno.fi\/uutiset\/megadethin-let-there-be-shred-kappale-sai-kylkeensa-musiikkivideon-katso-tasta\/\" title=\"Megadethin Let There Be Shred -kappale sai kylkeens\u00e4 musiikkivideon \u2013 katso t\u00e4st\u00e4\" class=\"underline-custom !font-montserrat !font-bold !underline-offset-4 !decoration-4 !decoration-red-600 !text-md\" rel=\"nofollow noopener\" target=\"_blank\">Megadethin Let There Be Shred -kappale sai kylkeens\u00e4 musiikkivideon \u2013 katso t\u00e4st\u00e4<\/a><\/p>\n<p>Lue my\u00f6s: <a href=\"https:\/\/www.inferno.fi\/uutiset\/megadethin-dave-mustaine-saavutti-merkittavan-virstanpylvaan-kamppailulajien-saralla\/\" title=\"Megadethin Dave Mustaine saavutti merkitt\u00e4v\u00e4n virstanpylv\u00e4\u00e4n kamppailulajien saralla\" class=\"underline-custom !font-montserrat !font-bold !underline-offset-4 !decoration-4 !decoration-red-600 !text-md\" rel=\"nofollow noopener\" target=\"_blank\">Megadethin Dave Mustaine saavutti merkitt\u00e4v\u00e4n virstanpylv\u00e4\u00e4n kamppailulajien saralla<\/a><\/p>\n<p>Lue my\u00f6s: <a href=\"https:\/\/www.inferno.fi\/uutiskirje\/\" title=\"Tilaa Infernon uutiskirje\" class=\"underline-custom !font-montserrat !font-bold !underline-offset-4 !decoration-4 !decoration-red-600 !text-md\" rel=\"nofollow noopener\" target=\"_blank\">Tilaa Infernon uutiskirje ja tied\u00e4t mist\u00e4 kahvitauolla puhutaan! Nappaa raskaan musiikin uutiset ja puheenaiheet suoraan s\u00e4hk\u00f6postiin t\u00e4st\u00e4.<\/a><\/p>\n","protected":false},"excerpt":{"rendered":"Thrash metal -suuruus Megadeth julkaisee alkuvuodesta viimeiseksi j\u00e4\u00e4v\u00e4n pitk\u00e4soittonsa, jonka j\u00e4lkeen yhtye suuntaa viimeiselle pitk\u00e4lle kiertueelleen. Tuoreessa MariskalRockTV:n&hellip;\n","protected":false},"author":2,"featured_media":38347,"comment_status":"","ping_status":"","sticky":false,"template":"","format":"standard","meta":{"footnotes":""},"categories":[132],"tags":[137,33,31,30,195,47,32,167,109],"class_list":{"0":"post-125422","1":"post","2":"type-post","3":"status-publish","4":"format-standard","5":"has-post-thumbnail","7":"category-musiikki","8":"tag-entertainment","9":"tag-fi","10":"tag-finland","11":"tag-finnish","12":"tag-music","13":"tag-musiikki","14":"tag-suomi","15":"tag-terveys","16":"tag-viihde"},"share_on_mastodon":{"url":"https:\/\/pubeurope.com\/@fi\/115779538120419626","error":""},"_links":{"self":[{"href":"https:\/\/www.europesays.com\/fi\/wp-json\/wp\/v2\/posts\/125422","targetHints":{"allow":["GET"]}}],"collection":[{"href":"https:\/\/www.europesays.com\/fi\/wp-json\/wp\/v2\/posts"}],"about":[{"href":"https:\/\/www.europesays.com\/fi\/wp-json\/wp\/v2\/types\/post"}],"author":[{"embeddable":true,"href":"https:\/\/www.europesays.com\/fi\/wp-json\/wp\/v2\/users\/2"}],"replies":[{"embeddable":true,"href":"https:\/\/www.europesays.com\/fi\/wp-json\/wp\/v2\/comments?post=125422"}],"version-history":[{"count":0,"href":"https:\/\/www.europesays.com\/fi\/wp-json\/wp\/v2\/posts\/125422\/revisions"}],"wp:featuredmedia":[{"embeddable":true,"href":"https:\/\/www.europesays.com\/fi\/wp-json\/wp\/v2\/media\/38347"}],"wp:attachment":[{"href":"https:\/\/www.europesays.com\/fi\/wp-json\/wp\/v2\/media?parent=125422"}],"wp:term":[{"taxonomy":"category","embeddable":true,"href":"https:\/\/www.europesays.com\/fi\/wp-json\/wp\/v2\/categories?post=125422"},{"taxonomy":"post_tag","embeddable":true,"href":"https:\/\/www.europesays.com\/fi\/wp-json\/wp\/v2\/tags?post=125422"}],"curies":[{"name":"wp","href":"https:\/\/api.w.org\/{rel}","templated":true}]}}