{"id":125425,"date":"2025-12-25T09:40:08","date_gmt":"2025-12-25T09:40:08","guid":{"rendered":"https:\/\/www.europesays.com\/fi\/125425\/"},"modified":"2025-12-25T09:40:08","modified_gmt":"2025-12-25T09:40:08","slug":"suomen-kansalainen-solfrid-koanda-nimettiin-yhdeksi-norjan-parhaista-urheilijoista","status":"publish","type":"post","link":"https:\/\/www.europesays.com\/fi\/125425\/","title":{"rendered":"Suomen kansalainen Solfrid Koanda nimettiin yhdeksi Norjan parhaista urheilijoista"},"content":{"rendered":"<p>Painonnostaja oli kymmenen parhaan norjalaisurheilijan joukossa.<\/p>\n<p class=\"article-body mb-nof-24 px-nof-16\">Norjalaislehti <a class=\"underline underline-offset-[0.12em] [text-decoration-thickness:var(--generic-link-underline-thickness)] [text-decoration-color:var(--generic-link-underline-color)] [text-decoration-skip-ink:var(--generic-link-underline-skip-ink)] break-words\" href=\"https:\/\/www.vg.no\/sport\/i\/V6RJJ3\/100-lista-2025\" rel=\"nofollow noopener\" target=\"_blank\">VG <\/a>valitsi painonnostaja <a class=\"article-personlink\" href=\"https:\/\/www.is.fi\/haku\/?query=Solfrid%20Koandan\" rel=\"nofollow noopener\" target=\"_blank\">Solfrid Koandan<\/a> Norjan kymmenenneksi parhaaksi urheilijaksi vuonna 2025. Lehti listasi sata parasta urheilijaa.<\/p>\n<p class=\"article-body mb-nof-24 px-nof-16\">Norjaa edustavalla Koandalla on my\u00f6s Suomen kansalaisuus. H\u00e4nen \u00e4itins\u00e4 on suomalainen, ja h\u00e4n asui lapsuutensa Oulussa ennen kuin muutti Norjaan 9-vuotiaana.<\/p>\n<p class=\"article-body mb-nof-24 px-nof-16\">VG painotti valinnoissaan muun muassa urheilijoiden t\u00e4htistatusta, lajien suuruutta sek\u00e4 henkil\u00f6kohtaista kehityst\u00e4. Suurin painoarvo oli kansainv\u00e4lisell\u00e4 tasolla saavutetulla menestyksell\u00e4.<\/p>\n<p class=\"article-body mb-nof-24 px-nof-16\">Koandan kulunut vuosi oli poikkeuksellisen menestyksek\u00e4s. Kev\u00e4\u00e4n EM-kilpailuissa suomalais-norjalainen voitti per\u00e4ti kolme kultamitalia jo nelj\u00e4tt\u00e4 vuotta per\u00e4kk\u00e4in.<\/p>\n<p class=\"article-body mb-nof-24 px-nof-16\">Lokakuussa j\u00e4rjestetyiss\u00e4 MM-kilpailuissa Koanda nappasi niin ik\u00e4\u00e4n kultaa ja rikkoi samalla Euroopan enn\u00e4tyksen yhteistuloksella 272 kiloa.<\/p>\n<p class=\"article-body mb-nof-24 px-nof-16\">Vuonna 2024 olympiakultaa juhlinut Koanda oli VG:n top 100 -listan ainoa painonnostaja.<\/p>\n<p class=\"article-body mb-nof-24 px-nof-16\">Listan k\u00e4rjess\u00e4 on Manchester City\u00e4 edustava jalkapalloilija <a class=\"article-personlink\" href=\"https:\/\/www.is.fi\/haku\/?query=Erling%20Haaland\" rel=\"nofollow noopener\" target=\"_blank\">Erling Haaland<\/a>. Toisena on maastohiihdon kestomenestyj\u00e4 <a class=\"article-personlink\" href=\"https:\/\/www.is.fi\/haku\/?query=Johannes%20Kl%C3%A4bo\" rel=\"nofollow noopener\" target=\"_blank\">Johannes Kl\u00e4bo<\/a>, ja k\u00e4rkikolmikon t\u00e4ydent\u00e4\u00e4 Arsenalin kapteeni <a class=\"article-personlink\" href=\"https:\/\/www.is.fi\/haku\/?query=Martin%20%C3%96degaard\" rel=\"nofollow noopener\" target=\"_blank\">Martin \u00d6degaard<\/a>.<\/p>\n","protected":false},"excerpt":{"rendered":"Painonnostaja oli kymmenen parhaan norjalaisurheilijan joukossa. Norjalaislehti VG valitsi painonnostaja Solfrid Koandan Norjan kymmenenneksi parhaaksi urheilijaksi vuonna 2025.&hellip;\n","protected":false},"author":2,"featured_media":125426,"comment_status":"","ping_status":"","sticky":false,"template":"","format":"standard","meta":{"footnotes":""},"categories":[158],"tags":[33,31,30,34,159,32,160],"class_list":{"0":"post-125425","1":"post","2":"type-post","3":"status-publish","4":"format-standard","5":"has-post-thumbnail","7":"category-urheilu","8":"tag-fi","9":"tag-finland","10":"tag-finnish","11":"tag-ilta-sanomat","12":"tag-sports","13":"tag-suomi","14":"tag-urheilu"},"share_on_mastodon":{"url":"https:\/\/pubeurope.com\/@fi\/115779549826618803","error":""},"_links":{"self":[{"href":"https:\/\/www.europesays.com\/fi\/wp-json\/wp\/v2\/posts\/125425","targetHints":{"allow":["GET"]}}],"collection":[{"href":"https:\/\/www.europesays.com\/fi\/wp-json\/wp\/v2\/posts"}],"about":[{"href":"https:\/\/www.europesays.com\/fi\/wp-json\/wp\/v2\/types\/post"}],"author":[{"embeddable":true,"href":"https:\/\/www.europesays.com\/fi\/wp-json\/wp\/v2\/users\/2"}],"replies":[{"embeddable":true,"href":"https:\/\/www.europesays.com\/fi\/wp-json\/wp\/v2\/comments?post=125425"}],"version-history":[{"count":0,"href":"https:\/\/www.europesays.com\/fi\/wp-json\/wp\/v2\/posts\/125425\/revisions"}],"wp:featuredmedia":[{"embeddable":true,"href":"https:\/\/www.europesays.com\/fi\/wp-json\/wp\/v2\/media\/125426"}],"wp:attachment":[{"href":"https:\/\/www.europesays.com\/fi\/wp-json\/wp\/v2\/media?parent=125425"}],"wp:term":[{"taxonomy":"category","embeddable":true,"href":"https:\/\/www.europesays.com\/fi\/wp-json\/wp\/v2\/categories?post=125425"},{"taxonomy":"post_tag","embeddable":true,"href":"https:\/\/www.europesays.com\/fi\/wp-json\/wp\/v2\/tags?post=125425"}],"curies":[{"name":"wp","href":"https:\/\/api.w.org\/{rel}","templated":true}]}}