{"id":125427,"date":"2025-12-25T09:41:10","date_gmt":"2025-12-25T09:41:10","guid":{"rendered":"https:\/\/www.europesays.com\/fi\/125427\/"},"modified":"2025-12-25T09:41:10","modified_gmt":"2025-12-25T09:41:10","slug":"suomalainen-stunttinayttelija-salla-hakanpaa-loistaa-myrskyluodon-maijassa-ja-jaan-vangeissa","status":"publish","type":"post","link":"https:\/\/www.europesays.com\/fi\/125427\/","title":{"rendered":"Suomalainen stunttin\u00e4yttelij\u00e4 Salla Hakanp\u00e4\u00e4 loistaa Myrskyluodon Maijassa ja J\u00e4\u00e4n vangeissa"},"content":{"rendered":"<p class=\"article-content article-content-width !bg-background\">Myrskyluodolla kolme lasta nukkuu rauhallista unta, mutta Maija-\u00e4iti k\u00e4velee rantaan, riisuu mekkonsa ja kahlaa mereen. H\u00e4nen on l\u00f6ydett\u00e4v\u00e4 aiemmin samana p\u00e4iv\u00e4n\u00e4 veteen vajonnut poikansa Mikael.<\/p>\n<p class=\"font-weight-bold m-font-weight-bold article-content article-content-width !bg-background\">Videolla J\u00e4\u00e4n vangit -n\u00e4yttelij\u00e4t avautuvat peloistaan.\u00a0<\/p>\n<p class=\"article-content article-content-width !bg-background\"> ohjaaman Myrskyluodon Maijan\u00a0(2024) koskettavasta kohtauksesta, jossa Maija sukeltaa etsim\u00e4\u00e4n lastaan merenpohjasta, on erityisesti kiitt\u00e4minen kolmea ty\u00f6ryhm\u00e4l\u00e4ist\u00e4: ruotsalaisn\u00e4yttelij\u00e4 , kuvaaja  ja stuntn\u00e4yttelij\u00e4\u00a0 .\u00a0<\/p>\n<p class=\"article-content article-content-width !bg-background\">Sirkustaiteilija ja vapaasukeltaja Salla on harvoja suomalaisia naisstuntteja. Viel\u00e4 harvinaisemman ammatista tekee h\u00e4nen erikoistaitonsa, vedenalaiset kohtaukset ja j\u00e4\u00e4sukeltaminen.<\/p>\n<p class=\"article-content article-content-width !bg-background\">Myrskyluodon Maijassa Sallan teht\u00e4v\u00e4 oli my\u00f6s valmentaa ja auttaa Amandaa vedenalaista kohtausta varten.<\/p>\n<p class=\"article-content article-content-width !bg-background\">Harjoitukset aloitettiin meripelastusaltaassa Ahvenanmaalla. Vasta t\u00e4\u00e4lt\u00e4 siirryttiin mereen kes\u00e4n kynnyksell\u00e4 touko-kes\u00e4kuun vaihteessa.\u00a0<\/p>\n<p class=\"article-content article-content-width !bg-background\">\u2013 Amanda oli varsin uintiorientoitunut eik\u00e4 lainkaan ensimm\u00e4ist\u00e4 kertaa kylm\u00e4ss\u00e4 vedess\u00e4, Salla kehuu.<\/p>\n<p>M\u00e4rk\u00e4puku hajosi j\u00e4\u00e4n alla<\/p>\n<p class=\"article-content article-content-width !bg-background\">Lokakuussa sai Ruudussa ensi-illan Elisa Viihteen alkuper\u00e4issarja J\u00e4\u00e4n vangit, jossa Salla teki t\u00e4h\u00e4nastisen uransa haastavimman stunttinsa sukeltaessaan j\u00e4\u00e4n alla.<\/p>\n<p>                <img decoding=\"async\" src=\"https:\/\/www.europesays.com\/fi\/wp-content\/uploads\/2025\/12\/2022893.webp\" width=\"576\" height=\"269\" alt=\"J\u00e4\u00e4n vankien dramaattinen sukelluskohtaus oli ep\u00e4mieluisa kokemus n\u00e4yttelij\u00e4 Jessica Grabowskylle.\" loading=\"lazy\" \/>            <\/p>\n<p>\n            J\u00e4\u00e4n vankien dramaattinen sukelluskohtaus oli ep\u00e4mieluisa kokemus n\u00e4yttelij\u00e4 Jessica Grabowskylle.<br \/>\n            Helsinki Filmi\n        <\/p>\n<p class=\"article-content article-content-width !bg-background\">Osa kohtauksista kuvattiin Lohjalla sis\u00e4tiloissa meripelastuskoulutusaltaassa. T\u00e4\u00e4ll\u00e4 esimerkiksi kuvattiin n\u00e4yttelij\u00e4  sukellus, jotta kohtaukseen saatiin h\u00e4nen kasvonsa.<\/p>\n<p class=\"article-content article-content-width !bg-background\">Suuren osan Jessican sukelluskohtauksesta hoiti tosiasiassa Salla. H\u00e4nen osuutensa kuvattiin haastavammissa olosuhteissa oikean j\u00e4\u00e4n alla Ojamon entisess\u00e4 kalkkikivikaivoksessa Lohjalla.<\/p>\n<p>                <img decoding=\"async\" src=\"https:\/\/www.europesays.com\/fi\/wp-content\/uploads\/2025\/12\/2022897.webp\" width=\"576\" height=\"322\" title=\"Salla valmensi Jessica Grabowskya sukelluskohtauksen kuvaukseen.\" alt=\"J\u00e4\u00e4n vangit, Jessica Grabowsky, Salla Hakanp\u00e4\u00e4, 2025.\" loading=\"lazy\" \/>            <\/p>\n<p>\n            Salla valmensi Jessica Grabowskya sukelluskohtauksen kuvaukseen.<br \/>\n            Kristiina Salm\u00e9n\/Helsinki Filmi\n        <\/p>\n<p class=\"article-content article-content-width !bg-background\">Jotta Sallaa pystyttiin pidemm\u00e4n aikaa kuvaamaan j\u00e4isess\u00e4 vedess\u00e4, oli h\u00e4nen k\u00e4ytett\u00e4v\u00e4 m\u00e4rk\u00e4pukua. Sen p\u00e4\u00e4ll\u00e4 oli viel\u00e4 villapaita, toppahousut ja muu roolihahmon vaatetus.<\/p>\n<p class=\"article-content article-content-width !bg-background\">\u2013\tKohtauksen haastavuus tuli siit\u00e4, ett\u00e4 m\u00e4rk\u00e4puku kangisti, p\u00e4\u00e4ll\u00e4ni oli painavaa varustetta ja tilanne kuvattiin pime\u00e4ss\u00e4, Salla sanoo.\u00a0<\/p>\n<p class=\"article-content article-content-width !bg-background\">Salla joutui entist\u00e4 vaikeampaan tilanteeseen, kun kesken kaiken h\u00e4nen m\u00e4rk\u00e4pukunsa rikkoutui vaatteiden alla.<\/p>\n<p class=\"article-content article-content-width !bg-background\">\u2013 Sen yl\u00e4osa ratkesi. K\u00e4yt\u00e4nn\u00f6ss\u00e4 osa kuvauksista meni kuin olisin m\u00e4rk\u00e4puvun yl\u00e4osan sijaan huppari p\u00e4\u00e4ll\u00e4 vetoketju auki. T\u00e4llaisten teknisten haasteiden takia kohtaus oli hankala.<\/p>\n<p class=\"article-content article-content-width !bg-background\">J\u00e4\u00e4ll\u00e4 oli telttasauna, jossa stuntin lis\u00e4ksi ottojen v\u00e4liss\u00e4 l\u00e4mmiteltiin kuvauskalustoa.\u00a0<\/p>\n<p>        <a itemprop=\"url\" href=\"https:\/\/www.seiska.fi\/katso\/nayttelija-karim-rapatti-vakava-sairaus\/1941955\" rel=\"nofollow noopener\" target=\"_blank\"><\/p>\n<p>\nN\u00e4yttelij\u00e4 Karim Rapatti\n<\/p>\n<p class=\"section-date\">\n        <strong class=\"article-section\" data-section=\"katso\"><br \/>\n            katso<br \/>\n        <\/strong><br \/>\n        1.12. 07:15\n    <\/p>\n<p>N\u00e4yttelij\u00e4 Karim Rapatti: Vakava sairaus\n    <\/p>\n<p itemprop=\"description\" class=\"subtitle \">\n    N\u00e4yttelij\u00e4 Karim Rapatti painii kipujen ja riitt\u00e4m\u00e4tt\u00f6myyden tunteen kanssa.\n<\/p>\n<p>        <\/a><\/p>\n<p>Kylm\u00e4 tekee hyv\u00e4\u00e4 mielelle<\/p>\n<p class=\"article-content article-content-width !bg-background\">Kylm\u00e4n sietokyky\u00e4 Salla on kehitt\u00e4nyt yksinkertaisella reseptill\u00e4: k\u00e4ym\u00e4ll\u00e4 s\u00e4\u00e4nn\u00f6llisesti kylm\u00e4ss\u00e4 vedess\u00e4, mik\u00e4 k\u00e4yt\u00e4nn\u00f6ss\u00e4 tarkoittaa v\u00e4hint\u00e4\u00e4n paria kertaa viikossa.<\/p>\n<p class=\"article-content article-content-width !bg-background\">Haastattelukin on sovittu uintipaikalle. Vaikka marraskuun tuuli tuntuu menev\u00e4n luihin ja ytimiin, pulahtaa Salla ennen haastattelua tottuneen luontevasti meren aallokkoon.<\/p>\n<p>                <img decoding=\"async\" src=\"https:\/\/www.europesays.com\/fi\/wp-content\/uploads\/2025\/12\/2023753.webp\" width=\"576\" height=\"720\" alt=\"Ennen haastattelua Salla pulahti noin kahdeksanasteiseen meriveteen.\" loading=\"lazy\" \/>            <\/p>\n<p>\n            Ennen haastattelua Salla pulahti noin kahdeksanasteiseen meriveteen.<br \/>\n            Atte Kajova\n        <\/p>\n<p class=\"article-content article-content-width !bg-background\">\u2013 En pid\u00e4 t\u00e4ll\u00e4 ainoastaan yll\u00e4 ammattitaitoani, vaan kyse on el\u00e4m\u00e4ntavasta. T\u00e4m\u00e4 on tapani olla yhteydess\u00e4 luontoon ja itseeni.<\/p>\n<p class=\"article-content article-content-width !bg-background\">\u2013\tEik\u00e4 kylm\u00e4ss\u00e4 vedess\u00e4 oleminen ole minullekaan aina ihanaa. Mutta kun tied\u00e4n, miten hyv\u00e4 olo ja mieli siit\u00e4 tulee, pystyn vakuuttamaan itseni siit\u00e4, ett\u00e4 se kannattaa, Salla toteaa.\u00a0<\/p>\n<p class=\"article-content article-content-width !bg-background\">Kes\u00e4ll\u00e4 Pohjolankin vedet l\u00e4mpenev\u00e4t, joten kylm\u00e4uimarin on keksitt\u00e4v\u00e4 toiset keinot.\u00a0<\/p>\n<p class=\"article-content article-content-width !bg-background\">\u2013\tEn ota kylmi\u00e4 suihkuja, mutta k\u00e4yn uimahallissa kylm\u00e4altaissa. Kes\u00e4isin uin my\u00f6s matkaa meress\u00e4 Espoon edustalla. Vaikka vesi olisi parikymment\u00e4 asteista, tulee siin\u00e4kin pitk\u00e4ll\u00e4 matkalla uikkareissa kylm\u00e4.<\/p>\n<p>Unelma n\u00e4yttelij\u00e4n ammatista<\/p>\n<p class=\"article-content article-content-width !bg-background\">Muihin perheenj\u00e4seniins\u00e4 n\u00e4hden Sallan ammatti on hyvin poikkeuksellinen. H\u00e4nen is\u00e4ns\u00e4 on koulutukseltaan diplomi-insin\u00f6\u00f6ri, \u00e4iti farmaseutti ja sisko l\u00e4\u00e4k\u00e4ri.<\/p>\n<p class=\"article-content article-content-width !bg-background\">Pienest\u00e4 pit\u00e4en Salla harrasti voimistelua, josta h\u00e4n perhetutun matkassa l\u00f6ysi sirkusharrastuksen pariin.<\/p>\n<p class=\"article-content article-content-width !bg-background\">Esitt\u00e4v\u00e4t taiteet kiinnostivat, joten koulussa Salla k\u00e4vi kaikki tarjolla olleet ilmaisutaidon tunnit.<\/p>\n<p>        <a itemprop=\"url\" href=\"https:\/\/www.seiska.fi\/katso\/tiesitko-james-bond-historian-huikein-stuntti-oli-menna-vaihtoon-riskien-vuoksi\/1872315\" rel=\"nofollow noopener\" target=\"_blank\"><\/p>\n<p>\nBond-leffojen huikein stuntti\n<\/p>\n<p class=\"section-date\">\n        <strong class=\"article-section\" data-section=\"katso\"><br \/>\n            katso<br \/>\n        <\/strong><br \/>\n        18.7. 15:15\n    <\/p>\n<p>Tiesitk\u00f6? James Bond -historian huikein stuntti oli menn\u00e4 vaihtoon riskien vuoksi\n    <\/p>\n<p itemprop=\"description\" class=\"subtitle \">\n    007 rakastettuni -elokuvan stunttimies bongattiin viskimainoksesta.\n<\/p>\n<p>        <\/a><\/p>\n<p>                <img decoding=\"async\" src=\"https:\/\/www.europesays.com\/fi\/wp-content\/uploads\/2025\/12\/2023758.webp\" width=\"576\" height=\"720\" alt=\"\u2013&#9;En ajattele \u00e4\u00e4rimm\u00e4isen riskin olemassaoloa. Teen asioita, joita olen harjoitellut, ja siten ne ovat hallittavissa. Ty\u00f6skentelen my\u00f6s ihmisten kanssa, joihin luotan, Salla selitt\u00e4\u00e4 pelonhallintaansa.\" loading=\"lazy\" \/>            <\/p>\n<p>\n            \u2013\tEn ajattele \u00e4\u00e4rimm\u00e4isen riskin olemassaoloa. Teen asioita, joita olen harjoitellut, ja siten ne ovat hallittavissa. Ty\u00f6skentelen my\u00f6s ihmisten kanssa, joihin luotan, Salla selitt\u00e4\u00e4 pelonhallintaansa.<br \/>\n            Tommi Pasanen\n        <\/p>\n<p class=\"article-content article-content-width !bg-background\">Halu n\u00e4yttelij\u00e4ksi syttyi jo nuorena. Lukion j\u00e4lkeen h\u00e4n haki Teatterikorkeakouluun ja Tampereen yliopiston teatteritaiteen linjalle, mutta opinahjojen ovet eiv\u00e4t avautuneet.<\/p>\n<p class=\"article-content article-content-width !bg-background\">Sen sijaan Salla p\u00e4\u00e4si opiskelemaan sirkusta<br \/>\nTurun ammattikorkeakouluun esitt\u00e4v\u00e4n taiteen koulutusohjelmaan, jossa h\u00e4n oppi n\u00e4yttelij\u00e4ilmaisun lis\u00e4ksi muun muassa balettia, akrobatiaa,<br \/>\nfysiologiaa, anatomiaa, klovneriaa ja n\u00e4ytt\u00e4m\u00f6ilmaisua. <\/p>\n<p class=\"article-content article-content-width !bg-background\">P\u00e4\u00e4lajikseen Salla valitsi harrastusaikojensa suosikin ilma-akrobatian.<\/p>\n<p>Niukkaa taiteilijael\u00e4m\u00e4\u00e4<\/p>\n<p class=\"article-content article-content-width !bg-background\">Yli vuosikymmenen kest\u00e4neen nykysirkusuran j\u00e4lkeen Sallan haave n\u00e4yttelij\u00e4n\u00e4 ty\u00f6skentelemisest\u00e4 on noussut uudelleen pintaan.<\/p>\n<p class=\"article-content article-content-width !bg-background\">Jokainen stunttirooli on motivoinut h\u00e4nt\u00e4 tavoitteessaan eteenp\u00e4in. Lis\u00e4ksi h\u00e4n hioo ammattitaitoaan muun muassa Taideyliopiston avoimen yliopiston kursseilla.<\/p>\n<p>        <a itemprop=\"url\" href=\"https:\/\/www.seiska.fi\/katso\/jaan-vangit-sarja-raivostuttaa-katsojia-sossottavat-keskenaan\/1958313\" rel=\"nofollow noopener\" target=\"_blank\"><\/p>\n<p>\nJ\u00e4\u00e4n vangit\n<\/p>\n<p class=\"section-date\">\n        <strong class=\"article-section\" data-section=\"katso\"><br \/>\n            katso<br \/>\n        <\/strong><br \/>\n        10.10. 14:20\n    <\/p>\n<p>J\u00e4\u00e4n vangit -sarja raivostuttaa katsojia: &#8221;S\u00f6ss\u00f6tt\u00e4v\u00e4t kesken\u00e4\u00e4n&#8221;\n    <\/p>\n<p itemprop=\"description\" class=\"subtitle \">\n    Katsojat valittavat, ett\u00e4 J\u00e4\u00e4n vangeissa toistuu suomalaissarjojen helmasynti.\n<\/p>\n<p>        <\/a><\/p>\n<p>                <img decoding=\"async\" src=\"https:\/\/www.europesays.com\/fi\/wp-content\/uploads\/2025\/12\/2023778.webp\" width=\"576\" height=\"720\" alt=\"\u2013 Pime\u00e4ss\u00e4 vedess\u00e4 ajattelen, ett\u00e4 vaikka vesi on mustaa, se on vain vett\u00e4. Ja jos jokin hipaisee minua vedess\u00e4, se on yleens\u00e4 vain ruoho, siis vedenalaista luontoa, Salla sanoo.\" loading=\"lazy\" \/>            <\/p>\n<p>\n            \u2013 Pime\u00e4ss\u00e4 vedess\u00e4 ajattelen, ett\u00e4 vaikka vesi on mustaa, se on vain vett\u00e4. Ja jos jokin hipaisee minua vedess\u00e4, se on yleens\u00e4 vain ruoho, siis vedenalaista luontoa, Salla sanoo.<br \/>\n            Miro Suonper\u00e4\n        <\/p>\n<p class=\"article-content article-content-width !bg-background\">Valmistumisensa j\u00e4lkeen Salla on<br \/>\nty\u00f6llistynyt verrattain hyvin, mutta t\u00e4st\u00e4 huolimatta ty\u00f6t ovat kiven alla ja ala tekij\u00e4lleen ep\u00e4varma.\u00a0<\/p>\n<p class=\"article-content article-content-width !bg-background\">\u2013 T\u00e4ll\u00e4 alalla ty\u00f6llistyminen tarkoittaa jatkuvaa multitaskausta ja ep\u00e4varmuuden siet\u00e4mist\u00e4. Omalla kohdallani se on tarkoittanut\u00a0asiantuntijaty\u00f6t\u00e4, opetusta, keikkoja, apurahoja ja v\u00e4lill\u00e4 ty\u00f6tt\u00f6myystukea.\u00a0<\/p>\n<p class=\"article-content article-content-width !bg-background\">\u2013 En silti todellakaan voi suunnitella el\u00e4m\u00e4\u00e4ni<br \/>\npitk\u00e4lle eteenp\u00e4in.\u00a0Vakiintuneilla ammattiurillaan etenev\u00e4t ik\u00e4toverini saattavat ostaa omakotitalon, mutta itse asun vuokralla yksi\u00f6ss\u00e4, Salla toteaa.\u00a0<\/p>\n<p class=\"article-content article-content-width !bg-background\">20 vuotta sirkustaiteilijana tuntuu Sallan my\u00f6s kehossa.<\/p>\n<p class=\"article-content article-content-width !bg-background\">\u2013\tIlmeisesti ep\u00e4symmetrisest\u00e4 kuormituksesta johtuen kehoni oireilee jatkuvasti. On vanhoja loukkaantumisia ja hermokipua.\u00a0<\/p>\n<p class=\"article-content article-content-width !bg-background\">Oireilun helpottamiseksi Salla panostaisi mielell\u00e4\u00e4n kehonhuoltoon my\u00f6s rahallisesti, mutta taloudellisen ep\u00e4vakauden vuoksi kynnys t\u00e4h\u00e4n on usein korkea.<\/p>\n<p>&#8221;En pelk\u00e4\u00e4 kuolemaa&#8221;<\/p>\n<p class=\"article-content article-content-width !bg-background\">Veden alle Salla p\u00e4\u00e4tyi taiteilijana ensimm\u00e4isen sooloesityksens\u00e4 kautta vuonna 2013.<\/p>\n<p class=\"article-content article-content-width !bg-background\">\u2013 Ohjaaja  keksi, ett\u00e4<br \/>\nolisi kiva tehd\u00e4 semmoinen<br \/>\nvideoprojisointi n\u00e4ytt\u00e4m\u00f6lle, jossa olen<br \/>\nveden alla painottomana\u00a0ilma-akrobatiak\u00f6yteni<br \/>\nkanssa. H\u00e4n tiesi, ett\u00e4 olen aina viihtynyt vedess\u00e4.\u00a0<\/p>\n<p class=\"article-content article-content-width !bg-background\">\u2013 Vedenalaiskuvaajana ansioituneen\u00a0 suosituksesta<br \/>\np\u00e4\u00e4sin maailmanenn\u00e4tysvapaasukeltaja  oppiin\u00a0ottaakseni haltuun vapaasukeltamisen<br \/>\nperusteet, Salla kertoo.\u00a0<\/p>\n<p class=\"article-content article-content-width !bg-background\">Eik\u00e4 aikaakaan, kun sirkustaiteilija opetti n\u00e4yttelij\u00e4  Koirat eiv\u00e4t k\u00e4yt\u00e4 housuja -leffaa varten hengenpid\u00e4tyst\u00e4 uima-altaalla.\u00a0<\/p>\n<p>        <a itemprop=\"url\" href=\"https:\/\/www.seiska.fi\/katso\/listasimme-tom-cruisen-hurjimmat-stuntit-mika-naista-kauhistuttaa-eniten\/1087041\" rel=\"nofollow noopener\" target=\"_blank\"><\/p>\n<p class=\"section-date\">\n        <strong class=\"article-section\" data-section=\"katso\"><br \/>\n            katso<br \/>\n        <\/strong><br \/>\n        18.7.2023 18:12\n    <\/p>\n<p>Listasimme Tom Cruisen hurjimmat stuntit &#8211; mik\u00e4 n\u00e4ist\u00e4 kauhistuttaa eniten?\n    <\/p>\n<p itemprop=\"description\" class=\"subtitle \">\n    Mit\u00e4 pidemm\u00e4lle Tom Cruisen ura on edennyt, sit\u00e4 hurjempia stuntteja h\u00e4n tekee.\n<\/p>\n<p>        <\/a><\/p>\n<p>                <img decoding=\"async\" src=\"https:\/\/www.europesays.com\/fi\/wp-content\/uploads\/2025\/12\/2024534.webp\" width=\"576\" height=\"274\" alt=\"N\u00e4yttelij\u00e4t Pekka Strang ja Ester Geislerov\u00e0 vedenalaisessa kohtauksessa elokuvassa Koirat eiv\u00e4t k\u00e4yt\u00e4 housuja (2019).\" loading=\"lazy\" \/>            <\/p>\n<p>\n            N\u00e4yttelij\u00e4t Pekka Strang ja Ester Geislerov\u00e0 vedenalaisessa kohtauksessa elokuvassa Koirat eiv\u00e4t k\u00e4yt\u00e4 housuja (2019).<br \/>\n            Ilze Vanaga\/Helsinki-filmi\n        <\/p>\n<p class=\"article-content article-content-width !bg-background\">T\u00e4st\u00e4 Salla jatkoi taiteellista ty\u00f6t\u00e4 veden alla ja p\u00e4\u00e4si tekem\u00e4\u00e4n n\u00e4yttelij\u00f6iden vedenalaisvalmennuksen lis\u00e4ksi stuntkeikkoja tv- ja elokuvatuotantoihin.\u00a0<\/p>\n<p class=\"article-content article-content-width !bg-background\">Yksik\u00e4\u00e4n sukeltaja ei aloita uraansa hypp\u00e4\u00e4m\u00e4ll\u00e4 saman tien kylmiin ja pimeisiin luonnonvesiin.<\/p>\n<p class=\"article-content article-content-width !bg-background\">\u2013\tVeden alla ei ole tilaa pelolle. Vaarallisia ja pelottavia asioita pit\u00e4\u00e4 l\u00e4hesty\u00e4 hitaasti pienin askelin.<\/p>\n<p class=\"article-content article-content-width !bg-background\">\u2013\tSyvyyssukelluksen treenitkin aloitetaan altaasta. Avoveteen ei menn\u00e4 kahdeksanasteisen meren aallokkoon vaan kes\u00e4ll\u00e4 rauhalliseen j\u00e4rveen.<\/p>\n<p>                <img decoding=\"async\" src=\"https:\/\/www.europesays.com\/fi\/wp-content\/uploads\/2025\/12\/2023764.webp\" width=\"576\" height=\"322\" alt=\"\u2013 Stuntin ty\u00f6 on n\u00e4yttelemist\u00e4. En voi menn\u00e4 veden alle vain l\u00e4psyttelem\u00e4\u00e4n, vaan liikeilmaisu t\u00e4ytyy hallita kokonaisvaltaisesti. Voin kehollani n\u00e4ytell\u00e4 kuolemanpelkoa tai \u00e4\u00e4rimm\u00e4ist\u00e4 h\u00e4t\u00e4\u00e4 ja surua, Salla kuvailee ammattiaan.\" loading=\"lazy\" \/>            <\/p>\n<p>\n            \u2013 Stuntin ty\u00f6 on n\u00e4yttelemist\u00e4. En voi menn\u00e4 veden alle vain l\u00e4psyttelem\u00e4\u00e4n, vaan liikeilmaisu t\u00e4ytyy hallita kokonaisvaltaisesti. Voin kehollani n\u00e4ytell\u00e4 kuolemanpelkoa tai \u00e4\u00e4rimm\u00e4ist\u00e4 h\u00e4t\u00e4\u00e4 ja surua, Salla kuvailee ammattiaan.<br \/>\n            Atte Kajova\n        <\/p>\n<p class=\"article-content article-content-width !bg-background\">Kysytt\u00e4ess\u00e4 stuntin pelkoja laskeutuu huoneeseen pitk\u00e4 hiljaisuus.<\/p>\n<p class=\"article-content article-content-width !bg-background\">\u2013\u00a0En pelk\u00e4\u00e4 hukkumista enk\u00e4 ylip\u00e4\u00e4t\u00e4\u00e4n kuolemaa. En my\u00f6sk\u00e4\u00e4n ajattele \u00e4\u00e4rimm\u00e4isen riskin olemassaoloa.<\/p>\n<p class=\"article-content article-content-width !bg-background\">\u2013 Pelkoni niiss\u00e4 hetkiss\u00e4 ovat enemm\u00e4nkin sosiaalisia, kuten ett\u00e4 tuottaisin hirve\u00e4n pettymyksen kuvauksissa tai ty\u00f6yhteis\u00f6ss\u00e4, Salla sanoo.\u00a0<\/p>\n<p class=\"italic m-italic article-content article-content-width !bg-background\">Myrskyluodon Maija n\u00e4hd\u00e4\u00e4n torstaina 25. joulukuuta klo 19.15 MTV3:lla ja lauantaina 27. joulukuuta klo 21.00 Subilla sek\u00e4 MTV Katsomossa.\u00a0<\/p>\n<p class=\"italic m-italic article-content article-content-width !bg-background\">J\u00e4\u00e4n vangit on katsottavissa Ruutu+:lla.\u00a0<\/p>\n<p>        <a itemprop=\"url\" href=\"https:\/\/www.seiska.fi\/katso\/tiina-lymi-karsii-tyossaan-ahdistuksesta-aivan-hirveaa-hommaa\/1538971\" rel=\"nofollow noopener\" target=\"_blank\"><\/p>\n<p class=\"section-date\">\n        <strong class=\"article-section\" data-section=\"katso\"><br \/>\n            katso<br \/>\n        <\/strong><br \/>\n        9.12.2024 10:55\n    <\/p>\n<p>Tiina Lymi k\u00e4rsii ty\u00f6ss\u00e4\u00e4n ahdistuksesta: &#8221;Aivan hirve\u00e4\u00e4 hommaa&#8221;\n    <\/p>\n<p itemprop=\"description\" class=\"subtitle \">\n    Ohjaaja-k\u00e4sikirjoittaja Tiina Lymist\u00e4 tuntuu toisinaan, ett\u00e4 h\u00e4nt\u00e4 saisi mieluummin hakata tunnin pes\u00e4pallomailalla kuin ett\u00e4 h\u00e4n joutuisi kirjoittamaan.\n<\/p>\n<p>        <\/a><\/p>\n","protected":false},"excerpt":{"rendered":"Myrskyluodolla kolme lasta nukkuu rauhallista unta, mutta Maija-\u00e4iti k\u00e4velee rantaan, riisuu mekkonsa ja kahlaa mereen. H\u00e4nen on l\u00f6ydett\u00e4v\u00e4&hellip;\n","protected":false},"author":2,"featured_media":125428,"comment_status":"","ping_status":"","sticky":false,"template":"","format":"standard","meta":{"footnotes":""},"categories":[130],"tags":[22382,137,33,31,30,22380,17908,12642,22381,18052,22370,22377,10740,3940,1240,22376,22374,22373,22372,22371,13530,32,22378,12333,862,22379,109,22375],"class_list":{"0":"post-125427","1":"post","2":"type-post","3":"status-publish","4":"format-standard","5":"has-post-thumbnail","7":"category-viihde","8":"tag-amanda-jansson","9":"tag-entertainment","10":"tag-fi","11":"tag-finland","12":"tag-finnish","13":"tag-jaa","14":"tag-jaan-vangit","15":"tag-jessica-grabowsky","16":"tag-johanna-nordblad","17":"tag-kohtaus","18":"tag-kylmauinti","19":"tag-myrskyluodon-maija","20":"tag-pekka-strang","21":"tag-pelko","22":"tag-raha","23":"tag-salla-hakanpaa","24":"tag-sijaisnayttelija","25":"tag-sirkustaiteilija","26":"tag-stuntnayttelija","27":"tag-stuntti","28":"tag-sukellus","29":"tag-suomi","30":"tag-teemu-liakka","31":"tag-tiina-lymi","32":"tag-tyollisyys","33":"tag-vapaasukellus","34":"tag-viihde","35":"tag-ville-walo"},"share_on_mastodon":{"url":"https:\/\/pubeurope.com\/@fi\/115779554066568062","error":""},"_links":{"self":[{"href":"https:\/\/www.europesays.com\/fi\/wp-json\/wp\/v2\/posts\/125427","targetHints":{"allow":["GET"]}}],"collection":[{"href":"https:\/\/www.europesays.com\/fi\/wp-json\/wp\/v2\/posts"}],"about":[{"href":"https:\/\/www.europesays.com\/fi\/wp-json\/wp\/v2\/types\/post"}],"author":[{"embeddable":true,"href":"https:\/\/www.europesays.com\/fi\/wp-json\/wp\/v2\/users\/2"}],"replies":[{"embeddable":true,"href":"https:\/\/www.europesays.com\/fi\/wp-json\/wp\/v2\/comments?post=125427"}],"version-history":[{"count":0,"href":"https:\/\/www.europesays.com\/fi\/wp-json\/wp\/v2\/posts\/125427\/revisions"}],"wp:featuredmedia":[{"embeddable":true,"href":"https:\/\/www.europesays.com\/fi\/wp-json\/wp\/v2\/media\/125428"}],"wp:attachment":[{"href":"https:\/\/www.europesays.com\/fi\/wp-json\/wp\/v2\/media?parent=125427"}],"wp:term":[{"taxonomy":"category","embeddable":true,"href":"https:\/\/www.europesays.com\/fi\/wp-json\/wp\/v2\/categories?post=125427"},{"taxonomy":"post_tag","embeddable":true,"href":"https:\/\/www.europesays.com\/fi\/wp-json\/wp\/v2\/tags?post=125427"}],"curies":[{"name":"wp","href":"https:\/\/api.w.org\/{rel}","templated":true}]}}