{"id":125431,"date":"2025-12-25T09:45:20","date_gmt":"2025-12-25T09:45:20","guid":{"rendered":"https:\/\/www.europesays.com\/fi\/125431\/"},"modified":"2025-12-25T09:45:20","modified_gmt":"2025-12-25T09:45:20","slug":"korjaus-greta-thunberg-pidatettiin-lontoossa-aktivistiryhmaa-tukevassa-mielenosoituksessa-uutissuomalainen","status":"publish","type":"post","link":"https:\/\/www.europesays.com\/fi\/125431\/","title":{"rendered":"KORJAUS: Greta Thunberg pid\u00e4tettiin Lontoossa aktivistiryhm\u00e4\u00e4 tukevassa mielenosoituksessa | Uutissuomalainen"},"content":{"rendered":"<p>Ruotsalainen aktivisti Greta Thunberg pid\u00e4tettiin tiistaina Lontoossa mielenosoituksessa, jossa tuettiin sy\u00f6m\u00e4lakossa olevia Palestine Action -ryhm\u00e4n j\u00e4seni\u00e4. Asiasta kertoo Prisoners for Palestine -ryhm\u00e4.<\/p>\n<p>My\u00f6hemmin tiistaina poliisi kertoi, ett\u00e4 Thunberg vapautettiin takuita vastaan.<\/p>\n<p>Ryhm\u00e4n mukaan Thunberg pid\u00e4tettiin terrorismilain nojalla. H\u00e4n piteli kyltti\u00e4, jossa h\u00e4n kertoi tukevansa Britanniassa kielletyn Palestine Action -ryhm\u00e4n vangittuja j\u00e4seni\u00e4 ja vastustavansa kansanmurhaa.<\/p>\n<p>Palestine Action on palestiinalaisia tukeva ryhm\u00e4, joka on Britanniassa luokiteltu terroristij\u00e4rjest\u00f6ksi. Ryhm\u00e4n toimintaan osallistuminen ja sen julkinen tukeminen on kielletty.<\/p>\n<p>Linjaus tehtiin sen j\u00e4lkeen, kun aktivistit murtautuivat brittil\u00e4iseen lentotukikohtaan ja maalasivat spraymaalilla kahta ilmatankkauskonetta. <\/p>\n<p>Linjausta on arvosteltu sananvapauden vastaiseksi.<\/p>\n<p><a href=\"https:\/\/news.sky.com\/story\/greta-thunberg-arrested-at-a-protest-supporting-palestine-action-hunger-strikers-13486842\" rel=\"nofollow noopener\" target=\"_blank\">Sky Newsin<\/a> mukaan useat Palestine Actionin j\u00e4senet ovat tutkintavankeudessa ja olleet useita viikkoja sy\u00f6m\u00e4lakossa.<\/p>\n<p>Lokakuussa l\u00e4hes 500 mielenosoittajaa pid\u00e4tettiin Lontoossa Palestine Actionia tukevassa mielenosoituksessa.<\/p>\n<p>Juttu on julkaistu alun perin 23. joulukuuta 2025, ja sit\u00e4 on korjattu 24. joulukuuta 2025 kello 10.54: Thunbergin pitelem\u00e4ss\u00e4 kyltiss\u00e4 luki, ett\u00e4 h\u00e4n tukee Palestine Action -ryhm\u00e4n vangittuja j\u00e4seni\u00e4, ei ett\u00e4 h\u00e4n tukee Palestine Action -ryhm\u00e4\u00e4, kuten uutisessa aiemmin v\u00e4itettiin.<\/p>\n","protected":false},"excerpt":{"rendered":"Ruotsalainen aktivisti Greta Thunberg pid\u00e4tettiin tiistaina Lontoossa mielenosoituksessa, jossa tuettiin sy\u00f6m\u00e4lakossa olevia Palestine Action -ryhm\u00e4n j\u00e4seni\u00e4. Asiasta kertoo&hellip;\n","protected":false},"author":2,"featured_media":125432,"comment_status":"","ping_status":"","sticky":false,"template":"","format":"standard","meta":{"footnotes":""},"categories":[14],"tags":[22,23,26,27,33,31,30,17,2453,53,24,25,803,3142,28,29,15,18,21,637,32,19,20,56,16,59,60,61],"class_list":{"0":"post-125431","1":"post","2":"type-post","3":"status-publish","4":"format-standard","5":"has-post-thumbnail","7":"category-ulkomaat","8":"tag-breaking-news","9":"tag-breakingnews","10":"tag-featured-news","11":"tag-featurednews","12":"tag-fi","13":"tag-finland","14":"tag-finnish","15":"tag-headlines","16":"tag-kansalaisaktivismi-ja-jarjestot","17":"tag-laki-oikeus-ja-rikos","18":"tag-latest-news","19":"tag-latestnews","20":"tag-levottomuudet-ja-sodat","21":"tag-lontoo","22":"tag-main-news","23":"tag-mainnews","24":"tag-news","25":"tag-otsikot","26":"tag-paauutiset","27":"tag-politiikka","28":"tag-suomi","29":"tag-top-stories","30":"tag-topstories","31":"tag-ulkomaat","32":"tag-uutiset","33":"tag-world","34":"tag-world-news","35":"tag-worldnews"},"share_on_mastodon":{"url":"https:\/\/pubeurope.com\/@fi\/115779569176416477","error":""},"_links":{"self":[{"href":"https:\/\/www.europesays.com\/fi\/wp-json\/wp\/v2\/posts\/125431","targetHints":{"allow":["GET"]}}],"collection":[{"href":"https:\/\/www.europesays.com\/fi\/wp-json\/wp\/v2\/posts"}],"about":[{"href":"https:\/\/www.europesays.com\/fi\/wp-json\/wp\/v2\/types\/post"}],"author":[{"embeddable":true,"href":"https:\/\/www.europesays.com\/fi\/wp-json\/wp\/v2\/users\/2"}],"replies":[{"embeddable":true,"href":"https:\/\/www.europesays.com\/fi\/wp-json\/wp\/v2\/comments?post=125431"}],"version-history":[{"count":0,"href":"https:\/\/www.europesays.com\/fi\/wp-json\/wp\/v2\/posts\/125431\/revisions"}],"wp:featuredmedia":[{"embeddable":true,"href":"https:\/\/www.europesays.com\/fi\/wp-json\/wp\/v2\/media\/125432"}],"wp:attachment":[{"href":"https:\/\/www.europesays.com\/fi\/wp-json\/wp\/v2\/media?parent=125431"}],"wp:term":[{"taxonomy":"category","embeddable":true,"href":"https:\/\/www.europesays.com\/fi\/wp-json\/wp\/v2\/categories?post=125431"},{"taxonomy":"post_tag","embeddable":true,"href":"https:\/\/www.europesays.com\/fi\/wp-json\/wp\/v2\/tags?post=125431"}],"curies":[{"name":"wp","href":"https:\/\/api.w.org\/{rel}","templated":true}]}}