{"id":125433,"date":"2025-12-25T09:46:12","date_gmt":"2025-12-25T09:46:12","guid":{"rendered":"https:\/\/www.europesays.com\/fi\/125433\/"},"modified":"2025-12-25T09:46:12","modified_gmt":"2025-12-25T09:46:12","slug":"satakunta-ihmista-kaannytettiin-hurstin-ruokajonosta","status":"publish","type":"post","link":"https:\/\/www.europesays.com\/fi\/125433\/","title":{"rendered":"Satakunta ihmist\u00e4 k\u00e4\u00e4nnytettiin Hurstin ruokajonosta"},"content":{"rendered":"<p class=\"article-body mb-nof-24 px-nof-16\">Hurstin Avun perinteiseen joulujuhlaan Helsingin Messukeskuksessa osallistui jouluaattona noin 2\u202f300 ihmist\u00e4, vahvistaa varatoiminnanjohtaja <a class=\"article-personlink\" href=\"https:\/\/www.is.fi\/haku\/?query=Heikki%20Hursti\" rel=\"nofollow noopener\" target=\"_blank\">Heikki Hursti<\/a>. Se on kaikkien aikojen enn\u00e4tys.<\/p>\n<p class=\"article-body mb-nof-24 px-nof-16\">\u2013 Se yll\u00e4tti meid\u00e4t kaikki, Hursti sanoo.<\/p>\n<p class=\"article-body mb-nof-24 px-nof-16\">H\u00e4nen mukaansa tulijoita olisi ollut t\u00e4t\u00e4kin enemm\u00e4n. Noin satakunta ihmist\u00e4 jouduttiin k\u00e4\u00e4nnytt\u00e4m\u00e4\u00e4n ovilta turvallisuusm\u00e4\u00e4r\u00e4ysten takia.<\/p>\n<p class=\"article-body mb-nof-24 px-nof-16\">\u2013 Noin satakunta jouduttiin j\u00e4tt\u00e4m\u00e4\u00e4n ulkopuolelle syyst\u00e4, koska hallimestari sanoi, ettei voi ottaa enemp\u00e4\u00e4 sis\u00e4lle, Hursti sanoo.<\/p>\n<p class=\"article-body mb-nof-24 px-nof-16\">Hursti oli t\u00e4st\u00e4 harmissaan.<\/p>\n<p class=\"article-body mb-nof-24 px-nof-16\">\u2013 Onhan se aina ik\u00e4v\u00e4\u00e4.<\/p>\n<p><img decoding=\"async\" src=\"https:\/\/www.europesays.com\/fi\/wp-content\/uploads\/2025\/12\/1766628850_301_468.jpg\" alt=\"T\u00e4llaisen jouluaterian Hurstin Avun juhlassa sai.\" class=\"_Img_1rerz_1\" style=\"aspect-ratio:1.5\" loading=\"eager\"\/><\/p>\n<p class=\"article-picture-caption\">T\u00e4llaisen jouluaterian Hurstin Avun juhlassa sai. Kuva:\u00a0Lassi Rinne<\/p>\n<p class=\"article-body mb-nof-24 px-nof-16\">Tapahtumasta j\u00e4i hieman yli ruokaa, jota on tarkoitus jakaa It\u00e4keskuksen Tallinnanaukiolla tapaninp\u00e4iv\u00e4n\u00e4 kello 12 alkaen.<\/p>\n<p class=\"article-body mb-nof-24 px-nof-16\">\u2013 Saimme ylim\u00e4\u00e4r\u00e4isen l\u00e4hetyksen savukalaa, mink\u00e4 lis\u00e4ksi j\u00e4i hieman kinkkua, makkaraa ja ruokapusseja, Hursti kertoo.<\/p>\n<p class=\"article-body mb-nof-24 px-nof-16\">Hurstin mukaan yleis\u00f6rynt\u00e4ys yksin\u00e4isten ja v\u00e4h\u00e4varaisten joulujuhlaan kertoo yhteiskunnan pahentuneesta tilasta.<\/p>\n<p class=\"article-body mb-nof-24 px-nof-16\">\u2013 Mun mielest\u00e4 se kertoo siit\u00e4, ett\u00e4 Suomessa voidaan pahoin. Kun leikkauksia tehd\u00e4\u00e4n koko ajan enemm\u00e4n ja enemm\u00e4n, niin ne koskevat aina heikkotuloisia, v\u00e4h\u00e4varaisia ja el\u00e4kel\u00e4isi\u00e4, Hursti sanoo.<\/p>\n<p><img decoding=\"async\" src=\"https:\/\/www.europesays.com\/fi\/wp-content\/uploads\/2025\/12\/1766628850_252_468.jpg\" alt=\"Ruokakassissa oli esimerkiksi leip\u00e4\u00e4, jouluruokaa ja herkkuja.\" class=\"_Img_1rerz_1\" style=\"aspect-ratio:1.5\" loading=\"eager\"\/><\/p>\n<p class=\"article-picture-caption\">Ruokakassissa oli esimerkiksi leip\u00e4\u00e4, jouluruokaa ja herkkuja. Kuva:\u00a0Lassi Rinne<\/p>\n","protected":false},"excerpt":{"rendered":"Hurstin Avun perinteiseen joulujuhlaan Helsingin Messukeskuksessa osallistui jouluaattona noin 2\u202f300 ihmist\u00e4, vahvistaa varatoiminnanjohtaja Heikki Hursti. Se on kaikkien&hellip;\n","protected":false},"author":2,"featured_media":125434,"comment_status":"","ping_status":"","sticky":false,"template":"","format":"standard","meta":{"footnotes":""},"categories":[12],"tags":[22,23,26,27,33,31,30,17,34,24,25,28,29,15,18,21,32,19,20,16],"class_list":{"0":"post-125433","1":"post","2":"type-post","3":"status-publish","4":"format-standard","5":"has-post-thumbnail","7":"category-suomi","8":"tag-breaking-news","9":"tag-breakingnews","10":"tag-featured-news","11":"tag-featurednews","12":"tag-fi","13":"tag-finland","14":"tag-finnish","15":"tag-headlines","16":"tag-ilta-sanomat","17":"tag-latest-news","18":"tag-latestnews","19":"tag-main-news","20":"tag-mainnews","21":"tag-news","22":"tag-otsikot","23":"tag-paauutiset","24":"tag-suomi","25":"tag-top-stories","26":"tag-topstories","27":"tag-uutiset"},"share_on_mastodon":{"url":"https:\/\/pubeurope.com\/@fi\/115779573394294611","error":""},"_links":{"self":[{"href":"https:\/\/www.europesays.com\/fi\/wp-json\/wp\/v2\/posts\/125433","targetHints":{"allow":["GET"]}}],"collection":[{"href":"https:\/\/www.europesays.com\/fi\/wp-json\/wp\/v2\/posts"}],"about":[{"href":"https:\/\/www.europesays.com\/fi\/wp-json\/wp\/v2\/types\/post"}],"author":[{"embeddable":true,"href":"https:\/\/www.europesays.com\/fi\/wp-json\/wp\/v2\/users\/2"}],"replies":[{"embeddable":true,"href":"https:\/\/www.europesays.com\/fi\/wp-json\/wp\/v2\/comments?post=125433"}],"version-history":[{"count":0,"href":"https:\/\/www.europesays.com\/fi\/wp-json\/wp\/v2\/posts\/125433\/revisions"}],"wp:featuredmedia":[{"embeddable":true,"href":"https:\/\/www.europesays.com\/fi\/wp-json\/wp\/v2\/media\/125434"}],"wp:attachment":[{"href":"https:\/\/www.europesays.com\/fi\/wp-json\/wp\/v2\/media?parent=125433"}],"wp:term":[{"taxonomy":"category","embeddable":true,"href":"https:\/\/www.europesays.com\/fi\/wp-json\/wp\/v2\/categories?post=125433"},{"taxonomy":"post_tag","embeddable":true,"href":"https:\/\/www.europesays.com\/fi\/wp-json\/wp\/v2\/tags?post=125433"}],"curies":[{"name":"wp","href":"https:\/\/api.w.org\/{rel}","templated":true}]}}