{"id":125439,"date":"2025-12-25T10:04:09","date_gmt":"2025-12-25T10:04:09","guid":{"rendered":"https:\/\/www.europesays.com\/fi\/125439\/"},"modified":"2025-12-25T10:04:09","modified_gmt":"2025-12-25T10:04:09","slug":"anaconda-elokuvan-arvostelu-episodi-fi","status":"publish","type":"post","link":"https:\/\/www.europesays.com\/fi\/125439\/","title":{"rendered":"Anaconda \u2013 elokuvan arvostelu &#8211; Episodi.fi"},"content":{"rendered":"<p><strong>Jack Black<\/strong> ja <strong>Paul Rudd<\/strong> esitt\u00e4v\u00e4t elokuva-alan laitamilla ty\u00f6skentelevi\u00e4 miehi\u00e4, jotka ovat olleet kavereita lapsesta saakka, vaikka maailma onkin vienyt eri teille. Kohtaaminen toisen syntym\u00e4p\u00e4ivill\u00e4 saa heid\u00e4t pohtimaan, mit\u00e4 on tapahtunut heid\u00e4n unelmilleen tehd\u00e4 elokuvia. He saavat p\u00e4\u00e4h\u00e4ns\u00e4 l\u00e4hte\u00e4 Amazonille tekem\u00e4\u00e4n uudelleenfilmatisointia suosikkielokuvastaan Anacondasta. Resursseja ei juuri ole, mutta he puhuvat mukaansa kaksi muuta yst\u00e4v\u00e4\u00e4.<\/p>\n<p>Anaconda ei olisi kauhukomedia, jos asiat eiv\u00e4t menisi pieleen. Piskuinen kuvausryhm\u00e4 saa per\u00e4\u00e4ns\u00e4 v\u00e4kivaltaisen oloisia takaa-ajajia sek\u00e4 tietysti megalomaanisen k\u00e4\u00e4rmehirvi\u00f6n. Elokuva onnistuu pitk\u00e4\u00e4n pit\u00e4m\u00e4\u00e4n jonkinlaisessa tasapainossa realistisen keski-i\u00e4n kriiseilyn ja kliseisyydess\u00e4\u00e4n huvittavat j\u00e4nnitysk\u00e4\u00e4nteet. Loppua kohti menn\u00e4\u00e4n yh\u00e4 syvemm\u00e4lle ylily\u00f6nteihin ja fani-palveluun, mik\u00e4 sy\u00f6 tarinan ja hahmojen sympaattisuutta.<\/p>\n<p>Anacondan on kirjoittanut ja ohjannut <strong>Tom Gormican<\/strong>, jonka aikaisempia elokuvia ovat kammottava Sinkkuna suhteessa ja ratkiriemukas Suurenmoisen lahjakkuuden siet\u00e4m\u00e4t\u00f6n keveys. Anaconda asettuu jonnekin niiden v\u00e4liin. Sen onnistuneet hetket ovat onnistuneita ja ep\u00e4onnistuneetkin parhaimmillaan h\u00e4pe\u00e4llisesti hihitytt\u00e4vi\u00e4.<\/p>\n<p>Jouni Vikman<\/p>\n<p>                                                            Anaconda -elokuvan traileri<br \/>\n                                <img loading=\"lazy\" decoding=\"async\" alt=\"YouTube video\" width=\"480\" height=\"360\" data-pin-nopin=\"true\" nopin=\"nopin\" class=\"perfmatters-lazy\" src=\"https:\/\/www.europesays.com\/fi\/wp-content\/uploads\/2025\/12\/1766657049_300_hqdefault.jpg\"\/>                                                        <\/p>\n","protected":false},"excerpt":{"rendered":"Jack Black ja Paul Rudd esitt\u00e4v\u00e4t elokuva-alan laitamilla ty\u00f6skentelevi\u00e4 miehi\u00e4, jotka ovat olleet kavereita lapsesta saakka, vaikka maailma&hellip;\n","protected":false},"author":2,"featured_media":125440,"comment_status":"","ping_status":"","sticky":false,"template":"","format":"standard","meta":{"footnotes":""},"categories":[131],"tags":[155,137,33,173,31,30,172,32,109],"class_list":{"0":"post-125439","1":"post","2":"type-post","3":"status-publish","4":"format-standard","5":"has-post-thumbnail","7":"category-elokuvat","8":"tag-elokuvat","9":"tag-entertainment","10":"tag-fi","11":"tag-film","12":"tag-finland","13":"tag-finnish","14":"tag-movies","15":"tag-suomi","16":"tag-viihde"},"share_on_mastodon":{"url":"https:\/\/pubeurope.com\/@fi\/115779644016497023","error":""},"_links":{"self":[{"href":"https:\/\/www.europesays.com\/fi\/wp-json\/wp\/v2\/posts\/125439","targetHints":{"allow":["GET"]}}],"collection":[{"href":"https:\/\/www.europesays.com\/fi\/wp-json\/wp\/v2\/posts"}],"about":[{"href":"https:\/\/www.europesays.com\/fi\/wp-json\/wp\/v2\/types\/post"}],"author":[{"embeddable":true,"href":"https:\/\/www.europesays.com\/fi\/wp-json\/wp\/v2\/users\/2"}],"replies":[{"embeddable":true,"href":"https:\/\/www.europesays.com\/fi\/wp-json\/wp\/v2\/comments?post=125439"}],"version-history":[{"count":0,"href":"https:\/\/www.europesays.com\/fi\/wp-json\/wp\/v2\/posts\/125439\/revisions"}],"wp:featuredmedia":[{"embeddable":true,"href":"https:\/\/www.europesays.com\/fi\/wp-json\/wp\/v2\/media\/125440"}],"wp:attachment":[{"href":"https:\/\/www.europesays.com\/fi\/wp-json\/wp\/v2\/media?parent=125439"}],"wp:term":[{"taxonomy":"category","embeddable":true,"href":"https:\/\/www.europesays.com\/fi\/wp-json\/wp\/v2\/categories?post=125439"},{"taxonomy":"post_tag","embeddable":true,"href":"https:\/\/www.europesays.com\/fi\/wp-json\/wp\/v2\/tags?post=125439"}],"curies":[{"name":"wp","href":"https:\/\/api.w.org\/{rel}","templated":true}]}}