{"id":125443,"date":"2025-12-25T10:07:08","date_gmt":"2025-12-25T10:07:08","guid":{"rendered":"https:\/\/www.europesays.com\/fi\/125443\/"},"modified":"2025-12-25T10:07:08","modified_gmt":"2025-12-25T10:07:08","slug":"yhdysvaltalaistahti-jakoi-kuvia-lapista-fanit-hakeltyivat-pohjoisesta-luonnonihmeesta","status":"publish","type":"post","link":"https:\/\/www.europesays.com\/fi\/125443\/","title":{"rendered":"Yhdysvaltalaist\u00e4hti jakoi kuvia Lapista \u2013 Fanit h\u00e4keltyiv\u00e4t pohjoisesta luonnonihmeest\u00e4"},"content":{"rendered":"<p>Yhdysvaltalaisen televisiojuontaja Alfonso Ribeiron fanit ihastelivat h\u00e4nen jakamiaan kuvia revontulista.<\/p>\n<p><img decoding=\"async\" class=\"image image-show image-preview\" src=\"https:\/\/www.europesays.com\/fi\/wp-content\/uploads\/2025\/12\/26e6e0c604de8390a438d54192adf421393ae5d16740a8d1846a425035f9cc42.png\" alt=\"\"\/><img decoding=\"async\" class=\"image image-show\" src=\"https:\/\/www.europesays.com\/fi\/wp-content\/uploads\/2025\/12\/1766657228_338_26e6e0c604de8390a438d54192adf421393ae5d16740a8d1846a425035f9cc42.png\" alt=\"\"\/><\/p>\n<p>Alfonso Ribeiro vieraili lastensa kanssa Suomessa. AOP<\/p>\n<p class=\"paragraph\">Yhdysvaltalainen n\u00e4yttelij\u00e4 ja juontaja <a href=\"https:\/\/www.iltalehti.fi\/henkilot\/Alfonso Ribeiro\" class=\"article-link-person-page\" rel=\"nofollow noopener\" target=\"_blank\">Alfonso Ribeiro<\/a> on viett\u00e4nyt joulua perheens\u00e4 kanssa Lapissa. Maailmant\u00e4hti on jakanut kauniita lumisia kuvia itsest\u00e4\u00e4n ja perheenj\u00e4senist\u00e4\u00e4n lumikelkkasafarilta sek\u00e4 porovaljakon kyydist\u00e4.<\/p>\n<p class=\"paragraph\">\u2013 Lumikelkkailua, poroajelua ja arktisia maisemia. Sellainen p\u00e4iv\u00e4, joka j\u00e4\u00e4 mieleen ikuisesti, h\u00e4n kirjoittaa kuvakarusellin yhteyteen.<\/p>\n<p class=\"paragraph\">Jos julkaisu ei n\u00e4y, voit katsoa sen <a href=\"https:\/\/www.instagram.com\/p\/DSonjfEjiaU\/?hl=fi&amp;img_index=8\" target=\"_blank\" rel=\"noopener nofollow\">t\u00e4st\u00e4<\/a>.<\/p>\n<p class=\"paragraph\">Julkaisujen perusteella perhe on viihtynyt matkallaan Suomessa. He p\u00e4\u00e4siv\u00e4t my\u00f6s ihailemaan upeita revontulia, joita Ribeiro hehkutti Instagramissa.<\/p>\n<p class=\"paragraph\">\u2013 Vietimme talvip\u00e4iv\u00e4nseisauksen Lapissa, miss\u00e4 p\u00e4iv\u00e4valoa oli vain muutama tunti. Saattoimmekin kokea todellakin vuoden lyhimm\u00e4n p\u00e4iv\u00e4n, mutta varmasti kaikkein taianomaisimman y\u00f6n, h\u00e4n kirjoittaa julkaisemalleen videolle, johon on liitetty kuvia revontulista.<\/p>\n<p class=\"paragraph\">Jos julkaisu ei n\u00e4y, voit katsoa sen <a href=\"https:\/\/www.instagram.com\/p\/DSk-fkIDgvt\/?hl=fi\" target=\"_blank\" rel=\"noopener nofollow\">t\u00e4st\u00e4<\/a>.<\/p>\n<p class=\"paragraph\">Monet h\u00e4nen seuraajistaan ovat t\u00e4ysin h\u00e4keltyneit\u00e4 n\u00e4yst\u00e4. Fanit hehkuttavat kaunista n\u00e4ky\u00e4 julkaisun kommenttikent\u00e4ss\u00e4:<\/p>\n<p class=\"paragraph\">\u2013 Vau, uskomatonta, kommentoi yksi.<\/p>\n<p class=\"paragraph\">\u2013 Vau, vau, vau, ihasteli toinen.<\/p>\n<p class=\"paragraph\">\u2013 Niin kaunista.<\/p>\n<p class=\"paragraph\">\u2013 Revontulien n\u00e4keminen Islannissa oli yksi el\u00e4m\u00e4ni kohokohdista. Niin kaunista! Hienoa, ett\u00e4 teill\u00e4kin oli hauskaa, kertoi er\u00e4s.<\/p>\n<p class=\"paragraph\">Perhe on vieraillut my\u00f6s Rovaniemen Lehtoj\u00e4rvell\u00e4 sijaitsevassa Arctic SnowHotel &amp; Glass Igloos -hotellissa. Ribeiro on jakanut kohteesta videon, jossa he ihailevat hotellirakennusta, makoilevat lumisilla s\u00e4ngyill\u00e4, nauttivat mehua j\u00e4\u00e4laseista ja lopuksi perinteisesti rikkovat j\u00e4iset lasit heitt\u00e4m\u00e4ll\u00e4 ne j\u00e4\u00e4sein\u00e4\u00e4n.<\/p>\n<p class=\"paragraph\">\u2013 T\u00e4m\u00e4 paikka ylitti odotukseni! Niin paljon taidetta, ihastusta ja vau-efekti\u00e4, h\u00e4n kirjoittaa videon yhteyteen.<\/p>\n<p class=\"paragraph\">Jos julkaisu ei n\u00e4y, voit katsoa sen <a href=\"https:\/\/www.instagram.com\/p\/DSrHerZD4xb\/?hl=fi\" target=\"_blank\" rel=\"noopener nofollow\">t\u00e4st\u00e4<\/a>.<\/p>\n<p class=\"paragraph\">Alfonso Ribeiro on yhdysvaltalainen n\u00e4yttelij\u00e4, tanssija ja televisiojuontaja, joka on noussut julkisuuteen monipuolisen uransa kautta. H\u00e4net muistetaan erityisesti roolistaan Carlton Banksina suositussa tv-sarjassa Bel-Airin prinssi.<\/p>\n<p class=\"paragraph\">Ribeiro aloitti uransa Broadway-musikaalista The Tap Dance Kid. T\u00e4m\u00e4n vuoksi h\u00e4n on n\u00e4yttelemisen lis\u00e4ksi my\u00f6s taitava tanssija. Ribeiro on voittanut Yhdysvaltojen Tanssii t\u00e4htien kanssa -ohjelman ja on juontanut sit\u00e4 vuodesta 2023 l\u00e4htien.<\/p>\n<p class=\"paragraph\">Nyky\u00e4\u00e4n h\u00e4n juontaa Amerikan hauskimmat kotivideot -ohjelmaa.<\/p>\n<p><script async src=\"\/\/www.instagram.com\/embed.js\"><\/script><\/p>\n","protected":false},"excerpt":{"rendered":"Yhdysvaltalaisen televisiojuontaja Alfonso Ribeiron fanit ihastelivat h\u00e4nen jakamiaan kuvia revontulista. Alfonso Ribeiro vieraili lastensa kanssa Suomessa. AOP Yhdysvaltalainen&hellip;\n","protected":false},"author":2,"featured_media":125444,"comment_status":"","ping_status":"","sticky":false,"template":"","format":"standard","meta":{"footnotes":""},"categories":[130],"tags":[35,153,137,33,31,30,718,32,485,140,139,109],"class_list":{"0":"post-125443","1":"post","2":"type-post","3":"status-publish","4":"format-standard","5":"has-post-thumbnail","7":"category-viihde","8":"tag-24h","9":"tag-audiovisuaalinen-media","10":"tag-entertainment","11":"tag-fi","12":"tag-finland","13":"tag-finnish","14":"tag-nayttamotaide","15":"tag-suomi","16":"tag-taide-yleista","17":"tag-tv-ja-elokuvat","18":"tag-tv-ohjelmat","19":"tag-viihde"},"share_on_mastodon":{"url":"https:\/\/pubeurope.com\/@fi\/115779655871997343","error":""},"_links":{"self":[{"href":"https:\/\/www.europesays.com\/fi\/wp-json\/wp\/v2\/posts\/125443","targetHints":{"allow":["GET"]}}],"collection":[{"href":"https:\/\/www.europesays.com\/fi\/wp-json\/wp\/v2\/posts"}],"about":[{"href":"https:\/\/www.europesays.com\/fi\/wp-json\/wp\/v2\/types\/post"}],"author":[{"embeddable":true,"href":"https:\/\/www.europesays.com\/fi\/wp-json\/wp\/v2\/users\/2"}],"replies":[{"embeddable":true,"href":"https:\/\/www.europesays.com\/fi\/wp-json\/wp\/v2\/comments?post=125443"}],"version-history":[{"count":0,"href":"https:\/\/www.europesays.com\/fi\/wp-json\/wp\/v2\/posts\/125443\/revisions"}],"wp:featuredmedia":[{"embeddable":true,"href":"https:\/\/www.europesays.com\/fi\/wp-json\/wp\/v2\/media\/125444"}],"wp:attachment":[{"href":"https:\/\/www.europesays.com\/fi\/wp-json\/wp\/v2\/media?parent=125443"}],"wp:term":[{"taxonomy":"category","embeddable":true,"href":"https:\/\/www.europesays.com\/fi\/wp-json\/wp\/v2\/categories?post=125443"},{"taxonomy":"post_tag","embeddable":true,"href":"https:\/\/www.europesays.com\/fi\/wp-json\/wp\/v2\/tags?post=125443"}],"curies":[{"name":"wp","href":"https:\/\/api.w.org\/{rel}","templated":true}]}}