{"id":125445,"date":"2025-12-25T10:10:12","date_gmt":"2025-12-25T10:10:12","guid":{"rendered":"https:\/\/www.europesays.com\/fi\/125445\/"},"modified":"2025-12-25T10:10:12","modified_gmt":"2025-12-25T10:10:12","slug":"neljan-vuoden-ajan-jamsassa-toiminut-baari-sulkee-ovensa-vuodenvaihteen-jalkeen-toiminnan-loppuminen-saa-minut-valtavan-surulliseksi","status":"publish","type":"post","link":"https:\/\/www.europesays.com\/fi\/125445\/","title":{"rendered":"Nelj\u00e4n vuoden ajan J\u00e4ms\u00e4ss\u00e4 toiminut baari sulkee ovensa vuodenvaihteen j\u00e4lkeen: \u201dToiminnan loppuminen saa minut valtavan surulliseksi\u201d"},"content":{"rendered":"<p>Hupikeskus Karhula on auki viel\u00e4 kahtena iltana ennen uudenvuoden p\u00e4\u00e4t\u00f6sbileit\u00e4. Yritt\u00e4j\u00e4 Mika Saarinen kertoo, ett\u00e4 ovet sulkeutuvat toistaiseksi, mutta luultavasti pysyv\u00e4sti.<\/p>\n<p class=\"article-body mb-nof-24 px-nof-16\">Lindemaninkadun varrella reilut nelj\u00e4 vuotta sitten toimintansa aloittanut Hupikeskus Karhula sulkee ovensa vuodenvaihteen j\u00e4lkeen.<\/p>\n<p class=\"article-body mb-nof-24 px-nof-16\">Ravintolan yritt\u00e4j\u00e4 <a class=\"article-personlink\" href=\"https:\/\/www.jamsanseutu.fi\/haku\/?query=Mika%20Saarinen\" rel=\"nofollow noopener\" target=\"_blank\">Mika Saarinen<\/a> kertoo, ett\u00e4 p\u00e4\u00e4t\u00f6s oli raskas teht\u00e4v\u00e4ksi, mutta muitakaan vaihtoehtoja ei ole. Ravintolan asiakasm\u00e4\u00e4r\u00e4t ovat v\u00e4hentyneet selv\u00e4sti parin viimeisen vuoden aikana. Markkina muuttui rajusti vuoden 2024 alussa ja talous k\u00e4\u00e4ntyi taantumaan.<\/p>\n","protected":false},"excerpt":{"rendered":"Hupikeskus Karhula on auki viel\u00e4 kahtena iltana ennen uudenvuoden p\u00e4\u00e4t\u00f6sbileit\u00e4. Yritt\u00e4j\u00e4 Mika Saarinen kertoo, ett\u00e4 ovet sulkeutuvat toistaiseksi,&hellip;\n","protected":false},"author":2,"featured_media":125446,"comment_status":"","ping_status":"","sticky":false,"template":"","format":"standard","meta":{"footnotes":""},"categories":[76],"tags":[79,77,33,31,30,3435,32,78],"class_list":{"0":"post-125445","1":"post","2":"type-post","3":"status-publish","4":"format-standard","5":"has-post-thumbnail","7":"category-talous","8":"tag-business","9":"tag-economy","10":"tag-fi","11":"tag-finland","12":"tag-finnish","13":"tag-jamsan-seutu","14":"tag-suomi","15":"tag-talous"},"share_on_mastodon":{"url":"https:\/\/pubeurope.com\/@fi\/115779667917297125","error":""},"_links":{"self":[{"href":"https:\/\/www.europesays.com\/fi\/wp-json\/wp\/v2\/posts\/125445","targetHints":{"allow":["GET"]}}],"collection":[{"href":"https:\/\/www.europesays.com\/fi\/wp-json\/wp\/v2\/posts"}],"about":[{"href":"https:\/\/www.europesays.com\/fi\/wp-json\/wp\/v2\/types\/post"}],"author":[{"embeddable":true,"href":"https:\/\/www.europesays.com\/fi\/wp-json\/wp\/v2\/users\/2"}],"replies":[{"embeddable":true,"href":"https:\/\/www.europesays.com\/fi\/wp-json\/wp\/v2\/comments?post=125445"}],"version-history":[{"count":0,"href":"https:\/\/www.europesays.com\/fi\/wp-json\/wp\/v2\/posts\/125445\/revisions"}],"wp:featuredmedia":[{"embeddable":true,"href":"https:\/\/www.europesays.com\/fi\/wp-json\/wp\/v2\/media\/125446"}],"wp:attachment":[{"href":"https:\/\/www.europesays.com\/fi\/wp-json\/wp\/v2\/media?parent=125445"}],"wp:term":[{"taxonomy":"category","embeddable":true,"href":"https:\/\/www.europesays.com\/fi\/wp-json\/wp\/v2\/categories?post=125445"},{"taxonomy":"post_tag","embeddable":true,"href":"https:\/\/www.europesays.com\/fi\/wp-json\/wp\/v2\/tags?post=125445"}],"curies":[{"name":"wp","href":"https:\/\/api.w.org\/{rel}","templated":true}]}}