{"id":125455,"date":"2025-12-25T10:30:12","date_gmt":"2025-12-25T10:30:12","guid":{"rendered":"https:\/\/www.europesays.com\/fi\/125455\/"},"modified":"2025-12-25T10:30:12","modified_gmt":"2025-12-25T10:30:12","slug":"mika-jouluelokuva-kaikkien-tulisi-nahda-aanesta","status":"publish","type":"post","link":"https:\/\/www.europesays.com\/fi\/125455\/","title":{"rendered":"Mik\u00e4 jouluelokuva kaikkien tulisi n\u00e4hd\u00e4? \u00c4\u00e4nest\u00e4"},"content":{"rendered":"<p>Vuodesta toiseen olemme saman kysymyksen \u00e4\u00e4rell\u00e4: mik\u00e4 on paras jouluelokuva?<\/p>\n<p><img decoding=\"async\" class=\"image image-show image-preview\" src=\"https:\/\/www.europesays.com\/fi\/wp-content\/uploads\/2025\/12\/7b5b545c2252b9831fca22d1606e9dd18fb135daabf5125bfa41e90c0bf7d560.jpg\" alt=\"\"\/><img decoding=\"async\" class=\"image image-show\" src=\"https:\/\/www.europesays.com\/fi\/wp-content\/uploads\/2025\/12\/1766658612_381_7b5b545c2252b9831fca22d1606e9dd18fb135daabf5125bfa41e90c0bf7d560.jpg\" alt=\"\"\/><\/p>\n<p>Lumiukko on yksi joulun perinteikk\u00e4immist\u00e4 jouluelokuvista, mutta onko se paras? Yle<\/p>\n<p class=\"paragraph\">Joka joulu ihmiset k\u00e4pertyv\u00e4t viltin alle sohvalle ja miettiv\u00e4t, mink\u00e4 elokuvan katsoisi seuraavaksi. Konvehtipaperit rapisevat samalla, kun suoratoistopalveluiden tarjonnasta etsit\u00e4\u00e4n parasta jouluelokuvaa.<\/p>\n<p class=\"paragraph\">Iltalehden lukijat saavat nyt \u00e4\u00e4nest\u00e4\u00e4 omaa suosikkijouluelokuvaansa. \u00c4\u00e4nestyksen tulos julkaistaan Iltalehden verkkosivuilla joulun pyhin\u00e4.<\/p>\n","protected":false},"excerpt":{"rendered":"Vuodesta toiseen olemme saman kysymyksen \u00e4\u00e4rell\u00e4: mik\u00e4 on paras jouluelokuva? Lumiukko on yksi joulun perinteikk\u00e4immist\u00e4 jouluelokuvista, mutta onko&hellip;\n","protected":false},"author":2,"featured_media":125456,"comment_status":"","ping_status":"","sticky":false,"template":"","format":"standard","meta":{"footnotes":""},"categories":[131],"tags":[35,155,137,33,173,31,30,3674,14442,1616,172,979,32,140,109],"class_list":{"0":"post-125455","1":"post","2":"type-post","3":"status-publish","4":"format-standard","5":"has-post-thumbnail","7":"category-elokuvat","8":"tag-24h","9":"tag-elokuvat","10":"tag-entertainment","11":"tag-fi","12":"tag-film","13":"tag-finland","14":"tag-finnish","15":"tag-juhla-ja-vapaapaivat","16":"tag-kansalliset-ja-kansainvaliset-juhlapaivat","17":"tag-media-viestinta","18":"tag-movies","19":"tag-sahkoinen-media","20":"tag-suomi","21":"tag-tv-ja-elokuvat","22":"tag-viihde"},"share_on_mastodon":{"url":"https:\/\/pubeurope.com\/@fi\/115779746279420782","error":""},"_links":{"self":[{"href":"https:\/\/www.europesays.com\/fi\/wp-json\/wp\/v2\/posts\/125455","targetHints":{"allow":["GET"]}}],"collection":[{"href":"https:\/\/www.europesays.com\/fi\/wp-json\/wp\/v2\/posts"}],"about":[{"href":"https:\/\/www.europesays.com\/fi\/wp-json\/wp\/v2\/types\/post"}],"author":[{"embeddable":true,"href":"https:\/\/www.europesays.com\/fi\/wp-json\/wp\/v2\/users\/2"}],"replies":[{"embeddable":true,"href":"https:\/\/www.europesays.com\/fi\/wp-json\/wp\/v2\/comments?post=125455"}],"version-history":[{"count":0,"href":"https:\/\/www.europesays.com\/fi\/wp-json\/wp\/v2\/posts\/125455\/revisions"}],"wp:featuredmedia":[{"embeddable":true,"href":"https:\/\/www.europesays.com\/fi\/wp-json\/wp\/v2\/media\/125456"}],"wp:attachment":[{"href":"https:\/\/www.europesays.com\/fi\/wp-json\/wp\/v2\/media?parent=125455"}],"wp:term":[{"taxonomy":"category","embeddable":true,"href":"https:\/\/www.europesays.com\/fi\/wp-json\/wp\/v2\/categories?post=125455"},{"taxonomy":"post_tag","embeddable":true,"href":"https:\/\/www.europesays.com\/fi\/wp-json\/wp\/v2\/tags?post=125455"}],"curies":[{"name":"wp","href":"https:\/\/api.w.org\/{rel}","templated":true}]}}