{"id":125465,"date":"2025-12-25T10:38:11","date_gmt":"2025-12-25T10:38:11","guid":{"rendered":"https:\/\/www.europesays.com\/fi\/125465\/"},"modified":"2025-12-25T10:38:11","modified_gmt":"2025-12-25T10:38:11","slug":"keusote-yksikoille-lisaa-kansallisia-laaduntunnustuksia-paikalliset","status":"publish","type":"post","link":"https:\/\/www.europesays.com\/fi\/125465\/","title":{"rendered":"Keusote | Yksik\u00f6ille lis\u00e4\u00e4 kansallisia laaduntunnustuksia | Paikalliset"},"content":{"rendered":"<p>Keski-Uudenmaan hyvinvointialueen (Keusote) toimipisteille ja toiminnoille on my\u00f6nnetty uusia SHQS-laaduntunnustuksia, jotka osoittavat, ett\u00e4 alueen palvelut t\u00e4ytt\u00e4v\u00e4t sosiaali- ja terveydenhuollon laatuvaatimukset ja perustuvat tutkittuun tietoon. Luovutustilaisuus j\u00e4rjestettiin 16. joulukuuta J\u00e4rvenp\u00e4\u00e4ss\u00e4, ja tunnustukset my\u00f6nsi Aurevia Oy (entinen Labquality).<\/p>\n<p><strong class=\"diks-storyline__impact\">Laaduntunnustus perustuu<\/strong> kansalliseen SHQS-standardiin (Social and Health Quality Standard), joka pohjautuu lains\u00e4\u00e4d\u00e4nt\u00f6\u00f6n, viranomaisvaatimuksiin ja hyviin hoitok\u00e4yt\u00e4nt\u00f6ihin. Ulkoiset auditoinnit toteutti Aurevia Oy, ja tunnustukset vahvistettiin SHQS-laatuneuvoston toimesta.<\/p>\n<p>\u2013 Laatu, vastuullisuus ja vaikuttavuus eiv\u00e4t synny sattumalta, vaan rakentuvat jatkuvasta parantamisesta ja tietoon perustuvista p\u00e4\u00e4t\u00f6ksist\u00e4. Mittaamalla ja arvioimalla opimme, mihin kannattaa panostaa, jotta voimme tuottaa eniten hyv\u00e4\u00e4 asukkaidemme arkeen, totesi Keusoten johtajaylil\u00e4\u00e4k\u00e4ri ja tutkimus- ja kehitt\u00e4misjohtaja <strong>Pirjo Laitinen-Parkkonen<\/strong> tilaisuudessa.<\/p>\n<p><strong class=\"diks-storyline__impact\">Keusoten 75<\/strong> toimipisteelle ja toiminnoille on nyt my\u00f6nnetty laaduntunnustus. Aurevia Oy:n palvelujohtaja <strong>Nina Heinola<\/strong> kiitti juhlapuheessaan Keusoten pitk\u00e4j\u00e4nteist\u00e4 ty\u00f6t\u00e4 ja korosti auditoinnissa esiin nousseita vahvuuksia: asiakaskeskeisyytt\u00e4, systemaattista tietojohtamista ja jatkuvan parantamisen k\u00e4yt\u00e4nt\u00f6j\u00e4.<\/p>\n<p>\u2013 Erityisen vaikuttavaa on, ett\u00e4 organisaatio on pystynyt edist\u00e4m\u00e4\u00e4n laatuty\u00f6t\u00e4 suunnitelmallisesti my\u00f6s muutostilanteissa, Heinola totesi.<\/p>\n<p class=\"diks-title diks-article-box__title\">Laaduntunnustuksen saaneet toiminnot\/yksik\u00f6t:<\/p>\n<p>Hyvinvointialueen johto, Strateginen kehitt\u00e4minen ja tukipalvelut, hankkeet<\/p>\n<p>Henkil\u00f6st\u00f6palvelut<\/p>\n<p>ICT-palvelut<\/p>\n<p>Kehitt\u00e4minen ja tiedolla johtaminen<\/p>\n<p>Talouspalvelut<\/p>\n<p>Viestint\u00e4palvelut<\/p>\n<p>Hyvinvointi, terveys ja asiakkuudet<\/p>\n<p>Hyvinvoinnin ja terveyden edist\u00e4minen, osallisuus<\/p>\n<p>Valmius ja varautuminen<\/p>\n<p>Ik\u00e4ihmiset ja vammaiset, kotona asumista tulevat palvelut<\/p>\n<p>Geriatrinen keskus<\/p>\n<p>Kotihoidon et\u00e4hoiva<\/p>\n<p>Kotihoito, s\u00e4\u00e4nn\u00f6llinen kotihoito<\/p>\n<p>Resurssien hallinta<\/p>\n<p>Terveyspalvelut ja sairaanhoito, kliiniset tukipalvelut<\/p>\n<p>Farmasian asiantuntijapalvelut<\/p>\n<p>Hoitotarvikejakelu<\/p>\n<p>Infektio- ja tartuntatautiyksikk\u00f6<\/p>\n<p>V\u00e4linehuolto<\/p>\n<p>Sairaalapalvelut<\/p>\n<p>Keusoten kuntoutuskeskus<\/p>\n<p>Kuntoutuspalvelut<\/p>\n<p>Aikuisten avokuntoutus: fysioterapia, toimintaterapia<\/p>\n<p>ja puheterapia<\/p>\n<p>Apuv\u00e4linepalvelut<\/p>\n<p>Kehitysvammavastaanotto<\/p>\n<p>Lasten ja nuorten avokuntoutus: fysioterapia, toimintaterapia<\/p>\n<p>ja puheterapia<\/p>\n<p>Perhekeskuspalvelut<\/p>\n<p>Ammatillinen tukihenkil\u00f6ty\u00f6<\/p>\n<p>Lapsiperheiden kotipalvelu<\/p>\n<p>Neuvolapalvelut<\/p>\n<p>Nuorisoasema<\/p>\n<p>Opiskeluhuollon psykologi- ja kuraattoripalvelut<\/p>\n<p>Perheoikeudellinen yksikk\u00f6 <\/p>\n<p>Perhety\u00f6<\/p>\n<p>Perhesosiaality\u00f6 <\/p>\n<p>Perheneuvola<\/p>\n","protected":false},"excerpt":{"rendered":"Keski-Uudenmaan hyvinvointialueen (Keusote) toimipisteille ja toiminnoille on my\u00f6nnetty uusia SHQS-laaduntunnustuksia, jotka osoittavat, ett\u00e4 alueen palvelut t\u00e4ytt\u00e4v\u00e4t sosiaali- ja&hellip;\n","protected":false},"author":2,"featured_media":125466,"comment_status":"","ping_status":"","sticky":false,"template":"","format":"standard","meta":{"footnotes":""},"categories":[12],"tags":[22,23,26,27,33,31,30,17,24,25,28,29,15,18,21,1300,32,502,679,4855,167,19,20,16],"class_list":{"0":"post-125465","1":"post","2":"type-post","3":"status-publish","4":"format-standard","5":"has-post-thumbnail","7":"category-suomi","8":"tag-breaking-news","9":"tag-breakingnews","10":"tag-featured-news","11":"tag-featurednews","12":"tag-fi","13":"tag-finland","14":"tag-finnish","15":"tag-headlines","16":"tag-latest-news","17":"tag-latestnews","18":"tag-main-news","19":"tag-mainnews","20":"tag-news","21":"tag-otsikot","22":"tag-paauutiset","23":"tag-sosiaalipalvelut","24":"tag-suomi","25":"tag-terveydenhoito","26":"tag-terveydenhuollon-toimintalaitokset","27":"tag-terveydenhuolto-ja-sosiaalipalvelut","28":"tag-terveys","29":"tag-top-stories","30":"tag-topstories","31":"tag-uutiset"},"share_on_mastodon":{"url":"https:\/\/pubeurope.com\/@fi\/115779777556982645","error":""},"_links":{"self":[{"href":"https:\/\/www.europesays.com\/fi\/wp-json\/wp\/v2\/posts\/125465","targetHints":{"allow":["GET"]}}],"collection":[{"href":"https:\/\/www.europesays.com\/fi\/wp-json\/wp\/v2\/posts"}],"about":[{"href":"https:\/\/www.europesays.com\/fi\/wp-json\/wp\/v2\/types\/post"}],"author":[{"embeddable":true,"href":"https:\/\/www.europesays.com\/fi\/wp-json\/wp\/v2\/users\/2"}],"replies":[{"embeddable":true,"href":"https:\/\/www.europesays.com\/fi\/wp-json\/wp\/v2\/comments?post=125465"}],"version-history":[{"count":0,"href":"https:\/\/www.europesays.com\/fi\/wp-json\/wp\/v2\/posts\/125465\/revisions"}],"wp:featuredmedia":[{"embeddable":true,"href":"https:\/\/www.europesays.com\/fi\/wp-json\/wp\/v2\/media\/125466"}],"wp:attachment":[{"href":"https:\/\/www.europesays.com\/fi\/wp-json\/wp\/v2\/media?parent=125465"}],"wp:term":[{"taxonomy":"category","embeddable":true,"href":"https:\/\/www.europesays.com\/fi\/wp-json\/wp\/v2\/categories?post=125465"},{"taxonomy":"post_tag","embeddable":true,"href":"https:\/\/www.europesays.com\/fi\/wp-json\/wp\/v2\/tags?post=125465"}],"curies":[{"name":"wp","href":"https:\/\/api.w.org\/{rel}","templated":true}]}}