{"id":125467,"date":"2025-12-25T10:39:10","date_gmt":"2025-12-25T10:39:10","guid":{"rendered":"https:\/\/www.europesays.com\/fi\/125467\/"},"modified":"2025-12-25T10:39:10","modified_gmt":"2025-12-25T10:39:10","slug":"torkea-rattijuopumus-johti-rajuun-kolariin-ja-laajaan-sahkokatkoon-jouluyona-tampereella","status":"publish","type":"post","link":"https:\/\/www.europesays.com\/fi\/125467\/","title":{"rendered":"T\u00f6rke\u00e4 rattijuopumus johti rajuun kolariin ja laajaan s\u00e4hk\u00f6katkoon jouluy\u00f6n\u00e4 Tampereella"},"content":{"rendered":"<p>Kuljettajaa ep\u00e4ill\u00e4\u00e4n t\u00f6rke\u00e4st\u00e4 rattijuopumuksesta ja t\u00f6rke\u00e4st\u00e4 liikenneturvallisuuden vaarantamisesta.<\/p>\n<p class=\"article-body mb-nof-24 px-nof-16\">Aamulehti<\/p>\n<p class=\"article-body mb-nof-24 px-nof-16\">Autoilija t\u00f6rm\u00e4si jouluaaton ja joulup\u00e4iv\u00e4n v\u00e4lisen\u00e4 y\u00f6n\u00e4 s\u00e4hk\u00f6muuntajaan Takahuhdintiell\u00e4 Tampereella. T\u00e4st\u00e4 aiheutui alueelle s\u00e4hk\u00f6katko.<\/p>\n<p class=\"article-body mb-nof-24 px-nof-16\">Poliisi tavoitti paikalta kuljettajan, joka oli ajanut Takahuhdintiet\u00e4 kohti Kissanmaankatua.<\/p>\n","protected":false},"excerpt":{"rendered":"Kuljettajaa ep\u00e4ill\u00e4\u00e4n t\u00f6rke\u00e4st\u00e4 rattijuopumuksesta ja t\u00f6rke\u00e4st\u00e4 liikenneturvallisuuden vaarantamisesta. Aamulehti Autoilija t\u00f6rm\u00e4si jouluaaton ja joulup\u00e4iv\u00e4n v\u00e4lisen\u00e4 y\u00f6n\u00e4 s\u00e4hk\u00f6muuntajaan Takahuhdintiell\u00e4&hellip;\n","protected":false},"author":2,"featured_media":125468,"comment_status":"","ping_status":"","sticky":false,"template":"","format":"standard","meta":{"footnotes":""},"categories":[5],"tags":[157,22,23,26,27,33,31,30,17,24,25,28,29,15,18,21,32,19,20,16],"class_list":{"0":"post-125467","1":"post","2":"type-post","3":"status-publish","4":"format-standard","5":"has-post-thumbnail","7":"category-otsikot","8":"tag-aamulehti","9":"tag-breaking-news","10":"tag-breakingnews","11":"tag-featured-news","12":"tag-featurednews","13":"tag-fi","14":"tag-finland","15":"tag-finnish","16":"tag-headlines","17":"tag-latest-news","18":"tag-latestnews","19":"tag-main-news","20":"tag-mainnews","21":"tag-news","22":"tag-otsikot","23":"tag-paauutiset","24":"tag-suomi","25":"tag-top-stories","26":"tag-topstories","27":"tag-uutiset"},"share_on_mastodon":{"url":"https:\/\/pubeurope.com\/@fi\/115779781458225690","error":""},"_links":{"self":[{"href":"https:\/\/www.europesays.com\/fi\/wp-json\/wp\/v2\/posts\/125467","targetHints":{"allow":["GET"]}}],"collection":[{"href":"https:\/\/www.europesays.com\/fi\/wp-json\/wp\/v2\/posts"}],"about":[{"href":"https:\/\/www.europesays.com\/fi\/wp-json\/wp\/v2\/types\/post"}],"author":[{"embeddable":true,"href":"https:\/\/www.europesays.com\/fi\/wp-json\/wp\/v2\/users\/2"}],"replies":[{"embeddable":true,"href":"https:\/\/www.europesays.com\/fi\/wp-json\/wp\/v2\/comments?post=125467"}],"version-history":[{"count":0,"href":"https:\/\/www.europesays.com\/fi\/wp-json\/wp\/v2\/posts\/125467\/revisions"}],"wp:featuredmedia":[{"embeddable":true,"href":"https:\/\/www.europesays.com\/fi\/wp-json\/wp\/v2\/media\/125468"}],"wp:attachment":[{"href":"https:\/\/www.europesays.com\/fi\/wp-json\/wp\/v2\/media?parent=125467"}],"wp:term":[{"taxonomy":"category","embeddable":true,"href":"https:\/\/www.europesays.com\/fi\/wp-json\/wp\/v2\/categories?post=125467"},{"taxonomy":"post_tag","embeddable":true,"href":"https:\/\/www.europesays.com\/fi\/wp-json\/wp\/v2\/tags?post=125467"}],"curies":[{"name":"wp","href":"https:\/\/api.w.org\/{rel}","templated":true}]}}